{"id":381,"date":"2023-05-20T22:05:04","date_gmt":"2023-05-20T22:05:04","guid":{"rendered":"https:\/\/dlf.uzh.ch\/sites\/uzhispanistik\/?p=381"},"modified":"2023-10-02T16:31:30","modified_gmt":"2023-10-02T16:31:30","slug":"migratory-identity","status":"publish","type":"post","link":"https:\/\/dlf.uzh.ch\/sites\/uzhispanistik\/migratory-identity\/","title":{"rendered":"Identidad migratoria"},"content":{"rendered":"\n<p>Presentaci\u00f3n de la serie documental<a rel=\"noreferrer noopener\" href=\"https:\/\/www.youtube.com\/@migratoryidentity\" target=\"_blank\"><strong>&nbsp;<em>\u201cMigratory Identity\u201d<\/em><\/strong><\/a>, con la participaci\u00f3n de las realizadoras y los protagonistas.<\/p>\n\n\n\n<p><strong>Descripci\u00f3n<\/strong><\/p>\n\n\n\n<p>Nuestro sentido de la\u00a0identidad\u00a0no es r\u00edgido, sino que crece con nuestras experiencias socioculturales. Especialmente quienes migran experimentan intensamente este fen\u00f3meno, pues, entre la adaptaci\u00f3n al extranjero y la preservaci\u00f3n de los h\u00e1bitos familiares, toma forma gradualmente un nuevo yo con m\u00faltiples capas. Tres migrantes de Am\u00e9rica Latina nos revelan sus historias migratorias individuales y c\u00f3mo estas han impactado su autodefinici\u00f3n e identidad. Una serie de Anja Klose, Larissa Klose y Damaris Sulser.<\/p>\n\n\n\n<figure class=\"wp-block-image size-large\"><img loading=\"lazy\" decoding=\"async\" width=\"590\" height=\"1024\" src=\"https:\/\/dlf.uzh.ch\/sites\/uzhispanistik\/files\/2023\/05\/Migratory-Identity-1-590x1024.png\" alt=\"\" class=\"wp-image-382\" srcset=\"https:\/\/dlf.uzh.ch\/sites\/uzhispanistik\/files\/2023\/05\/Migratory-Identity-1-590x1024.png 590w, https:\/\/dlf.uzh.ch\/sites\/uzhispanistik\/files\/2023\/05\/Migratory-Identity-1-173x300.png 173w, https:\/\/dlf.uzh.ch\/sites\/uzhispanistik\/files\/2023\/05\/Migratory-Identity-1.png 717w\" sizes=\"auto, (max-width: 590px) 100vw, 590px\" \/><\/figure>\n","protected":false},"excerpt":{"rendered":"<p>Presentaci\u00f3n de la serie documental&nbsp;\u201cMigratory Identity\u201d, con la participaci\u00f3n de las realizadoras y los protagonistas. Descripci\u00f3n Nuestro sentido de la\u00a0identidad\u00a0no es r\u00edgido, sino que crece&hellip;<\/p>\n","protected":false},"author":697,"featured_media":0,"comment_status":"open","ping_status":"open","sticky":false,"template":"","format":"standard","meta":{"footnotes":""},"categories":[13],"tags":[],"class_list":["post-381","post","type-post","status-publish","format-standard","hentry","category-eventos"],"_links":{"self":[{"href":"https:\/\/dlf.uzh.ch\/sites\/uzhispanistik\/wp-json\/wp\/v2\/posts\/381","targetHints":{"allow":["GET"]}}],"collection":[{"href":"https:\/\/dlf.uzh.ch\/sites\/uzhispanistik\/wp-json\/wp\/v2\/posts"}],"about":[{"href":"https:\/\/dlf.uzh.ch\/sites\/uzhispanistik\/wp-json\/wp\/v2\/types\/post"}],"author":[{"embeddable":true,"href":"https:\/\/dlf.uzh.ch\/sites\/uzhispanistik\/wp-json\/wp\/v2\/users\/697"}],"replies":[{"embeddable":true,"href":"https:\/\/dlf.uzh.ch\/sites\/uzhispanistik\/wp-json\/wp\/v2\/comments?post=381"}],"version-history":[{"count":4,"href":"https:\/\/dlf.uzh.ch\/sites\/uzhispanistik\/wp-json\/wp\/v2\/posts\/381\/revisions"}],"predecessor-version":[{"id":904,"href":"https:\/\/dlf.uzh.ch\/sites\/uzhispanistik\/wp-json\/wp\/v2\/posts\/381\/revisions\/904"}],"wp:attachment":[{"href":"https:\/\/dlf.uzh.ch\/sites\/uzhispanistik\/wp-json\/wp\/v2\/media?parent=381"}],"wp:term":[{"taxonomy":"category","embeddable":true,"href":"https:\/\/dlf.uzh.ch\/sites\/uzhispanistik\/wp-json\/wp\/v2\/categories?post=381"},{"taxonomy":"post_tag","embeddable":true,"href":"https:\/\/dlf.uzh.ch\/sites\/uzhispanistik\/wp-json\/wp\/v2\/tags?post=381"}],"curies":[{"name":"wp","href":"https:\/\/api.w.org\/{rel}","templated":true}]}}