{"id":1,"date":"2021-09-20T19:19:48","date_gmt":"2021-09-20T19:19:48","guid":{"rendered":"https:\/\/dlf.uzh.ch\/sites\/tristestropicos\/?p=1"},"modified":"2021-09-21T08:22:31","modified_gmt":"2021-09-21T08:22:31","slug":"hello-world","status":"publish","type":"post","link":"https:\/\/dlf.uzh.ch\/sites\/tristestropicos\/2021\/09\/20\/hello-world\/","title":{"rendered":"Sejam bem-vindos!"},"content":{"rendered":"\n<figure class=\"wp-block-image size-large\"><img loading=\"lazy\" decoding=\"async\" width=\"688\" height=\"1024\" src=\"https:\/\/dlf.uzh.ch\/sites\/tristestropicos\/files\/2021\/09\/cropped-Tristestropicos8_page-0001-688x1024.jpg\" alt=\"\" class=\"wp-image-28\" srcset=\"https:\/\/dlf.uzh.ch\/sites\/tristestropicos\/files\/2021\/09\/cropped-Tristestropicos8_page-0001-688x1024.jpg 688w, https:\/\/dlf.uzh.ch\/sites\/tristestropicos\/files\/2021\/09\/cropped-Tristestropicos8_page-0001-202x300.jpg 202w, https:\/\/dlf.uzh.ch\/sites\/tristestropicos\/files\/2021\/09\/cropped-Tristestropicos8_page-0001-768x1143.jpg 768w, https:\/\/dlf.uzh.ch\/sites\/tristestropicos\/files\/2021\/09\/cropped-Tristestropicos8_page-0001-620x923.jpg 620w, https:\/\/dlf.uzh.ch\/sites\/tristestropicos\/files\/2021\/09\/cropped-Tristestropicos8_page-0001.jpg 1012w\" sizes=\"auto, (max-width: 688px) 100vw, 688px\" \/><figcaption>Fotografado por Claude L\u00e9vi-Strauss.<\/figcaption><\/figure>\n\n\n\n<p>Esse blog vai acompanhar o semin\u00e1rio <em>Tristes Tr\u00f3picos: Claude L\u00e9vi-Strauss e a interpreta\u00e7\u00e3o liter\u00e1ria<\/em> de Prof. Dr. Eduardo Jorge de Oliveira. Ao longo do semestre ser\u00e3o apresentadas pequenas reflex\u00f5es em rela\u00e7\u00e3o aos fragmentos que v\u00e3o ser discutidos no semin\u00e1rio. N\u00e3o obstante, isso n\u00e3o deixa de ser uma maneira de incentivar a produ\u00e7\u00e3o de textos em portugu\u00eas pelos pr\u00f3prios participantes com a finalidade de inspirar novas trajet\u00f3rias de pesquisa. <\/p>\n\n\n\n<p>Desejamo-lhes uma boa leitura!<\/p>\n","protected":false},"excerpt":{"rendered":"<p>Esse blog vai acompanhar o semin\u00e1rio Tristes Tr\u00f3picos: Claude L\u00e9vi-Strauss e a interpreta\u00e7\u00e3o liter\u00e1ria de Prof. Dr. Eduardo Jorge de Oliveira. Ao longo do semestre ser\u00e3o apresentadas pequenas reflex\u00f5es em rela\u00e7\u00e3o aos fragmentos que v\u00e3o ser discutidos no semin\u00e1rio. N\u00e3o obstante, isso n\u00e3o deixa de ser uma maneira de incentivar a produ\u00e7\u00e3o de textos em [&hellip;]<\/p>\n","protected":false},"author":685,"featured_media":0,"comment_status":"open","ping_status":"open","sticky":false,"template":"","format":"standard","meta":{"footnotes":""},"categories":[1],"tags":[],"class_list":["post-1","post","type-post","status-publish","format-standard","hentry","category-postagens"],"_links":{"self":[{"href":"https:\/\/dlf.uzh.ch\/sites\/tristestropicos\/wp-json\/wp\/v2\/posts\/1","targetHints":{"allow":["GET"]}}],"collection":[{"href":"https:\/\/dlf.uzh.ch\/sites\/tristestropicos\/wp-json\/wp\/v2\/posts"}],"about":[{"href":"https:\/\/dlf.uzh.ch\/sites\/tristestropicos\/wp-json\/wp\/v2\/types\/post"}],"author":[{"embeddable":true,"href":"https:\/\/dlf.uzh.ch\/sites\/tristestropicos\/wp-json\/wp\/v2\/users\/685"}],"replies":[{"embeddable":true,"href":"https:\/\/dlf.uzh.ch\/sites\/tristestropicos\/wp-json\/wp\/v2\/comments?post=1"}],"version-history":[{"count":4,"href":"https:\/\/dlf.uzh.ch\/sites\/tristestropicos\/wp-json\/wp\/v2\/posts\/1\/revisions"}],"predecessor-version":[{"id":86,"href":"https:\/\/dlf.uzh.ch\/sites\/tristestropicos\/wp-json\/wp\/v2\/posts\/1\/revisions\/86"}],"wp:attachment":[{"href":"https:\/\/dlf.uzh.ch\/sites\/tristestropicos\/wp-json\/wp\/v2\/media?parent=1"}],"wp:term":[{"taxonomy":"category","embeddable":true,"href":"https:\/\/dlf.uzh.ch\/sites\/tristestropicos\/wp-json\/wp\/v2\/categories?post=1"},{"taxonomy":"post_tag","embeddable":true,"href":"https:\/\/dlf.uzh.ch\/sites\/tristestropicos\/wp-json\/wp\/v2\/tags?post=1"}],"curies":[{"name":"wp","href":"https:\/\/api.w.org\/{rel}","templated":true}]}}