{"id":366,"date":"2018-07-31T12:39:05","date_gmt":"2018-07-31T12:39:05","guid":{"rendered":"http:\/\/www.phil.uzh.ch\/elearning\/blog\/tourdesuisse\/?p=366"},"modified":"2018-07-31T12:44:14","modified_gmt":"2018-07-31T12:44:14","slug":"cabinet-darts-graphiques-musee-dart-et-dhistoire","status":"publish","type":"post","link":"https:\/\/dlf.uzh.ch\/sites\/tourdesuisse\/2018\/07\/31\/cabinet-darts-graphiques-musee-dart-et-dhistoire\/","title":{"rendered":"Cabinet d&#8217;Arts Graphiques, Gen\u00e8ve"},"content":{"rendered":"<p>Excursion du 06.03.2018<\/p>\n<p>Lors de notre visite du Cabinet d\u2019Arts Graphiques (CdAG) de Gen\u00e8ve et plus particuli\u00e8rement, de l\u2019exposition consacr\u00e9e \u00e0 Barth\u00e9l\u00e9my Menn, nous avons eu la chance d\u2019\u00eatre re\u00e7us par Caroline Guignard, assistante conservatrice du cabinet \u2013 avec la pr\u00e9sence de Maria Dolores Garcia, gestionnaire de collection \u2013 qui nous a propos\u00e9 un historique du CdAG et un expos\u00e9 de sa formation et de son travail au sein de l\u2019\u00e9tablissement.<\/p>\n<p>D\u00e9partement du Mus\u00e9e d\u2019art et d\u2019histoire (MAH) \u00e0 part enti\u00e8re, le Cabinet d\u2019Arts Graphiques est n\u00e9 en 2010 de la fusion du Cabinet des dessins et du Cabinet des estampes. Si les deux pratiques utilisent des techniques diff\u00e9rentes, elles ont en commun un m\u00eame support\u00a0: le papier. Avant de se r\u00e9unir sous une m\u00eame enseigne, les deux cabinets ont connu une histoire tr\u00e8s diff\u00e9rente l\u2019une de l\u2019autre. En effet, si le Cabinet des dessins a \u00e9t\u00e9 cr\u00e9\u00e9 en 1964, le cabinet des estampes a lui \u00e9t\u00e9 fond\u00e9 en 1886. Situ\u00e9e \u00e0 l\u2019origine au Mus\u00e9e des arts d\u00e9coratifs, la collection d\u2019estampes a \u00e9t\u00e9 int\u00e9gr\u00e9e au Mus\u00e9e d\u2019art et d\u2019histoire \u00e0 son inauguration en 1910 \u2013 ou plus pr\u00e9cis\u00e9ment \u00e0 la biblioth\u00e8que de ce m\u00eame mus\u00e9e, pour \u00eatre transf\u00e9r\u00e9e en 1952 dans un b\u00e2timent d\u2019habitation, ancien h\u00f4tel de surcro\u00eet, dans lequel nous avons \u00e9t\u00e9 re\u00e7us. La collection comprend des estampes issues de toutes les \u00e9coles europ\u00e9ennes, dont des grands noms v\u00e9nitiens du XVIII<sup>e<\/sup> et fran\u00e7ais du XIX<sup>e<\/sup> (contrairement \u00e0 la collection de dessins qui comprend des \u0153uvres plus \u00ab\u00a0locales\u00a0\u00bb \u00e0 l\u2019\u00e9chelle suisse, dont les carnets complets de Ferdinand Hodler et les histoires en image de Rodolf T\u00f6pffer). Dans le \u00ab\u00a0d\u00e9partement\u00a0\u00bb des estampes sont \u00e9galement conserv\u00e9es toutes sortes d\u2019\u0153uvres se rapportant \u00e0 l\u2019art multipli\u00e9, \u0153uvres reproduites en s\u00e9rie, comme des livres d\u2019artistes, des portfolios, des photographies, ainsi que quelques multiples en trois dimensions. Chaque type d\u2019\u0153uvre repr\u00e9sente un d\u00e9fi en soi, car il ne demandera pas les m\u00eames modes de traitement et de conservation qu\u2019un autre.<\/p>\n<p><img loading=\"lazy\" decoding=\"async\" class=\"alignnone size-medium wp-image-372\" src=\"http:\/\/www.phil.uzh.ch\/elearning\/blog\/tourdesuisse\/files\/2018\/07\/Photo-06.03.18-19-15-30-300x200.jpg\" alt=\"\" width=\"300\" height=\"200\" srcset=\"https:\/\/dlf.uzh.ch\/sites\/tourdesuisse\/files\/2018\/07\/Photo-06.03.18-19-15-30-300x200.jpg 300w, https:\/\/dlf.uzh.ch\/sites\/tourdesuisse\/files\/2018\/07\/Photo-06.03.18-19-15-30-768x511.jpg 768w, https:\/\/dlf.uzh.ch\/sites\/tourdesuisse\/files\/2018\/07\/Photo-06.03.18-19-15-30-1024x681.jpg 1024w, https:\/\/dlf.uzh.ch\/sites\/tourdesuisse\/files\/2018\/07\/Photo-06.03.18-19-15-30-210x140.jpg 210w\" sizes=\"auto, (max-width: 300px) 100vw, 300px\" \/><\/p>\n<p>&nbsp;<\/p>\n<p>Si le Cabinet des dessins conna\u00eet une existence plus courte, c\u2019est que les dessins ont longtemps \u00e9t\u00e9 conserv\u00e9s avec les peintures et sculptures, selon une tradition du Sud de l\u2019Europe. En effet, s\u2019il est typique de l\u2019espace germanique de conserver les estampes et dessins dans le m\u00eame espace (notamment dans des Graphische Sammlung, n\u00e9es au contact des biblioth\u00e8ques), il est plus typique au sud de l\u2019Europe de conserver les dessins avec la peinture. Gen\u00e8ve \u00e9tant culturellement plus proche de la France, il semble \u00e9vident que lors de sa cr\u00e9ation en 1964, la collection des dessins ait \u00e9t\u00e9 conserv\u00e9e dans le d\u00e9partement des peintures et sculptures.<\/p>\n<p>Le choix du nom de \u00ab\u00a0Cabinet d\u2019arts graphiques\u00a0\u00bb permet de mettre en \u00e9vidence la coh\u00e9rence d\u2019une telle r\u00e9union, ainsi que la pluralit\u00e9 de la collection\u00a0: il s\u2019agit alors d\u2019une r\u00e9union d\u2019\u00ab\u00a0\u0153uvres d\u2019art issues des techniques graphiques\u00a0\u00bb, terme qui r\u00e9unit estampes, dessins, carnets, livres d\u2019artistes ou encore affiches. L\u2019insistance sur le terme d\u2019\u00ab\u00a0\u0153uvre d\u2019art\u00a0\u00bb n\u2019est pas anodine\u00a0: en effet, les estampes \u00e0 vocation artistique sont conserv\u00e9es dans le Cabinet\u00a0; les estampes topographiques ou documentaires (statut d\u2019archive), dans le centre d\u2019iconographies genevoises. Ce type de r\u00e9flexion peut \u00e9galement survenir lorsqu\u2019il s\u2019agit de dessins\u00a0: s\u2019agit-il d\u2019un b\u00eate croquis, certes r\u00e9alis\u00e9 par un artiste connu, ou peut-il \u00eatre consid\u00e9r\u00e9 comme une \u0153uvre \u00e0 part enti\u00e8re et \u00eatre expos\u00e9\u00a0?<\/p>\n<p>Reste une diff\u00e9rence d\u2019\u00e9chelle entre les deux collections r\u00e9unies au CdAG\u00a0: si la collection d\u2019estampes atteint les 350&#8217;000 pi\u00e8ces, constituant un grand panorama historique du d\u00e9but de la gravure occidentale \u00e0 nos jours (avec un accent mis sur l\u2019apr\u00e8s-guerre, comme les Neue Wilde ou la Transavantgarde, et un grand fond de Georg Baselitz) la collection de dessins est plus maigre, et contient 25&#8217;000 pi\u00e8ces, soit moins du dixi\u00e8me de sa collection s\u0153ur. L\u2019essentiel des \u0153uvres ont \u00e9t\u00e9 acquises par dons ou legs, avec quelques achats, surtout dans la collection des estampes dans les ann\u00e9es 70.<\/p>\n<p><img loading=\"lazy\" decoding=\"async\" class=\"alignnone size-medium wp-image-368\" src=\"http:\/\/www.phil.uzh.ch\/elearning\/blog\/tourdesuisse\/files\/2018\/07\/Photo-06.03.18-20-39-01-1-300x200.jpg\" alt=\"\" width=\"300\" height=\"200\" srcset=\"https:\/\/dlf.uzh.ch\/sites\/tourdesuisse\/files\/2018\/07\/Photo-06.03.18-20-39-01-1-300x200.jpg 300w, https:\/\/dlf.uzh.ch\/sites\/tourdesuisse\/files\/2018\/07\/Photo-06.03.18-20-39-01-1-768x511.jpg 768w, https:\/\/dlf.uzh.ch\/sites\/tourdesuisse\/files\/2018\/07\/Photo-06.03.18-20-39-01-1-1024x681.jpg 1024w, https:\/\/dlf.uzh.ch\/sites\/tourdesuisse\/files\/2018\/07\/Photo-06.03.18-20-39-01-1-210x140.jpg 210w\" sizes=\"auto, (max-width: 300px) 100vw, 300px\" \/><\/p>\n<p>Le\u00a0Cabinet des arts graphiques organise bien \u00e9videmment plusieurs expositions dans l\u2019ann\u00e9e\u00a0: les expositions alternent selon les \u00e9poques, les supports (dessins, estampes, pastels) et sont r\u00e9gies par les ann\u00e9es anniversaires (comme l\u2019exposition des dessins de Barth\u00e9l\u00e9my Menn dans le cadre de l\u2019ann\u00e9e Ferdinand Hodler) ou par les opportunit\u00e9s li\u00e9es aux collections. Dans les cas o\u00f9 les \u0153uvres collectionn\u00e9es ne correspondent pas aux domaines de sp\u00e9cialisation des conservateurs du mus\u00e9e, il est commun de faire appel \u00e0 des collaborateurs scientifiques ext\u00e9rieurs, qui se chargeront de l\u2019apport scientifique et du choix des \u0153uvres. Par exemple, dans la collection du Cabinet d\u2019arts graphiques figurent un grand nombre de miniatures persanes ou de <em>surimono<\/em>, dont une exposition n\u00e9cessiterait l\u2019expertise d\u2019un collaborateur scientifique ext\u00e9rieur (ou d\u2019une universit\u00e9 \u00e9trang\u00e8re dans le cas des<em> surimono<\/em>), aucun des employ\u00e9s du Cabinet n\u2019\u00e9tant sp\u00e9cialis\u00e9 dans ce type d\u2019\u0153uvres. Proposer des expositions li\u00e9es aux fonds du cabinet d\u2019arts graphiques est \u00e9galement une question d\u2019\u00e9conomie, les emprunts dans des mus\u00e9es ext\u00e9rieurs \u00e9tant souvent des op\u00e9rations co\u00fbteuses. Ce type de restrictions budg\u00e9taires (n\u2019\u00e9tant pas confin\u00e9es \u00e0 Gen\u00e8ve) a induit un changement de paradigme dans l\u2019univers mus\u00e9al. En effet, l\u2019accent est mis sur la m\u00e9diation culturelle (notamment dans des projets de vulgarisation, comme l\u2019organisation d\u2019<em>afterworks<\/em> ou de visite des coulisses au MAH), la communication ou encore sur la mise en ligne des collections (inventaire des pi\u00e8ces et publication sur internet)\u00a0: le mus\u00e9e devient plus un lieu de vie, de rencontre qu\u2019un lieu de recherche fondamentale et scientifique, ce qui entra\u00eene notamment une baisse de publications de catalogues (la revue Genava est \u00e0 pr\u00e9sent publi\u00e9e uniquement sur internet<a href=\"#_ftn1\" name=\"_ftnref1\">[1]<\/a>).<\/p>\n<p>Lorsqu\u2019il s\u2019est ensuite agi de parler du parcours de Caroline Guignard, nous avons appris qu\u2019elle \u00e9tait venue \u00e0 travailler dans des collections d\u2019arts visuels par le biais de l\u2019inventaire et de la documentation scientifique. Apr\u00e8s avoir obtenu une licence en Lettres \u00e0 l\u2019Universit\u00e9 de Lausanne avec histoire de l\u2019art en branche secondaire, elle a pass\u00e9 un dipl\u00f4me en gestion de l\u2019information documentaire. Ce dernier lui aura permis d\u2019avoir une approche toujours tr\u00e8s concr\u00e8te des collections, notamment dans ses premiers mandats \u00e0 la biblioth\u00e8que de Gen\u00e8ve au d\u00e9partement iconographique, puis dans diff\u00e9rents fonds d\u2019art contemporain pour l\u2019inventaire, la description et la gestion des pi\u00e8ces. C\u2019est en 2004 qu\u2019elle est entr\u00e9e en fonction au cabinet des dessins comme collaboratrice scientifique.<\/p>\n<p><img loading=\"lazy\" decoding=\"async\" class=\"alignnone size-medium wp-image-375\" src=\"http:\/\/www.phil.uzh.ch\/elearning\/blog\/tourdesuisse\/files\/2018\/07\/Photo-06.03.18-19-22-40-300x200.jpg\" alt=\"\" width=\"300\" height=\"200\" srcset=\"https:\/\/dlf.uzh.ch\/sites\/tourdesuisse\/files\/2018\/07\/Photo-06.03.18-19-22-40-300x200.jpg 300w, https:\/\/dlf.uzh.ch\/sites\/tourdesuisse\/files\/2018\/07\/Photo-06.03.18-19-22-40-768x511.jpg 768w, https:\/\/dlf.uzh.ch\/sites\/tourdesuisse\/files\/2018\/07\/Photo-06.03.18-19-22-40-1024x681.jpg 1024w, https:\/\/dlf.uzh.ch\/sites\/tourdesuisse\/files\/2018\/07\/Photo-06.03.18-19-22-40-210x140.jpg 210w\" sizes=\"auto, (max-width: 300px) 100vw, 300px\" \/><\/p>\n<p>Lorsque nous avons demand\u00e9 \u00e0 Caroline Guignard de nommer les qualit\u00e9s les plus importantes pour travailler dans un mus\u00e9e, elle nous a r\u00e9pondu sans h\u00e9siter que son m\u00e9tier n\u00e9cessitait \u00ab\u00a0curiosit\u00e9\u00a0\u00bb, \u00ab\u00a0organisation\u00a0\u00bb et \u00ab\u00a0ouverture au num\u00e9rique\u00a0\u00bb. Si le m\u00e9tier donne l\u2019opportunit\u00e9 d\u2019organiser des expositions, de faire des recherches, de g\u00e9rer les pr\u00eats \u00e0 d\u2019autres mus\u00e9es ou encore de produire des catalogues raisonn\u00e9s, elle pr\u00e9cise l\u2019importance des qualit\u00e9s de polyvalence et d\u2019organisation. Il est selon elle fondamental de ne pas h\u00e9siter \u00e0 \u00ab\u00a0<em>mettre la main \u00e0 la p\u00e2te\u00a0<\/em>\u00bb et \u00e0 s\u2019investir plus profond\u00e9ment dans les collections. \u00ab\u00a0<em>Je pense qu\u2019on ne conna\u00eet jamais aussi bien une collection que quand on l\u2019a pratiqu\u00e9e, rang\u00e9e, organis\u00e9e, touch\u00e9e<\/em>\u00a0\u00bb, nous dit-elle. Plus encore que le savoir livresque ou scientifique, il faut savoir se cr\u00e9er des comp\u00e9tences pratiques et revenir \u00e0 l\u2019objet\u00a0: il est selon elle obligatoire de s\u2019int\u00e9resser \u00e0 la mat\u00e9rialit\u00e9 de l\u2019\u0153uvre. Plusieurs collaborateurs du Cabinet d\u2019arts graphiques ont d\u2019ailleurs commenc\u00e9 leur carri\u00e8re au cabinet en tant que stagiaires, notamment dans un stage organis\u00e9 dans le cadre du Master en \u00e9tudes mus\u00e9ales de l\u2019Universit\u00e9 de Neuch\u00e2tel dans les cas de Maria-Dolores Garcia-Aznar (gestionnaire de collection, charg\u00e9e du d\u00e9p\u00f4t et de l\u2019inventaire) et Claudia Gaggetta Dalaimo (attach\u00e9e de recherche). Chacune d\u2019elles, par le biais de son stage, a pu compl\u00e9ter son bagage th\u00e9orique en histoire de l\u2019art avec une approche pratique, fondamentale de l\u2019avis g\u00e9n\u00e9ral.<\/p>\n<p>Nous nous serons quitt\u00e9s sur une question, rest\u00e9e ouverte\u00a0: un Master en \u00e9tudes mus\u00e9ales, bien qu\u2019il ouvre des portes dans le domaine et donne des connaissances pr\u00e9cieuses en mati\u00e8re de mus\u00e9es, est-il encore d\u2019actualit\u00e9 dans un monde qui s\u2019oriente de plus en plus vers le num\u00e9rique, les collections n\u00e9cessitant d\u2019\u00eatre inventori\u00e9es et num\u00e9ris\u00e9es afin d\u2019\u00eatre mises \u00e0 disposition des chercheurs\u00a0? Si le mus\u00e9e \u00e9volue, dans ce contexte de mutation notamment li\u00e9 aux exigences du public et au budget des institutions, quel serait alors le profil n\u00e9cessaire pour travailler dans un mus\u00e9e ? Il serait peut-\u00eatre temps d\u2019envisager une formation en m\u00e9diation (ou d\u2019attendre peut-\u00eatre une nouvelle formation en num\u00e9rique pour les sciences humaines), peut-\u00eatre plus adapt\u00e9e aux exigences actuelles du \u00ab\u00a0terrain\u00a0\u00bb.<\/p>\n<p>Auteure: Audrey Mabillard<\/p>\n<p><a href=\"#_ftnref1\" name=\"_ftn1\">[1]<\/a> Voir <a href=\"http:\/\/institutions.ville-geneve.ch\/fr\/mah\/collections-publications\/publications\/genava\/\">http:\/\/institutions.ville-geneve.ch\/fr\/mah\/collections-publications\/publications\/genava\/<\/a>.<\/p>\n","protected":false},"excerpt":{"rendered":"<p>Excursion du 06.03.2018 Lors de notre visite du Cabinet d\u2019Arts Graphiques (CdAG) de Gen\u00e8ve et plus particuli\u00e8rement, de l\u2019exposition consacr\u00e9e \u00e0 Barth\u00e9l\u00e9my Menn, nous avons eu la chance d\u2019\u00eatre re\u00e7us par Caroline Guignard, assistante conservatrice du cabinet \u2013 avec la pr\u00e9sence de Maria Dolores Garcia, gestionnaire de collection \u2013 qui nous a propos\u00e9 un historique&hellip;&nbsp;<\/p>\n","protected":false},"author":280,"featured_media":372,"comment_status":"open","ping_status":"closed","sticky":false,"template":"","format":"standard","meta":{"neve_meta_sidebar":"","neve_meta_container":"","neve_meta_enable_content_width":"","neve_meta_content_width":0,"neve_meta_title_alignment":"","neve_meta_author_avatar":"","neve_post_elements_order":"","neve_meta_disable_header":"","neve_meta_disable_footer":"","neve_meta_disable_title":"","footnotes":""},"categories":[11],"tags":[],"class_list":["post-366","post","type-post","status-publish","format-standard","has-post-thumbnail","hentry","category-fs18"],"_links":{"self":[{"href":"https:\/\/dlf.uzh.ch\/sites\/tourdesuisse\/wp-json\/wp\/v2\/posts\/366","targetHints":{"allow":["GET"]}}],"collection":[{"href":"https:\/\/dlf.uzh.ch\/sites\/tourdesuisse\/wp-json\/wp\/v2\/posts"}],"about":[{"href":"https:\/\/dlf.uzh.ch\/sites\/tourdesuisse\/wp-json\/wp\/v2\/types\/post"}],"author":[{"embeddable":true,"href":"https:\/\/dlf.uzh.ch\/sites\/tourdesuisse\/wp-json\/wp\/v2\/users\/280"}],"replies":[{"embeddable":true,"href":"https:\/\/dlf.uzh.ch\/sites\/tourdesuisse\/wp-json\/wp\/v2\/comments?post=366"}],"version-history":[{"count":2,"href":"https:\/\/dlf.uzh.ch\/sites\/tourdesuisse\/wp-json\/wp\/v2\/posts\/366\/revisions"}],"predecessor-version":[{"id":381,"href":"https:\/\/dlf.uzh.ch\/sites\/tourdesuisse\/wp-json\/wp\/v2\/posts\/366\/revisions\/381"}],"wp:featuredmedia":[{"embeddable":true,"href":"https:\/\/dlf.uzh.ch\/sites\/tourdesuisse\/wp-json\/wp\/v2\/media\/372"}],"wp:attachment":[{"href":"https:\/\/dlf.uzh.ch\/sites\/tourdesuisse\/wp-json\/wp\/v2\/media?parent=366"}],"wp:term":[{"taxonomy":"category","embeddable":true,"href":"https:\/\/dlf.uzh.ch\/sites\/tourdesuisse\/wp-json\/wp\/v2\/categories?post=366"},{"taxonomy":"post_tag","embeddable":true,"href":"https:\/\/dlf.uzh.ch\/sites\/tourdesuisse\/wp-json\/wp\/v2\/tags?post=366"}],"curies":[{"name":"wp","href":"https:\/\/api.w.org\/{rel}","templated":true}]}}