{"id":327,"date":"2018-06-13T13:17:31","date_gmt":"2018-06-13T13:17:31","guid":{"rendered":"http:\/\/www.phil.uzh.ch\/elearning\/blog\/tourdesuisse\/?p=327"},"modified":"2018-08-28T10:35:44","modified_gmt":"2018-08-28T10:35:44","slug":"tour-de-suisse-susanne-hefti","status":"publish","type":"post","link":"https:\/\/dlf.uzh.ch\/sites\/tourdesuisse\/2018\/06\/13\/tour-de-suisse-susanne-hefti\/","title":{"rendered":"Tour de Suisse: Susanne Hefti"},"content":{"rendered":"<header class=\"entry-header\">\n<h1 class=\"entry-title\"><img loading=\"lazy\" decoding=\"async\" class=\"attachment-medium \" style=\"text-align: center;font-size: 12px\" src=\"http:\/\/journal.swissartawards.ch\/wp-content\/uploads\/2018\/05\/hefti-rechmat-1024x608.jpg\" alt=\"\" width=\"586\" height=\"348\" \/><\/h1>\n<h1 class=\"entry-title\" style=\"text-align: left\"><span style=\"font-size: 13px;text-align: center\">\u00abL\u00fcnstler (Poser IV)\u00bb, Auszug aus dem Recherchematerial, 2018<\/span><\/h1>\n<\/header>\n<div class=\"entry-content\">\n<p>L\u00fcnstler (Poser IV)<\/p>\n<p>Eine Reise nach Rom, voller Vorfreude und Neugierde, zu einer Summer School mit wissenschaftlichem Anspruch. Doch Erwartungen und Realit\u00e4t liegen weit auseinander: Statt Hirnforschung gibt es Meditation, anstelle von wissenschaftlicher Betrachtung Hypnose. Schwitzend und bei 36 Grad Celsius versucht die Autorin, Susanne Hefti, ihrer zunehmend dumpfen Mattheit zu entkommen.<\/p>\n<p>Ankn\u00fcpfend an die dreiteilige Arbeit<em> Poser \u2013 Eine Trilogie<\/em> (2016) entsteht f\u00fcr die Swiss Art Awards eine Fortsetzung \u2013 die Audio-Installation <em>L\u00fcnstler (Poser IV)<\/em>. Die rund 20-min\u00fctige Audioerz\u00e4hlung, die als Hauptteil der Installation fungiert, ist eine lose Zusammenstellung verschiedener Erz\u00e4hlungen, die unterschiedliche Schaupl\u00e4tze behandeln: Essen, Schwarzwald, eine Autofahrt und die oben angedeuteten Erlebnisse in Rom. Durch die gesamte Erz\u00e4hlung ist ein roter Faden sp\u00fcrbar \u2013 eine Orientierung an Extremen.<\/p>\n<p>Der Installationsraum selbst dient einerseits als B\u00fchne f\u00fcr die Erz\u00e4hlung und nimmt gleichzeitig inhaltlich auf sie Bezug. Auf offensichtliche Referenzelemente verzichtet Susanne Hefti dabei. Es werden Bez\u00fcge geschaffen, die um zwei Ecken Gedachtes fordern. Die Erz\u00e4hlung strebt keine tr\u00e4g zu konsumierende Wahrheitsvermittlung mit journalistischem Anspruch an, im Gegenteil, diese wird durchbrochen, Unwissen soll vermittelt werden. Die Autorenposition wird immer wieder aufgebrochen und springt in der Folge zwischen verschiedenen Perspektiven, Handlungen und zeitlichen Fixpunkten hin und her \u2013 mal findet man sich in der Vergangenheit wieder, gleich darauf im Jetzt, dann wiederum in der Zukunft.<\/p>\n<p>Laut Hefti verleitet ihre offene Konstruktion <em>L\u00fcnstler<\/em> zum \u2018Herumlungern\u2019. Zum Beispiel auf einer Treppe sitzend, die eine unbequeme Anziehung ausstrahlt. Man rutscht hin und her, weiss nicht, wie man es sich gem\u00fctlich machen soll, aber bleibt dennoch sitzen: Denn man will zuh\u00f6ren. Durch die Kopfh\u00f6rer erz\u00e4hlt Hefti selbst: \u201cDie Erz\u00e4hlung vermittelt den Eindruck eines kontinuierlichen Flusses, aber eigentlich handelt es sich um aneinandergereihte Bruchst\u00fccke.\u201d Kein Ger\u00e4usch, keine Musik st\u00f6rt das H\u00f6rvergn\u00fcgen. Durch die verschiedenen Ankn\u00fcpfungspunkte in <em>L\u00fcnstler<\/em> ist es dem Zuh\u00f6rer m\u00f6glich, auf unterschiedlichen Ebenen einzusteigen.<\/p>\n<p>Das pers\u00f6nlich anmutend Erz\u00e4hlte l\u00e4sst die Distanz zwischen Zuh\u00f6rer und Erz\u00e4hler schwinden, Intimit\u00e4t entsteht. Hefti vermittelt den Eindruck eines Blickes durchs Schl\u00fcsselloch. Doch was autobiografische Bez\u00fcge evoziert, ist nicht zwingend Realit\u00e4t. Bei all ihren Arbeiten kann man sich nie sicher sein, was real ist und was nicht. Hefti geht mit der Realit\u00e4t um, wie es ihr beliebt und schafft so einen nahtlosen \u00dcbergang zwischen Wirklichkeit und Simulation oder Illusion. Sie l\u00e4sst eine Koexistenz dieser beiden Sph\u00e4ren zu, man tritt von einem in das andere ohne es zu bemerken. Jeder Mensch hat seine eigene Realit\u00e4t. Und Susanne Hefti gew\u00e4hrt einen Einblick in eine m\u00f6gliche. Ihre pers\u00f6nliche Realit\u00e4t? Eine konstruierte Realit\u00e4t?<\/p>\n<p>Oder bloss eine Illusion davon?<\/p>\n<p>&nbsp;<\/p>\n<p>Text: Lisa Kleiner<\/p>\n<p>Ver\u00f6ffentlicht im Rahmen der Lehrveranstaltung <em>Tour de Suisse. Kunst und ihre Institutionen in der Schweiz<\/em>, eine Zusammenarbeit zwischen dem Kunsthistorischen Institut der Universit\u00e4t Z\u00fcrich, dem Studienbereich Kunstgeschichte der Universit\u00e4t Fribourg und dem Bundesamt f\u00fcr Kultur, mit Unterst\u00fctzung der Boner Stiftung f\u00fcr Kunst und Kultur.<\/p>\n<p><span style=\"text-align: center\">Artikel auf <\/span><a style=\"text-align: center\" href=\"http:\/\/journal.swissartawards.ch\/participants\/susanne-hefti\/\">Swiss Art Awards Journal<\/a><\/p>\n<\/div>\n<p><img loading=\"lazy\" decoding=\"async\" class=\"attachment-medium aligncenter\" src=\"http:\/\/journal.swissartawards.ch\/wp-content\/uploads\/2018\/05\/hefti_poster-1016x720.jpg\" alt=\"\" width=\"515\" height=\"365\" \/><\/p>\n<p style=\"text-align: center\"><span style=\"font-size: 13px\">\u00abPoser \u2013 Eine Trilogie\u00bb, 2 Poster DIN A0, Inkjet auf Archival Paper, 2016<\/span><\/p>\n<p><img loading=\"lazy\" decoding=\"async\" class=\"attachment-medium aligncenter\" src=\"http:\/\/journal.swissartawards.ch\/wp-content\/uploads\/2018\/05\/66735_14.12.2017_29509_Hefti_Susanne_Poser_I-1024x683.jpg\" alt=\"\" width=\"501\" height=\"334\" \/><\/p>\n<div class=\"entry-header-media\">\n<div class=\"gallery-wrapper header-gallery\">\n<div class=\"embed-responsive embed-responsive-16by9\">\n<div id=\"gallery-1\" class=\"gallery galleryid-54 gallery-size-medium slick-gallery embed-responsive-item slick-initialized slick-slider slick-dotted\">\n<div class=\"slick-list draggable\">\n<div class=\"slick-track\">\n<div id=\"slick-slide02\" class=\"gallery-item slick-slide slick-current slick-active\" role=\"tabpanel\">\n<p id=\"gallery-1-7641\" class=\"media-caption gallery-caption\">\u00abPoser \u2013 Eine Trilogie\u00bb, Audio-Installation, Dreiteilige Erz\u00e4hlung, geschrieben und vertont von Susanne Hefti, Linoleum und Sitzgelegenheiten, 2016. Installationsansichten Werkschau Thurgau (Foto: Susanne Hefti)<\/p>\n<p style=\"text-align: left\"><img loading=\"lazy\" decoding=\"async\" class=\"attachment-medium aligncenter\" src=\"http:\/\/journal.swissartawards.ch\/wp-content\/uploads\/2018\/05\/hefti5-1024x640.jpg\" alt=\"\" width=\"517\" height=\"323\" \/><\/p>\n<\/div>\n<div id=\"slick-slide03\" class=\"gallery-item slick-slide\" role=\"tabpanel\">\n<p id=\"gallery-1-7644\" class=\"media-caption gallery-caption\" style=\"text-align: center\">\u00abKosovo \u2013 A Truly Non-Affirmative Research\u00bb, 2017, Screenshot aus Video-Slideshow der Multimedia-Installation, 25 Min, 2 Monitore mit Video-Slideshow von Fotografien, Audioerz\u00e4hlung, Bodenbahnen aus Gummigranluat, Holzb\u00e4nke.<\/p>\n<p style=\"text-align: left\"><img loading=\"lazy\" decoding=\"async\" class=\"attachment-medium aligncenter\" src=\"http:\/\/journal.swissartawards.ch\/wp-content\/uploads\/2018\/05\/66735_13.12.2017_28707_Hefti_Susanne_Kosovo_I-1024x665.jpg\" alt=\"\" width=\"530\" height=\"344\" \/><\/p>\n<\/div>\n<div id=\"slick-slide04\" class=\"gallery-item slick-slide\" role=\"tabpanel\">\n<p id=\"gallery-1-7640\" class=\"media-caption gallery-caption\" style=\"text-align: center\">\u00abKosovo \u2013 A truly Non-Affirmative Research\u00bb, Installationsansicht, MFA Degree Show, Toni Areal, 2017<\/p>\n<\/div>\n<\/div>\n<\/div>\n<\/div>\n<p>&nbsp;<\/p>\n<\/div>\n<\/div>\n<\/div>\n<div class=\"entry-content\"><\/div>\n<p>&nbsp;<\/p>\n","protected":false},"excerpt":{"rendered":"<p>\u00abL\u00fcnstler (Poser IV)\u00bb, Auszug aus dem Recherchematerial, 2018 L\u00fcnstler (Poser IV) Eine Reise nach Rom, voller Vorfreude und Neugierde, zu einer Summer School mit wissenschaftlichem Anspruch. Doch Erwartungen und Realit\u00e4t liegen weit auseinander: Statt Hirnforschung gibt es Meditation, anstelle von wissenschaftlicher Betrachtung Hypnose. Schwitzend und bei 36 Grad Celsius versucht die Autorin, Susanne Hefti, ihrer&hellip;&nbsp;<\/p>\n","protected":false},"author":280,"featured_media":354,"comment_status":"open","ping_status":"closed","sticky":false,"template":"","format":"standard","meta":{"neve_meta_sidebar":"","neve_meta_container":"","neve_meta_enable_content_width":"","neve_meta_content_width":0,"neve_meta_title_alignment":"","neve_meta_author_avatar":"","neve_post_elements_order":"","neve_meta_disable_header":"","neve_meta_disable_footer":"","neve_meta_disable_title":"","footnotes":""},"categories":[10,11],"tags":[],"class_list":["post-327","post","type-post","status-publish","format-standard","has-post-thumbnail","hentry","category-swiss-art-awards-artikel","category-fs18"],"_links":{"self":[{"href":"https:\/\/dlf.uzh.ch\/sites\/tourdesuisse\/wp-json\/wp\/v2\/posts\/327","targetHints":{"allow":["GET"]}}],"collection":[{"href":"https:\/\/dlf.uzh.ch\/sites\/tourdesuisse\/wp-json\/wp\/v2\/posts"}],"about":[{"href":"https:\/\/dlf.uzh.ch\/sites\/tourdesuisse\/wp-json\/wp\/v2\/types\/post"}],"author":[{"embeddable":true,"href":"https:\/\/dlf.uzh.ch\/sites\/tourdesuisse\/wp-json\/wp\/v2\/users\/280"}],"replies":[{"embeddable":true,"href":"https:\/\/dlf.uzh.ch\/sites\/tourdesuisse\/wp-json\/wp\/v2\/comments?post=327"}],"version-history":[{"count":8,"href":"https:\/\/dlf.uzh.ch\/sites\/tourdesuisse\/wp-json\/wp\/v2\/posts\/327\/revisions"}],"predecessor-version":[{"id":355,"href":"https:\/\/dlf.uzh.ch\/sites\/tourdesuisse\/wp-json\/wp\/v2\/posts\/327\/revisions\/355"}],"wp:featuredmedia":[{"embeddable":true,"href":"https:\/\/dlf.uzh.ch\/sites\/tourdesuisse\/wp-json\/wp\/v2\/media\/354"}],"wp:attachment":[{"href":"https:\/\/dlf.uzh.ch\/sites\/tourdesuisse\/wp-json\/wp\/v2\/media?parent=327"}],"wp:term":[{"taxonomy":"category","embeddable":true,"href":"https:\/\/dlf.uzh.ch\/sites\/tourdesuisse\/wp-json\/wp\/v2\/categories?post=327"},{"taxonomy":"post_tag","embeddable":true,"href":"https:\/\/dlf.uzh.ch\/sites\/tourdesuisse\/wp-json\/wp\/v2\/tags?post=327"}],"curies":[{"name":"wp","href":"https:\/\/api.w.org\/{rel}","templated":true}]}}