{"id":198,"date":"2016-01-02T13:39:09","date_gmt":"2016-01-02T13:39:09","guid":{"rendered":"http:\/\/www.phil.uzh.ch\/elearning\/blog\/tourdesuisse\/?p=198"},"modified":"2016-05-26T16:07:56","modified_gmt":"2016-05-26T16:07:56","slug":"tour-de-suisse-guillaume-pilet","status":"publish","type":"post","link":"https:\/\/dlf.uzh.ch\/sites\/tourdesuisse\/2016\/01\/02\/tour-de-suisse-guillaume-pilet\/","title":{"rendered":"Tour de Suisse: Guillaume Pilet"},"content":{"rendered":"<p>Jeudi 28 mai j\u2019ai eu la chance de pouvoir rencontrer l\u2019artiste Guillaume Pilet dans son atelier \u00e0 la Route de Gollion 15 \u00e0 Penthalaz et de\u00a0l\u2019interroger sur son travail, le tout dans une ambiance d\u00e9tendue et informelle. Artiste \u00e9clectique, Guillaume a su faire de sa passion son travail, dont le but est d\u2019\u00e9veiller des intuitions aux spectateurs. Son atelier et son art sont riches d\u2019\u0153uvres qui vont de la sculpture \u00e0 la peinture en passant par des installations, des photos et des vid\u00e9os, sans oublier les performances.<\/p>\n<p>Sous forme d\u2019entretien, voici un bref aper\u00e7u\u00a0de ma rencontre avec Guillaume Pilet, au cours d\u2019une journ\u00e9e ensoleill\u00e9e qui a su d\u00e9voiler\u00a0les aspects les plus int\u00e9ressants de cet artiste suisse.<strong><br \/>\n<\/strong><\/p>\n<p><strong>Y-a-t-il un courant artistique, un style, dans lequel tu t\u2019inscris?<\/strong><\/p>\n<p>Non, je n\u2019aime pas trop les inscriptions, mais je sais de qui je suis un peu l\u2019h\u00e9ritier\u00a0: je me sens assez suisse comme artiste. J\u2019ai un h\u00e9ritage de l\u2019abstraction g\u00e9om\u00e9trique d\u2019un c\u00f4t\u00e9 dada\u00efste et je me sens assez proche de pas mal d\u2019artistes suisses, ceux qui ont \u00e9t\u00e9 mes professeurs qui sont mes amis.<\/p>\n<p><strong>Quel est le m\u00e9dium que tu pr\u00e9f\u00e8res?<\/strong><\/p>\n<p>La peinture est vraiment au centre de ma pratique depuis longtemps\u00a0; pour moi cela reste le moyen le plus radical de cr\u00e9er, qui se r\u00e9sume tr\u00e8s simplement \u00e0 animer une surface plane. Un geste tr\u00e8s simple mais qu\u2019on renouvelle \u00e0 chaque fois. Dans le rapport \u00e0 l\u2019installation ou la performance il y a vraiment l\u2019id\u00e9e d\u2019une peinture qui soit aussi \u00e9tendue \u00e0 l\u2019espace, \u00e0 l\u2019architecture, au mouvement et qui \u00e9clate un peu les fronti\u00e8res du m\u00e9dium lui-m\u00eame. A chaque fois que je me dis que je suis peintre, apr\u00e8s j\u2019ai envie de faire de la c\u00e9ramique, et je me dis que je suis vraiment c\u00e9ramiste\u00a0; et l\u00e0 je me lance dans un projet de film, apr\u00e8s j\u2019ai envie de faire de la photo\u2026 J\u2019ai des envies et des int\u00e9r\u00eats que se renouvellent r\u00e9guli\u00e8rement, peut-\u00eatre trop souvent d\u2019ailleurs.<\/p>\n<p><strong>Cette ann\u00e9e quel est ton nouveau projet\u00a0pour les Swiss Art Awards?<\/strong><\/p>\n<p>Dans ces trois derni\u00e8res ann\u00e9es j\u2019ai travaill\u00e9 exclusivement autour de la figure du singe. Depuis le printemps de l\u2019ann\u00e9e derni\u00e8re, j\u2019ai commenc\u00e9 \u00e0 me distancer et \u00e0 reprendre la pratique que j\u2019avais avant, m\u00eame si les deux sont au final la m\u00eame. L\u00e0, je suis dans une forme de renouveau qui me convient tr\u00e8s bien. Dans le cadre des Swiss Art Awards, je vais d\u00e9ployer une installation assez compl\u00e8te qui va montrer des c\u00e9ramiques et des peintures, un peu de performance et un dispositif de d\u00e9monstration qui va cr\u00e9er des sortes d\u2019alc\u00f4ves pour s\u00e9parer tout \u00e7a. J\u2019aime l\u2019id\u00e9e d\u2019avoir mon espace d\u2019exposition autonome.<\/p>\n<p><strong>Ta d\u00e9marche a-t-elle \u00e9volu\u00e9\u00a0aux cours de ces derni\u00e8res ann\u00e9es?<\/strong><\/p>\n<p>\u00c7ela a \u00e9volu\u00e9 dans des formes qui se pr\u00e9cisent et le format est plus ambitieux. On retrouve des r\u00e9f\u00e9rences \u00e0 l\u2019art et \u00e0 la culture populaires, \u00e0 l\u2019histoire de l\u2019art qui peuvent aller de l\u2019art optique \u00e0 l\u2019art primitif avec des incursions qui sont \u00e0 la limite de l\u2019art brut. L\u2019id\u00e9e est celle d\u2019une production artistique qui soit d\u00e9brid\u00e9e et qui joue avec la notion de ce qu\u2019est la cr\u00e9ation. C\u2019est donc une remise en question des processus cr\u00e9atifs et de comment on montre les choses au final dans l\u2019espace.<\/p>\n<p><strong>Est-ce que tu t\u2019attends une r\u00e9action sp\u00e9cifique de la part du public\u00a0aux Swiss Art Awards?\u00a0<\/strong><\/p>\n<p>En g\u00e9n\u00e9ral les gens sont assez intrigu\u00e9s par la mani\u00e8re dont des \u0153uvres qui peuvent \u00eatre peu composites sont unifi\u00e9es dans le dispositif d\u2019exposition. C\u2019est quelque chose d\u2019assez attirant et qui parfois va presque \u00e0 la limite du mauvais go\u00fbt, mais qui est quand-m\u00eame g\u00e9r\u00e9 avec des crit\u00e8res qui sont h\u00e9rit\u00e9s du modernisme. Dans les formes et dans les r\u00e9f\u00e9rences ce sont des choses qui appartiennent \u00e0 l\u2019imaginaire collectif mais qui pour moi viennent quand-m\u00eame de la culture savante de l\u2019histoire de l\u2019art classique du XX\u00e8me si\u00e8cle. Les gens ont souvent une sorte de sensation de d\u00e9j\u00e0-vu qu\u2019ils ne peuvent pas toujours directement identifier ou nommer mais qui leur rappelle quelque chose et j\u2019aime beaucoup ce sentiment l\u00e0.<\/p>\n<p><strong>Y-a-t-il un message derri\u00e8re tes \u0153uvres\u00a0?<\/strong><\/p>\n<p>Je dirais quelque chose de d\u00e9complexant par rapport \u00e0 la cr\u00e9ation en elle m\u00eame, dans l\u2019id\u00e9e que c\u2019est \u00e0 la port\u00e9e de de tout le monde. Pour moi le fait de cr\u00e9er est d\u00e9j\u00e0 un message, je fais \u00e7a et pas autre chose et donc cela est d\u00e9j\u00e0 un message manifeste de ce qui peut aujourd\u2019hui \u00eatre de l\u2019art. Je n\u2019ai pas du tout envie de coller un message qui puisse para\u00eetre p\u00e9remptoire ou autoritaire mais plut\u00f4t d\u2019\u00e9veiller des intuitions et faire que le discours se forme dans l\u2019esprit de la personne qui va regarder cela.<\/p>\n<p>Texte: Emanuela Negrini<\/p>\n<p>Publi\u00e9\u00a0dans le cadre\u00a0du cours\u00a0<em>Tour de Suisse. L\u2019art\u00a0et ses institutions\u00a0en Suisse<\/em>,\u00a0une collaboration entre\u00a0l\u2019Institut d\u2019histoire\u00a0de l\u2019art\u00a0de\u00a0l\u2019Universit\u00e9 de Zurich\u00a0et du Domaine\u00a0\u00a0d\u2019Histoire de l\u2019art\u00a0de\u00a0l\u2019Universit\u00e9\u00a0de Fribourg,\u00a0avec le soutien\u00a0de la Fondation\u00a0Boner\u00a0pour l\u2019art et la culture.<\/p>\n<p>Artikel auf <a href=\"http:\/\/www.swissartawards.ch\/~journal\/participants-saa-2015\/tour-de-suisse-guillaume-pilet\/\">Swiss Art Awards Journal<\/a><\/p>\n","protected":false},"excerpt":{"rendered":"<p>Jeudi 28 mai j\u2019ai eu la chance de pouvoir rencontrer l\u2019artiste Guillaume Pilet dans son atelier \u00e0 la Route de Gollion 15 \u00e0 Penthalaz et de\u00a0l\u2019interroger sur son travail, le tout dans une ambiance d\u00e9tendue et informelle. Artiste \u00e9clectique, Guillaume a su faire de sa passion son travail, dont le but est d\u2019\u00e9veiller des intuitions&hellip;&nbsp;<\/p>\n","protected":false},"author":280,"featured_media":200,"comment_status":"open","ping_status":"closed","sticky":false,"template":"","format":"standard","meta":{"neve_meta_sidebar":"","neve_meta_container":"","neve_meta_enable_content_width":"","neve_meta_content_width":0,"neve_meta_title_alignment":"","neve_meta_author_avatar":"","neve_post_elements_order":"","neve_meta_disable_header":"","neve_meta_disable_footer":"","neve_meta_disable_title":"","footnotes":""},"categories":[10,8],"tags":[],"class_list":["post-198","post","type-post","status-publish","format-standard","has-post-thumbnail","hentry","category-swiss-art-awards-artikel","category-fs15"],"_links":{"self":[{"href":"https:\/\/dlf.uzh.ch\/sites\/tourdesuisse\/wp-json\/wp\/v2\/posts\/198","targetHints":{"allow":["GET"]}}],"collection":[{"href":"https:\/\/dlf.uzh.ch\/sites\/tourdesuisse\/wp-json\/wp\/v2\/posts"}],"about":[{"href":"https:\/\/dlf.uzh.ch\/sites\/tourdesuisse\/wp-json\/wp\/v2\/types\/post"}],"author":[{"embeddable":true,"href":"https:\/\/dlf.uzh.ch\/sites\/tourdesuisse\/wp-json\/wp\/v2\/users\/280"}],"replies":[{"embeddable":true,"href":"https:\/\/dlf.uzh.ch\/sites\/tourdesuisse\/wp-json\/wp\/v2\/comments?post=198"}],"version-history":[{"count":1,"href":"https:\/\/dlf.uzh.ch\/sites\/tourdesuisse\/wp-json\/wp\/v2\/posts\/198\/revisions"}],"predecessor-version":[{"id":199,"href":"https:\/\/dlf.uzh.ch\/sites\/tourdesuisse\/wp-json\/wp\/v2\/posts\/198\/revisions\/199"}],"wp:featuredmedia":[{"embeddable":true,"href":"https:\/\/dlf.uzh.ch\/sites\/tourdesuisse\/wp-json\/wp\/v2\/media\/200"}],"wp:attachment":[{"href":"https:\/\/dlf.uzh.ch\/sites\/tourdesuisse\/wp-json\/wp\/v2\/media?parent=198"}],"wp:term":[{"taxonomy":"category","embeddable":true,"href":"https:\/\/dlf.uzh.ch\/sites\/tourdesuisse\/wp-json\/wp\/v2\/categories?post=198"},{"taxonomy":"post_tag","embeddable":true,"href":"https:\/\/dlf.uzh.ch\/sites\/tourdesuisse\/wp-json\/wp\/v2\/tags?post=198"}],"curies":[{"name":"wp","href":"https:\/\/api.w.org\/{rel}","templated":true}]}}