{"id":180,"date":"2016-01-05T13:24:26","date_gmt":"2016-01-05T13:24:26","guid":{"rendered":"http:\/\/www.phil.uzh.ch\/elearning\/blog\/tourdesuisse\/?p=180"},"modified":"2016-05-26T16:04:06","modified_gmt":"2016-05-26T16:04:06","slug":"tour-de-suisse-nadine-wietlisbach","status":"publish","type":"post","link":"https:\/\/dlf.uzh.ch\/sites\/tourdesuisse\/2016\/01\/05\/tour-de-suisse-nadine-wietlisbach\/","title":{"rendered":"Tour de Suisse: Nadine Wietlisbach"},"content":{"rendered":"<div class=\"page\" title=\"Page 1\">\n<div class=\"section\">\n<div class=\"layoutArea\">\n<div class=\"column\">\n<div class=\"content\">\n<div id=\"attachment_2218\" class=\"wp-caption aligncenter\" style=\"width: 460px\">\n<p><a href=\"http:\/\/www.swissartawards.ch\/~journal\/wp-content\/uploads\/2015\/06\/sic-2.jpg\"><br \/>\n<img loading=\"lazy\" decoding=\"async\" class=\" wp-image-2218\" src=\"http:\/\/www.swissartawards.ch\/~journal\/wp-content\/uploads\/2015\/06\/sic-2-1024x682.jpg\" alt=\"sic! Raum f\u00fcr Kunst\" width=\"450\" height=\"300\" \/><\/a><\/p>\n<p class=\"wp-caption-text\">sic! Raum f\u00fcr Kunst<\/p>\n<\/div>\n<p><a href=\"http:\/\/www.sic-raum.ch\/\" target=\"_blank\">sic! Raum f\u00fcr Kunst<\/a>\u00a0\/\u00abElephanthouse\u00bb \u2013 mehr Raum f\u00fcr zeitgen\u00f6ssische Kunst in Luzern<\/p>\n<div class=\"page\" title=\"Page 1\">\n<div class=\"section\">\n<div class=\"layoutArea\">\n<div class=\"column\">\n<p>Eine glatte stahlweisse Skulptur strebt von der Aussenfassade der ehemaligen Garage in den Himmel und bildet einen Kontrast zu der in Beton umh\u00fcllten Umgebung. Mit der skulpturalen Arbeit \u00abUp #1\u00bb setzt die K\u00fcnstlergruppe Sabina Lang und Daniel Baumann ein neues Wahrzeichen f\u00fcr zeitgen\u00f6ssische Kunst und bietet den Besuchern einen Vorgeschmack auf das Innenleben des rohen und zwei-elefantengrossen Kunstraums. Mit einem Holzboden und weissen W\u00e4nden ausgekleidet verspricht er eine andere Wirkung zu erzielen, im kleinen Rahmen wird Grosses geboten. Das junge Team des sic! Raum f\u00fcr Kunst (mit Laura, Breitschmid), bietet internationalen sowie nationalen K\u00fcnstlern eine anregende Diskussionsplattform, Zeit und vor allem die M\u00f6glichkeit zur Realisierung neuer Projekte. Hinter diesen euphorischen Zielen verbirgt sich viel Ausdauer, Durchhalteverm\u00f6gen und fortdauernde Dialoge mit den pr\u00e4sentierten K\u00fcnstlern und der Stadt Luzern.<\/p>\n<p>Als \u00abElephanthouse\u00bb getauft und vor zwei Jahren ins Leben gerufen, spricht er eine andere Architektursprache als der seit f\u00fcnf Jahren bestehende Kunstpavillon im Luzerner S\u00e4liquartier, den sich sic! mit o.T. Raum f\u00fcr aktuell Kunst teilt. Nadine Wietlisbach Kuratorin, Publizistin, Sprachenthusiastin und seit 2007 Leiterin des sic! Raum f\u00fcr Kunst m\u00f6chte mit dem \u00abrauen White Cube\u00bb fruchtbare Impulse und spannungsreiche Diskurse erm\u00f6glichen. Der unabh\u00e4ngige Kunstraum soll eine Erg\u00e4nzung zu den umliegenden zeitgen\u00f6ssischen Kunstinstitutionen bilden, nicht einen Gegenpol. Daf\u00fcr ist das Netzwerk zu gross, die Kooperationen zu wichtig und Luzern zu klein. Nadine Wietlisbach\u2018s Erfahrungen fliessen in die Ausstellungen ein. Sie schafft eine wertvolle Basis f\u00fcr den Austausch mit etablierten sowie frisch aus den Kunstschulen geschl\u00fcpften K\u00fcnstlern. Die aktuelle Ausstellung von Peter Roesch (*1950) zeigt exemplarisch, wie das \u00abElephanthouse\u00bb als Resonanzraum aktuelle Gedankenstr\u00f6me aufnimmt. Als wichtige Malerposition spricht er nicht nur traditionelle Sichtweisen an, sondern generiert im momentanen Diskurs genauso viel Aufmerksamkeit wie vor 25 Jahren. Nadine Wietlisbach versteht sich in ihrer Arbeit als Kuratorin im sic! Raum genauso wie im\u00a0<a href=\"http:\/\/www.nidwaldner-museum.ch\/\">Nidwaldner Museum in Stans<\/a>\u00a0als Vermittlerin und Dialogpartnerin. Das experimentelle Druckformat Lack\/Lack und genauso die Ausstellungen, versuchen einen Teil des vielschichtigen Kunst-Kosmos abzubilden und Komplexit\u00e4t an unterschiedliche Menschen zu vermitteln. Die Lesbarkeit unterschiedlicher Medien, sowie auch einzelne Br\u00fcche sind erlaubt. Denn die Ausstellungen und Publikationen sind nur ein weiteres Ger\u00fcst, auf dem aufgebaut und abgebaut werden kann. Das Programm wird ausgefeilt und druckfrisch an die Besucher gebracht und kann als weiteres Zahnrad in der Kunstwelt inspirierende Projekte hervorbringen.<\/p>\n<p>Text: Beatrice Zaidenberg<\/p>\n<p>Ver\u00f6ffentlicht im Rahmen der Lehrveranstaltung\u00a0<em>Tour de Suisse. Kunst und ihre Institutionen in der Schweiz<\/em>,\u00a0eine Zusammenarbeit zwischen dem Kunsthistorischen Institut der Universit\u00e4t Z\u00fcrich und dem\u00a0Studienbereich Kunstgeschichte der Universit\u00e4t Fribourg,\u00a0mit\u00a0Unterst\u00fctzung der Boner Stiftung f\u00fcr Kunst und Kultur.<\/p>\n<\/div>\n<\/div>\n<\/div>\n<\/div>\n<\/div>\n<p>Artikel auf <a href=\"http:\/\/www.swissartawards.ch\/~journal\/participants-saa-2015\/tour-de-suisse-nadine-wietlisbach\/\">Swiss Art Awards Journal<\/a><\/p>\n<\/div>\n<\/div>\n<\/div>\n<\/div>\n","protected":false},"excerpt":{"rendered":"<p>sic! Raum f\u00fcr Kunst sic! Raum f\u00fcr Kunst\u00a0\/\u00abElephanthouse\u00bb \u2013 mehr Raum f\u00fcr zeitgen\u00f6ssische Kunst in Luzern Eine glatte stahlweisse Skulptur strebt von der Aussenfassade der ehemaligen Garage in den Himmel und bildet einen Kontrast zu der in Beton umh\u00fcllten Umgebung. Mit der skulpturalen Arbeit \u00abUp #1\u00bb setzt die K\u00fcnstlergruppe Sabina Lang und Daniel Baumann ein&hellip;&nbsp;<\/p>\n","protected":false},"author":280,"featured_media":181,"comment_status":"open","ping_status":"closed","sticky":false,"template":"","format":"standard","meta":{"neve_meta_sidebar":"","neve_meta_container":"","neve_meta_enable_content_width":"","neve_meta_content_width":0,"neve_meta_title_alignment":"","neve_meta_author_avatar":"","neve_post_elements_order":"","neve_meta_disable_header":"","neve_meta_disable_footer":"","neve_meta_disable_title":"","footnotes":""},"categories":[10,8],"tags":[],"class_list":["post-180","post","type-post","status-publish","format-standard","has-post-thumbnail","hentry","category-swiss-art-awards-artikel","category-fs15"],"_links":{"self":[{"href":"https:\/\/dlf.uzh.ch\/sites\/tourdesuisse\/wp-json\/wp\/v2\/posts\/180","targetHints":{"allow":["GET"]}}],"collection":[{"href":"https:\/\/dlf.uzh.ch\/sites\/tourdesuisse\/wp-json\/wp\/v2\/posts"}],"about":[{"href":"https:\/\/dlf.uzh.ch\/sites\/tourdesuisse\/wp-json\/wp\/v2\/types\/post"}],"author":[{"embeddable":true,"href":"https:\/\/dlf.uzh.ch\/sites\/tourdesuisse\/wp-json\/wp\/v2\/users\/280"}],"replies":[{"embeddable":true,"href":"https:\/\/dlf.uzh.ch\/sites\/tourdesuisse\/wp-json\/wp\/v2\/comments?post=180"}],"version-history":[{"count":5,"href":"https:\/\/dlf.uzh.ch\/sites\/tourdesuisse\/wp-json\/wp\/v2\/posts\/180\/revisions"}],"predecessor-version":[{"id":206,"href":"https:\/\/dlf.uzh.ch\/sites\/tourdesuisse\/wp-json\/wp\/v2\/posts\/180\/revisions\/206"}],"wp:featuredmedia":[{"embeddable":true,"href":"https:\/\/dlf.uzh.ch\/sites\/tourdesuisse\/wp-json\/wp\/v2\/media\/181"}],"wp:attachment":[{"href":"https:\/\/dlf.uzh.ch\/sites\/tourdesuisse\/wp-json\/wp\/v2\/media?parent=180"}],"wp:term":[{"taxonomy":"category","embeddable":true,"href":"https:\/\/dlf.uzh.ch\/sites\/tourdesuisse\/wp-json\/wp\/v2\/categories?post=180"},{"taxonomy":"post_tag","embeddable":true,"href":"https:\/\/dlf.uzh.ch\/sites\/tourdesuisse\/wp-json\/wp\/v2\/tags?post=180"}],"curies":[{"name":"wp","href":"https:\/\/api.w.org\/{rel}","templated":true}]}}