{"id":168,"date":"2022-12-13T10:04:04","date_gmt":"2022-12-13T10:04:04","guid":{"rendered":"https:\/\/dlf.uzh.ch\/sites\/sozpsypodcasts\/?p=168"},"modified":"2024-03-22T07:33:22","modified_gmt":"2024-03-22T07:33:22","slug":"theorie-der-sozialen-identitaet-2","status":"publish","type":"post","link":"https:\/\/dlf.uzh.ch\/sites\/sozpsypodcasts\/2022\/12\/13\/theorie-der-sozialen-identitaet-2\/","title":{"rendered":"Theorie der sozialen Identit\u00e4t"},"content":{"rendered":"\n<figure class=\"wp-block-audio\"><audio controls src=\"https:\/\/dlf.uzh.ch\/sites\/sozpsypodcasts\/files\/2022\/12\/Podcast-Theorie-der-sozialen-Identita\u0308t.mp3\"><\/audio><\/figure>\n\n\n\n<p>Schon mit dem Beginn unseres Lebens werden wir in soziale Gruppen hineingeboren und mit zunehmendem Alter wachsen nicht nur wir, sondern auch die Anzahl der sozialen Gruppen, mit denen wir uns identifizieren. Da gibt es dann nicht nur den Tennisclub, den Freundeskreis aus der Schule oder die Familie, sondern auch die Klimaaktivisten. Die Identifikation mit allen diesen Gruppen sind wichtige Bausteine, aus denen sich unsere Identit\u00e4t zusammensetzt (Tajfel &amp; Turner, 1979). Die psychologische Forschung konnte vermehrt zeigen, dass die empfundene Zugeh\u00f6rigkeit zu Gruppen wie diesen einen positiven Einfluss auf unseren Selbstwert, unser Wohlbefinden und unsere Gesundheit haben kann (Dingle et al., 2019; Jetten et al., 2017). Aber was passiert, wenn wir uns Gruppen zugeh\u00f6rig f\u00fchlen, deren Mitglieder potenziell selbstsch\u00e4digendes Verhalten zeigen? Wenn zum Beispiel exzessiver Alkohol- und Drogenkonsum in der Freundesgruppe zur Regel wird? In diesem Podcast setzen wir uns mit den positiven und negativen Einfl\u00fcssen von Gruppenidentit\u00e4t auf unsere Gesundheit auseinander. Am Beispiel der Identifikation mit Gruppen, deren Mitglieder an Depressionen oder Substanzmissbrauch leiden, zeigen wir die Bedeutung dieser Einfl\u00fcsse f\u00fcr die Psychotherapie und deren Erfolg (Cruwys &amp; Gunaseelan, 2016; Dingle et al., 2019).\u00a0<\/p>\n","protected":false},"excerpt":{"rendered":"<p>Schon mit dem Beginn unseres Lebens werden wir in soziale Gruppen hineingeboren und mit zunehmendem Alter wachsen nicht nur wir, sondern auch die Anzahl der sozialen Gruppen, mit denen wir uns identifizieren. Da gibt es dann nicht nur den Tennisclub, den Freundeskreis aus der Schule oder die Familie, sondern auch die Klimaaktivisten. Die Identifikation mit [&hellip;]<\/p>\n","protected":false},"author":522,"featured_media":0,"comment_status":"closed","ping_status":"closed","sticky":false,"template":"","format":"standard","meta":{"footnotes":""},"categories":[3],"tags":[],"class_list":["post-168","post","type-post","status-publish","format-standard","hentry","category-hs22"],"_links":{"self":[{"href":"https:\/\/dlf.uzh.ch\/sites\/sozpsypodcasts\/wp-json\/wp\/v2\/posts\/168","targetHints":{"allow":["GET"]}}],"collection":[{"href":"https:\/\/dlf.uzh.ch\/sites\/sozpsypodcasts\/wp-json\/wp\/v2\/posts"}],"about":[{"href":"https:\/\/dlf.uzh.ch\/sites\/sozpsypodcasts\/wp-json\/wp\/v2\/types\/post"}],"author":[{"embeddable":true,"href":"https:\/\/dlf.uzh.ch\/sites\/sozpsypodcasts\/wp-json\/wp\/v2\/users\/522"}],"replies":[{"embeddable":true,"href":"https:\/\/dlf.uzh.ch\/sites\/sozpsypodcasts\/wp-json\/wp\/v2\/comments?post=168"}],"version-history":[{"count":1,"href":"https:\/\/dlf.uzh.ch\/sites\/sozpsypodcasts\/wp-json\/wp\/v2\/posts\/168\/revisions"}],"predecessor-version":[{"id":169,"href":"https:\/\/dlf.uzh.ch\/sites\/sozpsypodcasts\/wp-json\/wp\/v2\/posts\/168\/revisions\/169"}],"wp:attachment":[{"href":"https:\/\/dlf.uzh.ch\/sites\/sozpsypodcasts\/wp-json\/wp\/v2\/media?parent=168"}],"wp:term":[{"taxonomy":"category","embeddable":true,"href":"https:\/\/dlf.uzh.ch\/sites\/sozpsypodcasts\/wp-json\/wp\/v2\/categories?post=168"},{"taxonomy":"post_tag","embeddable":true,"href":"https:\/\/dlf.uzh.ch\/sites\/sozpsypodcasts\/wp-json\/wp\/v2\/tags?post=168"}],"curies":[{"name":"wp","href":"https:\/\/api.w.org\/{rel}","templated":true}]}}