{"id":9101,"date":"2022-09-19T08:23:38","date_gmt":"2022-09-19T06:23:38","guid":{"rendered":"https:\/\/dlf.uzh.ch\/sites\/slavicumpress\/?p=9101"},"modified":"2022-09-20T22:57:01","modified_gmt":"2022-09-20T20:57:01","slug":"papir-prenese-vse-anja-novak","status":"publish","type":"post","link":"https:\/\/dlf.uzh.ch\/sites\/slavicumpress\/2022\/09\/19\/papir-prenese-vse-anja-novak\/","title":{"rendered":"Papir prenese vse \u2013 Anja Novak"},"content":{"rendered":"<p>&nbsp;<\/p>\n<p style=\"padding-left: 80px\"><strong>PAPIR PRENESE VSE<\/strong><\/p>\n<p>&nbsp;<\/p>\n<p style=\"padding-left: 80px\">Papir prenese vse<\/p>\n<p style=\"padding-left: 80px\">Namesto mene.<\/p>\n<p>&nbsp;<\/p>\n<p><span style=\"color: #3366ff\"><strong><a style=\"color: #3366ff\" href=\"https:\/\/dlf.uzh.ch\/sites\/slavicumpress\/tag\/anja-novak\/\" target=\"_blank\" rel=\"noopener\">Anja Novak<\/a><\/strong><\/span>, <a href=\"https:\/\/ranerane.si\/papir-prenese-vse\/\" target=\"_blank\" rel=\"noopener\"><strong><span style=\"color: #ff6600\">rane rane<\/span><\/strong><\/a>, Ljubljana<\/p>\n<p>Eited by: Aleksandra Krasovec, Institute of Slavic Studies of the Russian Academy of Sciences and Bo\u0161tjan Bo\u017ei\u010d, University of Ljubljana<\/p>\n<p>&nbsp;<\/p>\n","protected":false},"excerpt":{"rendered":"<p>Papir<br \/>\nprenese vse<br \/>\nNamesto<br \/>\nmene<span class=\"more-link\"><a href=\"https:\/\/dlf.uzh.ch\/sites\/slavicumpress\/2022\/09\/19\/papir-prenese-vse-anja-novak\/\">Read More &rarr;<\/a><\/span><\/p>\n","protected":false},"author":709,"featured_media":12144,"comment_status":"open","ping_status":"closed","sticky":false,"template":"","format":"standard","meta":{"_acf_changed":false,"_FSMCFIC_featured_image_caption":"","_FSMCFIC_featured_image_nocaption":"","_FSMCFIC_featured_image_hide":"","footnotes":""},"categories":[99],"tags":[367,286],"class_list":["entry","author-olga","has-excerpt","post-9101","post","type-post","status-publish","format-standard","has-post-thumbnail","category-audiotext","tag-anja-novak","tag-slovene"],"acf":[],"_links":{"self":[{"href":"https:\/\/dlf.uzh.ch\/sites\/slavicumpress\/wp-json\/wp\/v2\/posts\/9101","targetHints":{"allow":["GET"]}}],"collection":[{"href":"https:\/\/dlf.uzh.ch\/sites\/slavicumpress\/wp-json\/wp\/v2\/posts"}],"about":[{"href":"https:\/\/dlf.uzh.ch\/sites\/slavicumpress\/wp-json\/wp\/v2\/types\/post"}],"author":[{"embeddable":true,"href":"https:\/\/dlf.uzh.ch\/sites\/slavicumpress\/wp-json\/wp\/v2\/users\/709"}],"replies":[{"embeddable":true,"href":"https:\/\/dlf.uzh.ch\/sites\/slavicumpress\/wp-json\/wp\/v2\/comments?post=9101"}],"version-history":[{"count":16,"href":"https:\/\/dlf.uzh.ch\/sites\/slavicumpress\/wp-json\/wp\/v2\/posts\/9101\/revisions"}],"predecessor-version":[{"id":12171,"href":"https:\/\/dlf.uzh.ch\/sites\/slavicumpress\/wp-json\/wp\/v2\/posts\/9101\/revisions\/12171"}],"wp:featuredmedia":[{"embeddable":true,"href":"https:\/\/dlf.uzh.ch\/sites\/slavicumpress\/wp-json\/wp\/v2\/media\/12144"}],"wp:attachment":[{"href":"https:\/\/dlf.uzh.ch\/sites\/slavicumpress\/wp-json\/wp\/v2\/media?parent=9101"}],"wp:term":[{"taxonomy":"category","embeddable":true,"href":"https:\/\/dlf.uzh.ch\/sites\/slavicumpress\/wp-json\/wp\/v2\/categories?post=9101"},{"taxonomy":"post_tag","embeddable":true,"href":"https:\/\/dlf.uzh.ch\/sites\/slavicumpress\/wp-json\/wp\/v2\/tags?post=9101"}],"curies":[{"name":"wp","href":"https:\/\/api.w.org\/{rel}","templated":true}]}}