{"id":9099,"date":"2022-06-27T17:03:18","date_gmt":"2022-06-27T15:03:18","guid":{"rendered":"https:\/\/dlf.uzh.ch\/sites\/slavicumpress\/?p=9099"},"modified":"2022-07-25T16:44:37","modified_gmt":"2022-07-25T14:44:37","slug":"univerz-anja-novak","status":"publish","type":"post","link":"https:\/\/dlf.uzh.ch\/sites\/slavicumpress\/2022\/06\/27\/univerz-anja-novak\/","title":{"rendered":"Univerz \u2013 Anja Novak"},"content":{"rendered":"<p>&nbsp;<\/p>\n<p style=\"padding-left: 80px\"><strong>UNIVERZ \u00a0\u00a0\u00a0\u00a0\u00a0\u00a0\u00a0\u00a0\u00a0\u00a0\u00a0\u00a0\u00a0\u00a0\u00a0 <\/strong><\/p>\n<p>&nbsp;<\/p>\n<p style=\"padding-left: 80px\">Ni vse nemo<\/p>\n<p style=\"padding-left: 80px\">kar je tiho.<\/p>\n<p>&nbsp;<\/p>\n<p style=\"padding-left: 80px\">Unijezik so<\/p>\n<p style=\"padding-left: 80px\">pavze<\/p>\n<p style=\"padding-left: 80px\">premori<\/p>\n<p style=\"padding-left: 80px\">vrzeli<\/p>\n<p style=\"padding-left: 80px\">izpusti.<\/p>\n<p style=\"padding-left: 80px\">Univerz<\/p>\n<p style=\"padding-left: 80px\">pa je<\/p>\n<p style=\"padding-left: 80px\">ritem ti\u0161in.<\/p>\n<p>&nbsp;<\/p>\n<p style=\"padding-left: 80px\">Govori kar ho\u010de\u0161<\/p>\n<p style=\"padding-left: 80px\">v kateremkoli<\/p>\n<p style=\"padding-left: 80px\">jeziku ho\u010de\u0161<\/p>\n<p style=\"padding-left: 80px\">razumem te \u0161ele<\/p>\n<p style=\"padding-left: 80px\">ko utihne\u0161.<\/p>\n<p>&nbsp;<\/p>\n<p><strong><a href=\"https:\/\/dlf.uzh.ch\/sites\/slavicumpress\/tag\/anja-novak\/\" target=\"_blank\" rel=\"noopener\"><span style=\"color: #3366ff\">Anja Novak<\/span><\/a><\/strong>,\u00a0<span style=\"color: #ff6600\"><a style=\"color: #ff6600\" href=\"https:\/\/ranerane.si\/univerz\/\" target=\"_blank\" rel=\"noopener\"> rane rane<\/a><\/span>, Ljubljana<\/p>\n<p>&nbsp;<\/p>\n<p>Eited by Aleksandra Krasovec, Institute of Slavic Studies of the Russian Academy of Sciences and Bo\u0161tjan Bo\u017ei\u010d, University of Ljubljana<\/p>\n<p>&nbsp;<\/p>\n","protected":false},"excerpt":{"rendered":"<p>Govori kar ho\u010de\u0161<br \/>\nv kateremkoli<br \/>\njeziku ho\u010de\u0161<br \/>\nrazumem te \u0161ele<br \/>\n<span class=\"more-link\"><a href=\"https:\/\/dlf.uzh.ch\/sites\/slavicumpress\/2022\/06\/27\/univerz-anja-novak\/\">Read More &rarr;<\/a><\/span><\/p>\n","protected":false},"author":709,"featured_media":9068,"comment_status":"open","ping_status":"closed","sticky":false,"template":"","format":"standard","meta":{"_acf_changed":false,"_FSMCFIC_featured_image_caption":"","_FSMCFIC_featured_image_nocaption":null,"_FSMCFIC_featured_image_hide":null,"footnotes":""},"categories":[9],"tags":[367,286],"class_list":["entry","author-olga","has-excerpt","post-9099","post","type-post","status-publish","format-standard","has-post-thumbnail","category-poetry","tag-anja-novak","tag-slovene"],"acf":[],"_links":{"self":[{"href":"https:\/\/dlf.uzh.ch\/sites\/slavicumpress\/wp-json\/wp\/v2\/posts\/9099","targetHints":{"allow":["GET"]}}],"collection":[{"href":"https:\/\/dlf.uzh.ch\/sites\/slavicumpress\/wp-json\/wp\/v2\/posts"}],"about":[{"href":"https:\/\/dlf.uzh.ch\/sites\/slavicumpress\/wp-json\/wp\/v2\/types\/post"}],"author":[{"embeddable":true,"href":"https:\/\/dlf.uzh.ch\/sites\/slavicumpress\/wp-json\/wp\/v2\/users\/709"}],"replies":[{"embeddable":true,"href":"https:\/\/dlf.uzh.ch\/sites\/slavicumpress\/wp-json\/wp\/v2\/comments?post=9099"}],"version-history":[{"count":11,"href":"https:\/\/dlf.uzh.ch\/sites\/slavicumpress\/wp-json\/wp\/v2\/posts\/9099\/revisions"}],"predecessor-version":[{"id":9116,"href":"https:\/\/dlf.uzh.ch\/sites\/slavicumpress\/wp-json\/wp\/v2\/posts\/9099\/revisions\/9116"}],"wp:featuredmedia":[{"embeddable":true,"href":"https:\/\/dlf.uzh.ch\/sites\/slavicumpress\/wp-json\/wp\/v2\/media\/9068"}],"wp:attachment":[{"href":"https:\/\/dlf.uzh.ch\/sites\/slavicumpress\/wp-json\/wp\/v2\/media?parent=9099"}],"wp:term":[{"taxonomy":"category","embeddable":true,"href":"https:\/\/dlf.uzh.ch\/sites\/slavicumpress\/wp-json\/wp\/v2\/categories?post=9099"},{"taxonomy":"post_tag","embeddable":true,"href":"https:\/\/dlf.uzh.ch\/sites\/slavicumpress\/wp-json\/wp\/v2\/tags?post=9099"}],"curies":[{"name":"wp","href":"https:\/\/api.w.org\/{rel}","templated":true}]}}