{"id":7791,"date":"2022-01-14T08:28:38","date_gmt":"2022-01-14T07:28:38","guid":{"rendered":"https:\/\/dlf.uzh.ch\/sites\/slavicumpress\/?p=7791"},"modified":"2022-07-25T23:00:36","modified_gmt":"2022-07-25T21:00:36","slug":"macierzynstwo-beata-obertynska-w-przekladzie-denisa-pielichowa","status":"publish","type":"post","link":"https:\/\/dlf.uzh.ch\/sites\/slavicumpress\/2022\/01\/14\/macierzynstwo-beata-obertynska-w-przekladzie-denisa-pielichowa\/","title":{"rendered":"Macierzy\u0144stwo \u2013 Beata Oberty\u0144ska w przek\u0142adzie Denisa Pielichowa"},"content":{"rendered":"<div class=\"wpb-content-wrapper\"><p>&nbsp;<\/p>\n<p>[vc_row][vc_column width=&#187;1\/2&#8243;][vc_column_text css_animation=&#187;left-to-right&#187;]<strong>MACIERZY\u0143STWO<\/strong><strong><span style=\"font-size: 12pt\">\u00a0<\/span><\/strong><\/p>\n<p>&nbsp;<\/p>\n<p>Utrudzone, ws\u0142uchane w czarno-puch\u0105 cisz\u0119,<\/p>\n<p>Bezsennymi nocami ko\u0142ysze\u2026 ko\u0142ysze\u2026<\/p>\n<p>&nbsp;<\/p>\n<p>Oblicze przezroczyste, blade b\u0142og\u0105 m\u0119k\u0105<\/p>\n<p>chyli nad niem\u00f3wl\u0119ciem wymownie i mi\u0119kko\u2026<\/p>\n<p>&nbsp;<\/p>\n<p>Tylko mnie niepokoj\u0105 dojrzane przez szaty<\/p>\n<p>Ma\u0142pie \u0142apy, bezmy\u015blne, szare i w\u0142ochate.<\/p>\n<p>&nbsp;<\/p>\n<p>[\/vc_column_text][\/vc_column][vc_column width=&#187;1\/2&#8243;][vc_column_text css_animation=&#187;right-to-left&#187;]<strong>\u041c\u0410\u0422\u0415\u0420\u0418\u041d\u0421\u0422\u0412\u041e<\/strong><\/p>\n<p>&nbsp;<\/p>\n<p>\u0412 \u0442\u0438\u0448\u0438\u043d\u0443 \u043a\u0440\u043e\u043c\u0435\u0448\u043d\u0443\u044e \u0432\u0441\u043b\u0443\u0448\u0438\u0432\u0430\u044f\u0441\u044c \u0447\u0443\u0442\u043a\u043e,<\/p>\n<p>\u041f\u043e \u043d\u043e\u0447\u0430\u043c \u0431\u0430\u044e\u043a\u0430\u0435\u0442 \u043a\u043e\u043b\u044b\u0431\u0435\u043b\u044c \u0441 \u043c\u0430\u043b\u044e\u0442\u043a\u043e\u0439<\/p>\n<p>&nbsp;<\/p>\n<p>\u0411\u043b\u0435\u0434\u043d\u044b\u0439 \u043b\u0438\u043a, \u0441\u0438\u044f\u044e\u0449\u0438\u0439 \u0431\u043b\u0430\u0433\u043e\u0441\u0442\u043d\u043e\u044e \u043c\u0443\u043a\u043e\u0439<\/p>\n<p>\u041d\u0430\u0434 \u043c\u043b\u0430\u0434\u0435\u043d\u0446\u0435\u043c \u043a\u043b\u043e\u043d\u0438\u0442\u0441\u044f \u043c\u044f\u0433\u043a\u043e \u0438 \u0431\u0435\u0437 \u0437\u0432\u0443\u043a\u0430.<\/p>\n<p>&nbsp;<\/p>\n<p>\u041b\u0438\u0448\u044c, \u043f\u0443\u0433\u0430\u044f, \u0442\u044f\u043d\u0443\u0442\u0441\u044f \u0438\u0437-\u043f\u043e\u0434 \u043e\u0434\u0435\u044f\u043d\u044c\u044f<\/p>\n<p>\u0421\u0435\u0440\u044b\u0435, \u043a\u043e\u0441\u043c\u0430\u0442\u044b\u0435 \u043b\u0430\u043f\u043a\u0438 \u043e\u0431\u0435\u0437\u044c\u044f\u043d\u044c\u0438. [\/vc_column_text][\/vc_column][\/vc_row][vc_row][vc_column][vc_column_text][\/vc_column_text][\/vc_column][\/vc_row]<a href=\"https:\/\/dlf.uzh.ch\/sites\/slavicumpress\/tag\/denis-pelichov\/\" target=\"_blank\" rel=\"noopener\"><strong><span style=\"color: #3366ff\">Denis<\/span><\/strong><span style=\"color: #3366ff\"><strong>\u00a0Pelichov<\/strong><\/span><\/a>, South Ural State University<\/p>\n<div class=\"vc_row wpb_row vc_row-fluid\">\n<div class=\"wpb_column vc_column_container vc_col-sm-6\">\n<div class=\"vc_column-inner\">\n<div class=\"wpb_wrapper\">\n<div class=\"wpb_text_column wpb_content_element \">\n<div class=\"wpb_wrapper\">\n<p>&nbsp;<\/p>\n<p style=\"text-align: left\">Edited by Roman Bobryk, Siedlce University of\u00a0 Natural Sciences and Humanities and Olga Burenina-Petrova, University of Zurich and University of Konstanz<\/p>\n<\/div>\n<\/div>\n<\/div>\n<\/div>\n<\/div>\n<\/div>\n<\/div>","protected":false},"excerpt":{"rendered":"<p>Utrudzone, ws\u0142uchane w czarno-puch\u0105 cisz\u0119,<br \/>\nBezsennymi nocami ko\u0142ysze\u2026 ko\u0142ysze\u2026<span class=\"more-link\"><a href=\"https:\/\/dlf.uzh.ch\/sites\/slavicumpress\/2022\/01\/14\/macierzynstwo-beata-obertynska-w-przekladzie-denisa-pielichowa\/\">Read More &rarr;<\/a><\/span><\/p>\n","protected":false},"author":709,"featured_media":7827,"comment_status":"open","ping_status":"closed","sticky":false,"template":"","format":"standard","meta":{"_acf_changed":false,"_FSMCFIC_featured_image_caption":"","_FSMCFIC_featured_image_nocaption":null,"_FSMCFIC_featured_image_hide":null,"footnotes":""},"categories":[82],"tags":[293,117,114],"class_list":["entry","author-olga","has-excerpt","post-7791","post","type-post","status-publish","format-standard","has-post-thumbnail","category-transfer","tag-denis-pelichov","tag-polish","tag-russian"],"acf":[],"_links":{"self":[{"href":"https:\/\/dlf.uzh.ch\/sites\/slavicumpress\/wp-json\/wp\/v2\/posts\/7791","targetHints":{"allow":["GET"]}}],"collection":[{"href":"https:\/\/dlf.uzh.ch\/sites\/slavicumpress\/wp-json\/wp\/v2\/posts"}],"about":[{"href":"https:\/\/dlf.uzh.ch\/sites\/slavicumpress\/wp-json\/wp\/v2\/types\/post"}],"author":[{"embeddable":true,"href":"https:\/\/dlf.uzh.ch\/sites\/slavicumpress\/wp-json\/wp\/v2\/users\/709"}],"replies":[{"embeddable":true,"href":"https:\/\/dlf.uzh.ch\/sites\/slavicumpress\/wp-json\/wp\/v2\/comments?post=7791"}],"version-history":[{"count":15,"href":"https:\/\/dlf.uzh.ch\/sites\/slavicumpress\/wp-json\/wp\/v2\/posts\/7791\/revisions"}],"predecessor-version":[{"id":8229,"href":"https:\/\/dlf.uzh.ch\/sites\/slavicumpress\/wp-json\/wp\/v2\/posts\/7791\/revisions\/8229"}],"wp:featuredmedia":[{"embeddable":true,"href":"https:\/\/dlf.uzh.ch\/sites\/slavicumpress\/wp-json\/wp\/v2\/media\/7827"}],"wp:attachment":[{"href":"https:\/\/dlf.uzh.ch\/sites\/slavicumpress\/wp-json\/wp\/v2\/media?parent=7791"}],"wp:term":[{"taxonomy":"category","embeddable":true,"href":"https:\/\/dlf.uzh.ch\/sites\/slavicumpress\/wp-json\/wp\/v2\/categories?post=7791"},{"taxonomy":"post_tag","embeddable":true,"href":"https:\/\/dlf.uzh.ch\/sites\/slavicumpress\/wp-json\/wp\/v2\/tags?post=7791"}],"curies":[{"name":"wp","href":"https:\/\/api.w.org\/{rel}","templated":true}]}}