{"id":5447,"date":"2021-02-17T21:37:17","date_gmt":"2021-02-17T20:37:17","guid":{"rendered":"https:\/\/dlf.uzh.ch\/sites\/slavicumpress\/?p=5447"},"modified":"2022-08-25T23:02:15","modified_gmt":"2022-08-25T21:02:15","slug":"b%d0%bese-sloneczko-joanna-kulmowa-w-przekladzie-denisa-pielichowa","status":"publish","type":"post","link":"https:\/\/dlf.uzh.ch\/sites\/slavicumpress\/2021\/02\/17\/b%d0%bese-sloneczko-joanna-kulmowa-w-przekladzie-denisa-pielichowa\/","title":{"rendered":"B\u043ese s\u0142oneczko \u2013 Joanna Kulmowa w przek\u0142adzie Denisa Pielichowa"},"content":{"rendered":"<div class=\"wpb-content-wrapper\"><p>[vc_row][vc_column width=&#187;1\/2&#8243;][vc_column_text]<\/p>\n<p><strong>B\u043ese s\u0142oneczko<\/strong><\/p>\n<p>Wysz\u0142o s\u0142o\u0144ce na bosaka w pole<br \/>\ni p\u0142aka\u0142o,<br \/>\n\u017ce je trawa kole.<\/p>\n<p>Zamoczy\u0142o bosy promyk w bajorze<br \/>\ni p\u0142aka\u0142o,<br \/>\n\u017ce wyschn\u0105\u0107 nie mo\u017ce.<\/p>\n<p>Wbieg\u0142o boso w pokrzywy na \u0142\u0105ce<br \/>\ni p\u0142aka\u0142o,<br \/>\n\u017ce takie piek\u0105ce.<\/p>\n<p>Teraz kryje si\u0119 za lasem<br \/>\nbose.<br \/>\nBo mu zimno i\u015b\u0107 przez nocn\u0105 ros\u0119.<\/p>\n<p>[\/vc_column_text][\/vc_column][vc_column width=&#187;1\/2&#8243;][vc_column_text]<\/p>\n<p><strong>\u0411\u043e\u0441\u043e\u0435 \u0441\u043e\u043b\u043d\u044b\u0448\u043a\u043e<\/strong><\/p>\n<p>\u0412\u044b\u0448\u043b\u043e \u0441\u043e\u043b\u043d\u0446\u0435 \u0431\u043e\u0441\u0438\u043a\u043e\u043c \u043d\u0430 \u043f\u043e\u043b\u0435 \u2014<br \/>\n\u043f\u043b\u0430\u043a\u0430\u043b\u043e,<br \/>\n\u0447\u0442\u043e \u0442\u0440\u0430\u0432\u043a\u0430 \u0435\u0433\u043e \u043a\u043e\u043b\u0435\u0442.<\/p>\n<p>\u041f\u0440\u043e\u043c\u043e\u0447\u0438\u043b\u043e \u043b\u0443\u0447 \u0432 \u0440\u0435\u0447\u043d\u043e\u0439 \u0432\u043e\u0434\u0438\u0446\u0435 \u2014<br \/>\n\u043f\u043b\u0430\u043a\u0430\u043b\u043e,<br \/>\n\u0447\u0442\u043e \u043c\u043e\u0436\u0435\u0442 \u043f\u0440\u043e\u0441\u0442\u0443\u0434\u0438\u0442\u044c\u0441\u044f.<\/p>\n<p>\u0417\u0430\u0431\u0440\u0435\u043b\u043e \u0432 \u043a\u0440\u0430\u043f\u0438\u0432\u0443 \u0443 \u0431\u043e\u043b\u043e\u0442\u0446\u0430 \u2014<br \/>\n\u043f\u043b\u0430\u043a\u0430\u043b\u043e,<br \/>\n\u0447\u0442\u043e \u043e\u0447\u0435\u043d\u044c \u0431\u043e\u043b\u044c\u043d\u043e \u0436\u0436\u0435\u0442\u0441\u044f.<\/p>\n<p>\u0418 \u0437\u0430 \u043b\u0435\u0441\u043e\u043c \u0441\u043f\u0440\u044f\u0442\u0430\u043b\u043e\u0441\u044c,<br \/>\n\u0431\u043e\u0441\u043e\u0435.<br \/>\n\u0425\u043e\u043b\u043e\u0434\u043d\u043e \u0445\u043e\u0434\u0438\u0442\u044c \u043d\u043e\u0447\u043d\u043e\u0439 \u0440\u043e\u0441\u043e\u044e.<\/p>\n<p>[\/vc_column_text][\/vc_column][\/vc_row][vc_row][vc_column][vc_column_text]<\/p>\n<p>&nbsp;<\/p>\n<p><span style=\"color: #3366ff\"><a style=\"color: #3366ff\" href=\"https:\/\/dlf.uzh.ch\/sites\/slavicumpress\/tag\/denis-pelichov\/\" target=\"_blank\" rel=\"noopener\"><strong>Denis Pelichov<\/strong><\/a><\/span>,\u00a0South Ural State University<\/p>\n<p>Edited by Roman Bobryk, Siedlce University of\u00a0 Natural Sciences and Humanities and Olga Burenina-Petrova, University of Zurich &amp; University of Konstanz[\/vc_column_text][\/vc_column][\/vc_row]<\/p>\n<\/div>","protected":false},"excerpt":{"rendered":"<p>Wysz\u0142o s\u0142o\u0144ce na bosaka w pole<br \/>\ni p\u0142aka\u0142o,<br \/>\n\u017ce je trawa kole.<br \/>\nZamoczy\u0142o bosy promyk w bajorze <span class=\"more-link\"><a href=\"https:\/\/dlf.uzh.ch\/sites\/slavicumpress\/2021\/02\/17\/b%d0%bese-sloneczko-joanna-kulmowa-w-przekladzie-denisa-pielichowa\/\">Read More &rarr;<\/a><\/span><\/p>\n","protected":false},"author":380,"featured_media":5448,"comment_status":"open","ping_status":"closed","sticky":false,"template":"","format":"standard","meta":{"_acf_changed":false,"_FSMCFIC_featured_image_caption":"\u00a9\u0415\u0432\u0433\u0435\u043d\u0438\u0439_\u0411\u0435\u043b\u043e\u0432","_FSMCFIC_featured_image_nocaption":null,"_FSMCFIC_featured_image_hide":null,"footnotes":""},"categories":[82],"tags":[293,117,114],"class_list":["entry","author-slavicumpress","has-excerpt","post-5447","post","type-post","status-publish","format-standard","has-post-thumbnail","category-transfer","tag-denis-pelichov","tag-polish","tag-russian"],"acf":[],"_links":{"self":[{"href":"https:\/\/dlf.uzh.ch\/sites\/slavicumpress\/wp-json\/wp\/v2\/posts\/5447","targetHints":{"allow":["GET"]}}],"collection":[{"href":"https:\/\/dlf.uzh.ch\/sites\/slavicumpress\/wp-json\/wp\/v2\/posts"}],"about":[{"href":"https:\/\/dlf.uzh.ch\/sites\/slavicumpress\/wp-json\/wp\/v2\/types\/post"}],"author":[{"embeddable":true,"href":"https:\/\/dlf.uzh.ch\/sites\/slavicumpress\/wp-json\/wp\/v2\/users\/380"}],"replies":[{"embeddable":true,"href":"https:\/\/dlf.uzh.ch\/sites\/slavicumpress\/wp-json\/wp\/v2\/comments?post=5447"}],"version-history":[{"count":9,"href":"https:\/\/dlf.uzh.ch\/sites\/slavicumpress\/wp-json\/wp\/v2\/posts\/5447\/revisions"}],"predecessor-version":[{"id":10172,"href":"https:\/\/dlf.uzh.ch\/sites\/slavicumpress\/wp-json\/wp\/v2\/posts\/5447\/revisions\/10172"}],"wp:featuredmedia":[{"embeddable":true,"href":"https:\/\/dlf.uzh.ch\/sites\/slavicumpress\/wp-json\/wp\/v2\/media\/5448"}],"wp:attachment":[{"href":"https:\/\/dlf.uzh.ch\/sites\/slavicumpress\/wp-json\/wp\/v2\/media?parent=5447"}],"wp:term":[{"taxonomy":"category","embeddable":true,"href":"https:\/\/dlf.uzh.ch\/sites\/slavicumpress\/wp-json\/wp\/v2\/categories?post=5447"},{"taxonomy":"post_tag","embeddable":true,"href":"https:\/\/dlf.uzh.ch\/sites\/slavicumpress\/wp-json\/wp\/v2\/tags?post=5447"}],"curies":[{"name":"wp","href":"https:\/\/api.w.org\/{rel}","templated":true}]}}