{"id":5054,"date":"2020-11-29T16:24:45","date_gmt":"2020-11-29T15:24:45","guid":{"rendered":"https:\/\/dlf.uzh.ch\/sites\/slavicumpress\/?p=5054"},"modified":"2022-07-27T12:54:02","modified_gmt":"2022-07-27T10:54:02","slug":"organizacija-usf-milan-graorinov","status":"publish","type":"post","link":"https:\/\/dlf.uzh.ch\/sites\/slavicumpress\/2020\/11\/29\/organizacija-usf-milan-graorinov\/","title":{"rendered":"Organizacija USF \u2013 Milan Graorinov"},"content":{"rendered":"<h3><\/h3>\n<p><strong>ORGANIZACIJA USF<\/strong><\/p>\n<p>\u201eDobro ve\u010de, gospo\u0111ice Petrovi\u0107.\u201c<br \/>\n\u201eNeumesno je uznemiravati ljude posle devet uve\u010de. Ko ste Vi? Odakle Vam moj broj?\u201c<br \/>\n\u201eJa sam osniva\u010d, prvi i jedini \u010dlan USF-a. Ne bih da se hvalim, ali u najmanju ruku imam makar jo\u0161 sedamnaest zvanja; naravno, ako u me\u0111uvremenu jo\u0161 poneko nisam stekao mimo svoje volje.\u201c<br \/>\n\u201e\u0160ta ho\u0107ete od mene? Kakva je ovo neslana \u0161ala?\u201c<br \/>\n\u201eBojim se da posredi nije nikakva \u0161ala, a naro\u010dito ne neslana. Vidite, ja sam svestan neoprostivog greha koji ste po\u010dinili pre ta\u010dno devet dana i dvadeset osam minuta i stoga \u017eelim da Vam predo\u010dim drugu stranu medalje.\u201c<br \/>\n\u201eMolim Vas da me vi\u0161e ne uznemiravate!\u201c povikala je usplahireno. Obuzela ju je nagla drhtavica od koje joj je istog trenutka pozlilo. \u201eZbogom!\u201c Prekinula je vezu.<br \/>\nUskovitlana me\u0161avina zebnje, straha i nemira preplavila ju je poput ledenog prekriva\u010da. Ko je to bio i kako je znao za\u2026<br \/>\nMobilni telefon ponovo je zazvonio; ovoga puta druk\u010dijom melodijom od uobi\u010dajene. Bio je to refren jedne poznate pesme sa prostora biv\u0161e Jugoslavije: \u201eZauvijek neka nosi\u2026 Na srcu znak. \u017divot je jedan ona bacila\u2026\u201c<br \/>\nLice gospo\u0111ice Petrovi\u0107 ostalo je skamenjeno. \u201e\u0160ta ho\u0107ete od mene?\u201c povikala je u slu\u0161alicu.<br \/>\n\u201eNema razloga za napetost i neprijatnosti. Budite bez brige. Nemam nameru da obelodanim Va\u0161 greh, ve\u0107 samo da Vam, kao osniva\u010d USF-a, dam ponudu.\u201c<br \/>\n\u201eHo\u0107ete li mi najzad re\u0107i \u0161ta je taj vra\u017eji USF?\u201c<br \/>\n\u201eUjedinjeni sakuplja\u010di fetusa ili, ukratko \u2013 USF.\u201c<br \/>\n\u201eMo\u2026 Molim?\u201c Progutala je knedlu.<br \/>\n\u201eDa! Dobro ste \u010duli!\u201c vedro je rekao glas s druge strane veze. \u201eSakupljamo placente, pup\u010dane vrpce i, naravno \u2013 fetuse!\u201c<br \/>\n\u201eVi\u2026 Vi ste umobolnik!\u201c<br \/>\n\u201eZa\u0161to tako mislite?\u201c upitao je za\u010du\u0111eno. \u201ePa niste li upravo Vi odlu\u010dili da Vam vi\u0161e nije potreban, da je nepo\u017eeljan i da ne bi trebalo da postoji?\u201c Naka\u0161ljao se u slu\u0161alicu. \u201eJa sam ga, kao neko ko je oduvek bio sklon tome da \u0161titi nejake, prihvatio pod svoje okrilje \u2013 u svoju jedinstvenu zbirku.\u201c<br \/>\n\u201eSram da te bude!\u201c povikala je gospo\u0111ica Petrovi\u0107. \u201eKo si ti da preispituje\u0161 moje odluke? Ovo je dvadeset prvi vek! Imam puno pravo da \u010dinim \u0161ta god po\u017eelim!\u201c<br \/>\n\u201eBez brige, gospo\u0111ice, niko ovde ne preispituje Va\u0161e odluke niti spori to u kom smo veku. Naprotiv! Treba da budete ponosni na to \u0161to ste u\u010dinili! Va\u0161 mali Nenad je \u2013 \u0161to bi se reklo \u2013 pravi dragulj moje zbirke. On se nalazi u najfinijoj od sto jedanaest tegli u mom podrumu, na najvi\u0161oj polici\u201c, dodao je uz kikot.<br \/>\n\u201eNe\u2026 nad\u2026\u201c Stresla se gospo\u0111ica Petrovi\u0107. \u201e\u010cak mu ni ime nisam dala.\u201c<br \/>\n\u201ePo\u017eeleo je da nosi to ime, a verovatno bi mu se ta \u017eelja i ispunila da ste ga, naravno, rodili, a ne abortirali.\u201c<br \/>\n\u201ePrestani\u2026\u201c Grcala je. \u201eMolim te\u2026\u201c<br \/>\n\u201e\u0160apnuo mi je da je \u017eeleo da postane hirurg ili profesor knji\u017eevnosti, premda\u2026 Delovalo je kao da je neodlu\u010dan. Kolebao se izme\u0111u te dve mogu\u0107nosti, no to je sada najmanje va\u017eno. Upravo Va\u0161om odlukom uskratili ste mu svako pravo da bira.\u201c<br \/>\n\u201eAli\u2026\u201c Gu\u0161ila se gospo\u0111ica Petrovi\u0107, \u201e\u2026nisam bila spremna na dete\u2026 \u017delela sam karijeru; \u017eelela sam da pro\u017eivim najbolje godine \u017eivota i\u2026\u201c<br \/>\n\u201eTo ka\u017eu gotovo sve \u017eene koje, kao predstavnik USF-a, pozovem\u201c, prekinuo ju je. \u201eZnate li \u0161ta im na to naj\u010de\u0161\u0107e odgovorim?\u201c<br \/>\nGospo\u0111ica Petrovi\u0107 odmahivala je glavom u neverici. O\u010di su joj bile skrivene suzama, a svaki poku\u0161aj da ne\u0161to izusti zavr\u0161avao se jecajem.<br \/>\n\u201eNaprosto im zahvalim na tako bo\u017eanstvenom primerku ljudskog fetusa! Vi ste, priznajem, bili naro\u010dito hrabri. Abortirati nakon tre\u0107eg meseca trudno\u0107e zaista jeste redak slu\u010daj. Iz tog razloga i sami fetusi ve\u0107ih razmera veoma su retki. Va\u0161 Nenad je, zbilja, poseban u svakom pogledu!\u201c<br \/>\n\u201eZar sam ja\u2026 Ubica?\u201c<br \/>\n\u201eMa, ne! Gospo\u0111ice! Nemojte tako. Niste Vi ubica, Vi ste moj dobavlja\u010d. Zato sam Vas, uostalom, i pozvao.\u201c<br \/>\nS druge strane veze \u010duli su se prikriveni jecaji i isprekidani uzdisaji.<br \/>\n\u201eAko ikada ponovo odlu\u010dite da zatrudnite, pa abortirate, molim Vas da me pozovete na ovaj broj. Rado \u0107u Vas nov\u010dano podsticati na nove, smelije abortuse. Poku\u0161ajte da narednog puta to u\u010dinite nakon petog meseca. Blagovremeno obavestite doktore da Vam fetus treba u jednom komadu, jer ako nije ceo \u2013 onda mu znatno opadne vrednost, a to nikako ne bismo \u017eeleli. Tako \u0107e Va\u0161 Nenad imati mla\u0111eg, odnosno starijeg brata. Uzgred, zaboravio sam da Vam se predstavim! Ime mi je\u2026\u201c<br \/>\n<em>Tada sam prekinula vezu.\u00a0 <\/em><br \/>\n<em>\u00a0\u00a0\u00a0\u00a0\u00a0\u00a0\u00a0\u00a0 Sutradan su mi doktori saop\u0161tili da vi\u0161e nikada ne\u0107u mo\u0107i da rodim. <\/em><br \/>\n<em>\u00a0\u00a0\u00a0\u00a0\u00a0\u00a0\u00a0\u00a0 Nije mi svejedno, ali nije ni kraj sveta. Karijera mi je, uostalom, mnogo va\u017enija. Ostajem pri tome da sam imala pravo izbora. \u0160tavi\u0161e, verovatno nikad ne bih ni preispitala svoju odluku da me tog dana savest nije pozvala na telefon i na trenutak trgnula.\u00a0 <\/em><br \/>\n<em>\u00a0\u00a0\u00a0\u00a0\u00a0\u00a0\u00a0\u00a0 Bila sam u pravu, ali opet\u2026 ponekad se zapitam..<\/em><\/p>\n<p><span style=\"color: #333399\"><a style=\"color: #333399\" href=\"https:\/\/dlf.uzh.ch\/sites\/slavicumpress\/tag\/milan-graorinov\/\"><strong><span style=\"color: #3366ff\">Milan Graorinov<\/span><\/strong><\/a><\/span><span style=\"color: #3366ff\">,<\/span> University of Belgrad<\/p>\n<p>Edited by Vasilisa \u0160ljivar, University of Belgrad and Olga Burenina-Petrova, University of Zurich &amp; University of Konstanz<\/p>\n","protected":false},"excerpt":{"rendered":"<p>\u201eDobro ve\u010de, gospo\u0111ice Petrovi\u0107.\u201c<br \/>\n\u201eNeumesno je uznemiravati ljude posle devet uve\u010de.Ko ste Vi? Odakle Vam moj broj?\u201c<span class=\"more-link\"><a href=\"https:\/\/dlf.uzh.ch\/sites\/slavicumpress\/2020\/11\/29\/organizacija-usf-milan-graorinov\/\">Read More &rarr;<\/a><\/span><\/p>\n","protected":false},"author":474,"featured_media":5055,"comment_status":"open","ping_status":"closed","sticky":false,"template":"","format":"standard","meta":{"_acf_changed":false,"_FSMCFIC_featured_image_caption":"","_FSMCFIC_featured_image_nocaption":null,"_FSMCFIC_featured_image_hide":null,"footnotes":""},"categories":[8],"tags":[294,120],"class_list":["entry","author-","has-excerpt","post-5054","post","type-post","status-publish","format-standard","has-post-thumbnail","category-prose","tag-milan-graorinov","tag-serbian"],"acf":[],"_links":{"self":[{"href":"https:\/\/dlf.uzh.ch\/sites\/slavicumpress\/wp-json\/wp\/v2\/posts\/5054","targetHints":{"allow":["GET"]}}],"collection":[{"href":"https:\/\/dlf.uzh.ch\/sites\/slavicumpress\/wp-json\/wp\/v2\/posts"}],"about":[{"href":"https:\/\/dlf.uzh.ch\/sites\/slavicumpress\/wp-json\/wp\/v2\/types\/post"}],"author":[{"embeddable":true,"href":"https:\/\/dlf.uzh.ch\/sites\/slavicumpress\/wp-json\/wp\/v2\/users\/474"}],"replies":[{"embeddable":true,"href":"https:\/\/dlf.uzh.ch\/sites\/slavicumpress\/wp-json\/wp\/v2\/comments?post=5054"}],"version-history":[{"count":12,"href":"https:\/\/dlf.uzh.ch\/sites\/slavicumpress\/wp-json\/wp\/v2\/posts\/5054\/revisions"}],"predecessor-version":[{"id":10253,"href":"https:\/\/dlf.uzh.ch\/sites\/slavicumpress\/wp-json\/wp\/v2\/posts\/5054\/revisions\/10253"}],"wp:featuredmedia":[{"embeddable":true,"href":"https:\/\/dlf.uzh.ch\/sites\/slavicumpress\/wp-json\/wp\/v2\/media\/5055"}],"wp:attachment":[{"href":"https:\/\/dlf.uzh.ch\/sites\/slavicumpress\/wp-json\/wp\/v2\/media?parent=5054"}],"wp:term":[{"taxonomy":"category","embeddable":true,"href":"https:\/\/dlf.uzh.ch\/sites\/slavicumpress\/wp-json\/wp\/v2\/categories?post=5054"},{"taxonomy":"post_tag","embeddable":true,"href":"https:\/\/dlf.uzh.ch\/sites\/slavicumpress\/wp-json\/wp\/v2\/tags?post=5054"}],"curies":[{"name":"wp","href":"https:\/\/api.w.org\/{rel}","templated":true}]}}