{"id":3425,"date":"2020-03-19T20:31:20","date_gmt":"2020-03-19T19:31:20","guid":{"rendered":"https:\/\/dlf.uzh.ch\/sites\/slavicumpress\/?p=3425"},"modified":"2022-07-31T20:45:33","modified_gmt":"2022-07-31T18:45:33","slug":"karolina-konvalinkova-elegance-bez-barier","status":"publish","type":"post","link":"https:\/\/dlf.uzh.ch\/sites\/slavicumpress\/2020\/03\/19\/karolina-konvalinkova-elegance-bez-barier\/","title":{"rendered":"Elegance bez bari\u00e9r \u2013 Karoli\u0301na Konvalinkova\u0301"},"content":{"rendered":"<p>&nbsp;<\/p>\n<p style=\"text-align: center\"><strong>ELEGANCE BEZ BARI\u00c9R<\/strong><\/p>\n<p>7. \u0159\u00edjna 2019 se konala ji\u017e po \u0161est\u00e9 charitativn\u00ed m\u00f3dn\u00ed p\u0159ehl\u00eddka voz\u00ed\u010dk\u00e1\u0159\u016f nazvan\u00e1 Elegance bez bari\u00e9r. Akce je minim\u00e1ln\u011b v\u00a0Kr\u00e1lov\u00e9hradeck\u00e9m kraji vyhl\u00e1\u0161en\u00e1 a tradi\u010dn\u011b spojena se skv\u011blou atmosf\u00e9rou. Rozhovor n\u00e1m poskytla jedna z\u00a0organiz\u00e1torek Mgr. Veronika Zde\u0148kov\u00e1, Ph.D.<\/p>\n<p><strong>M\u016f\u017eete n\u00e1m charitativn\u00ed projekt Elegance bez bari\u00e9r p\u0159edstavit?<\/strong><\/p>\n<p>V\u00a0prvn\u00ed \u0159ad\u011b mus\u00edm \u0159\u00edct, \u017ee smysl cel\u00e9 akce se s\u00a0ka\u017ed\u00fdm rokem trochu li\u0161\u00ed. Ze za\u010d\u00e1tku byla p\u016fvodn\u00ed my\u0161lenka uspo\u0159\u00e1dat m\u00f3dn\u00ed p\u0159ehl\u00eddku s\u00a0t\u00edm, abychom uk\u00e1zali, \u017ee i voz\u00ed\u010dk\u00e1\u0159i se cht\u011bj\u00ed l\u00edbit, m\u016f\u017eou v\u00e9st norm\u00e1ln\u00ed a plnohodnotn\u00fd \u017eivot. A\u017e potom jsme to spojili s\u00a0charitativn\u00ed my\u0161lenkou, abychom pen\u00edze smyslupln\u011b vyu\u017eili a abychom n\u011bkomu pomohli. \u0158e\u0161ili jsme komu pomoct a rozhodli jsme se podporovat pr\u00e1v\u011b d\u011bti, proto\u017ee si mysl\u00edm, \u017ee ty pot\u0159ebuj\u00ed pomoci nejv\u00edc. L\u00edb\u00ed se mi, \u017ee je na nich vid\u011bt, i v\u00a0r\u00e1mci rehabilitac\u00ed, nejv\u00edc pokrok\u016f. Zam\u011b\u0159ili jsme se p\u0159edev\u0161\u00edm, ale ne\u0159\u00edk\u00e1m, \u017ee je to stoprocentn\u00ed pravidlo, na rodiny, kde je maminka samo\u017eivitelka. Ty p\u0159\u00edb\u011bhy rodin b\u00fdvaj\u00ed \u010dasto podobn\u00e9, v\u011bt\u0161inou, a nechci se dotknout mu\u017e\u016f, se narod\u00ed posti\u017een\u00e9 d\u00edt\u011b a mu\u017e to neunese. \u017dena pak z\u016fstane na v\u0161echno sama. Proto jsme se rozhodli v\u011bnovat v\u00fdt\u011b\u017eek rodin\u00e1m s\u00a0handicapovan\u00fdm d\u00edt\u011btem. Z\u00a0po\u010d\u00e1tku se jednalo o d\u011bti se svalovou dystrofi\u00ed, ale vzhledem k\u00a0tomu, \u017ee jsme cht\u011bli, aby pomoc a akce Elegance bez bari\u00e9r z\u016fstala v\u00a0na\u0161em regionu, tak t\u00edm se roz\u0161\u00ed\u0159ilo i spektrum d\u011bt\u00ed, kter\u00fdm jsme se rozhodli takov\u00fdm zp\u016fsobem pom\u00e1hat.<\/p>\n<p><strong>Na samotn\u00e9m za\u010d\u00e1tku st\u00e1la tedy jen samotn\u00e1 p\u0159ehl\u00eddka?<\/strong><\/p>\n<p>Ano, samotn\u00e1 p\u0159ehl\u00eddka. V\u0161e souvis\u00ed s\u00a0t\u00edm, \u017ee moje kamar\u00e1dka, se kterou jsme tento projekt zalo\u017eily, co\u017e u\u017e je hodn\u011b let zp\u00e1tky, tak v\u00a0t\u00e9 dob\u011b dokon\u010dovala magistersk\u00e9 studium a m\u011bla ps\u00e1t diplomovou pr\u00e1ci. Cht\u011bla n\u011bco origin\u00e1ln\u00edho, tak ji napadlo, \u017ee by uspo\u0159\u00e1dala p\u0159ehl\u00eddku voz\u00ed\u010dk\u00e1\u0159\u016f. Mn\u011b se ten n\u00e1pad l\u00edbil, tak jsem \u0159\u00edkala, \u017ee bych j\u00ed s\u00a0t\u00edm pomohla. Shodou okolnost\u00ed jsem v\u00a0t\u00e9 dob\u011b u\u010dila Jirku \u0160im\u016fnka, kter\u00e9mu byl v\u011bnov\u00e1n prvn\u00ed ro\u010dn\u00edk, a v\u011bd\u011bla jsem, \u017ee to je rodina, kter\u00e1 na tom nen\u00ed finan\u010dn\u011b dob\u0159e. Tam vzniknul n\u00e1pad oslovit \u0160im\u016fnkovy a pomoct jim. P\u016fvodn\u011b m\u011bla b\u00fdt p\u0159ehl\u00eddka jen jedna, ale jeliko\u017e to m\u011blo ohromn\u00fd ohlas a oslovovali n\u00e1s dal\u0161\u00ed a dal\u0161\u00ed lidi, tak akce po\u0159\u00e1d pokra\u010duje.<\/p>\n<p><strong>Jak dlouho se takov\u00e1 akce p\u0159ipravuje?<\/strong><\/p>\n<p>Nebudu \u0159\u00edkat, \u017ee je to intenzivn\u011b cel\u00fd rok, ale v\u00a0pr\u016fb\u011bhu roku d\u00e1v\u00e1me dohromady n\u00e1pady. N\u011bkoho nap\u0159\u00edklad napadne, \u017ee oslov\u00edme um\u011blce na vystoupen\u00ed nebo dostaneme kontakt na modelku \u010di modela. Bav\u00edme se o tom, pro jakou rodinu bychom cht\u011bli akci uspo\u0159\u00e1dat. Oslovujeme pr\u016fb\u011b\u017en\u011b sponzory. Zpravidla to vypad\u00e1 tak, \u017ee t\u0159i m\u011bs\u00edce po akci jsou je\u0161t\u011b ve znamen\u00ed p\u0159edchoz\u00edho ro\u010dn\u00edku. P\u0159ich\u00e1z\u00ed na \u0159adu \u00fa\u010detn\u00ed z\u00e1le\u017eitosti, co\u017e tak\u00e9 zabere pom\u011brn\u011b dost \u010dasu. A p\u0159ed akc\u00ed jsou zase t\u0159i m\u011bs\u00edce nejintenzivn\u011bj\u0161\u00ed.<\/p>\n<p><strong>Kolik lid\u00ed akci organizuje?<\/strong><\/p>\n<p>To je slo\u017eit\u00e1 ot\u00e1zka. Dalo by se \u0159\u00edct, \u017ee v\u017edy m\u00e1me n\u00e1\u0161 realiza\u010dn\u00ed t\u00fdm, kter\u00fd s\u00a0akc\u00ed pom\u00e1h\u00e1. To je asi \u0161est nejbli\u017e\u0161\u00edch lid\u00ed, kte\u0159\u00ed n\u00e1m s\u00a0akc\u00ed pom\u00e1haj\u00ed b\u011bhem cel\u00e9ho roku. Ale samoz\u0159ejm\u011b v\u00a0r\u00e1mci akce n\u00e1m pom\u00e1h\u00e1 asi dal\u0161\u00edch dvacet p\u011bt lid\u00ed, proto\u017ee bychom to sami nemohli zvl\u00e1dnout. Se spoustou n\u00e1m pom\u00e1haj\u00ed \u010dlenov\u00e9 na\u0161\u00ed rodiny, tak\u017ee se celkov\u011b zapojuje lid\u00ed hodn\u011b. Man\u017eel n\u00e1m p\u0159ipravuje smlouvy, proto\u017ee je pr\u00e1vn\u00edk atd.<\/p>\n<p><strong>Jak bylo t\u011b\u017ek\u00e9 z\u00edskat pro projekt voz\u00ed\u010dk\u00e1\u0159e?<\/strong><\/p>\n<p>To ani t\u011b\u017ek\u00e9 nebylo. Na t\u00e9to akci je vid\u011bt posun, v\u00a0r\u00e1mci toho, jak pokro\u010dily soci\u00e1ln\u00ed s\u00edt\u011b. J\u00e1 sice nejsem \u017e\u00e1dn\u00fd velk\u00fd fanou\u0161ek soci\u00e1ln\u00edch s\u00edt\u00ed, do te\u010f odol\u00e1v\u00e1m s\u00a0Instagramem, kter\u00fd nem\u00e1m, a jsem mo\u017en\u00e1 za zp\u00e1te\u010dn\u00edka, ale soci\u00e1ln\u00ed s\u00edt\u011b n\u00e1m velmi pomohly. Nejslo\u017eit\u011bj\u0161\u00ed byl prvn\u00ed ro\u010dn\u00edk, proto\u017ee za\u010d\u00edn\u00e1te s\u00a0n\u011b\u010d\u00edm nov\u00fdm, nem\u00e1te kontakty, zku\u0161enosti a vytv\u00e1\u0159\u00edte projekt. Kdy\u017e ale ten projekt nikdo nezn\u00e1, tak k\u00a0n\u011bmu nem\u00e1 d\u016fv\u011bru. Proto byl za\u010d\u00e1tek slo\u017eit\u00fd, ale n\u00e1m se povedlo ji\u017e b\u011bhem prvn\u00edho ro\u010dn\u00edku oslovit Martina Zacha, kter\u00e9mu se my\u0161lenka l\u00edbila. Ten doporu\u010dil n\u011bjak\u00e9 kontakty a dal\u0161\u00ed ro\u010dn\u00edky u\u017e byly mnohem jednodu\u0161\u00ed. I sami voz\u00ed\u010dk\u00e1\u0159i akci doporu\u010dovali d\u00e1l.<\/p>\n<p><strong>\u00da\u010dastn\u00ed se voz\u00ed\u010dk\u00e1\u0159i akce i opakovan\u011b?<\/strong><\/p>\n<p>Ano, \u00fa\u010dastn\u00ed. M\u00e1me tam st\u00e1lice, ale i takov\u00e9 \u201ekuri\u00f3zn\u00ed p\u0159\u00edpady\u201c. Jeden p\u00e1n, Kry\u0161tof, vid\u011bl v\u00fdzvu na webov\u00fdch str\u00e1nk\u00e1ch, kam se mohli voz\u00ed\u010dk\u00e1\u0159i p\u0159ihl\u00e1sit. V\u00a0jeho p\u0159\u00edpad\u011b to ale byla s\u00e1zka, kterou si dal\u0161\u00ed den nepamatoval, proto\u017ee byl v\u00a0hospod\u011b a tam se vsadil, \u017ee se p\u0159ihl\u00e1s\u00ed. Druh\u00fd den si nic nepamatoval, ale z\u00a0projektu u\u017e necouvnul. Akce se \u00fa\u010dastnil ji\u017e dvakr\u00e1t. Dal\u0161\u00ed p\u0159\u00edpad je, \u017ee se n\u00e1m p\u0159ihl\u00e1sila voz\u00ed\u010dk\u00e1\u0159ka, kter\u00e1 m\u00e1 man\u017eela taky voz\u00ed\u010dk\u00e1\u0159e. Jeden ro\u010dn\u00edk jej\u00ed man\u017eel p\u0159edv\u00e1d\u011bl nepl\u00e1novan\u011b a pot\u00e9 ho \u017eena p\u0159emluvila, aby se rovn\u011b\u017e zapojil. T\u011bch cest je tedy spousta.<\/p>\n<p><strong>Jak jste vyb\u00edrali rodiny pro dal\u0161\u00ed ro\u010dn\u00edky?<\/strong><\/p>\n<p>Dal\u0161\u00edm obdarovan\u00fdm byl L\u00e1\u010fa V\u00edtek, toho jsem taky u\u010dila a znala jsem ho osobn\u011b. V\u011bd\u011bla jsem, \u017ee tam m\u00e1 pomoc tak\u00e9 smysl. D\u00e1le to bylo ji\u017e v\u00a0r\u00e1mci vypsan\u00e9ho v\u00fdb\u011brov\u00e9ho \u0159\u00edzen\u00ed. Nehl\u00e1sily se rodiny samotn\u00e9, ale sp\u00ed\u0161 je tam p\u0159ihla\u0161ovali kamar\u00e1di, kte\u0159\u00ed tu rodinu znali a v\u011bd\u011bli, \u017ee pot\u0159ebuj\u00ed pomoct. Je ale opravdu t\u011b\u017ek\u00e9 n\u011bkoho vybrat, jeden ro\u010dn\u00edk jsme v\u00e1hali mezi dv\u011bma rodinami. Tak jsme zvolili jednu a dal\u0161\u00ed rok jsme nevypisovali v\u00fdb\u011brov\u00e9 \u0159\u00edzen\u00ed a pomohli jsme jim. Dal\u0161\u00ed zaj\u00edmavost\u00ed je, \u017ee letos byl v\u016fbec prvn\u00ed ro\u010dn\u00edk, kdy jsme vybrali hol\u010di\u010dku, co\u017e nakonec hr\u00e1lo ur\u010ditou roli.<\/p>\n<p><strong>Jak v\u00e1s m\u016f\u017eeme podpo\u0159it?<\/strong><\/p>\n<p>T\u011bch zp\u016fsob\u016f je v\u00edce. My vyu\u017e\u00edv\u00e1me hodn\u011b dobrovoln\u00edk\u016f p\u0159i samotn\u00e9 akci, proto\u017ee pot\u0159ebujeme n\u011bkoho u vstupu, v\u00a0tombole, pomoci v\u00a0\u0161atn\u011b voz\u00ed\u010dk\u00e1\u0159\u016fm. Spousta lid\u00ed pom\u00e1h\u00e1 se sh\u00e1n\u011bn\u00edm v\u011bc\u00ed do tomboly, co\u017e je jedna z\u00a0v\u011bc\u00ed, kter\u00e1 je skute\u010dnou pomoc\u00ed, proto\u017ee i d\u00edky tombole se n\u00e1m da\u0159\u00ed vyb\u00edrat nezanedbateln\u00e1 \u010d\u00e1stka. I sh\u00e1n\u011bn\u00ed d\u00e1rk\u016f do tomboly stoj\u00ed velk\u00e9 \u00fasil\u00ed, tak\u017ee i to je pro n\u00e1s velkou pomoc\u00ed.<\/p>\n<p><strong>Oslovuj\u00ed v\u00e1s sami sponzo\u0159i, kdy\u017e m\u00e1 akce ji\u017e v\u00edceletou tradici?<\/strong><\/p>\n<p>To se stalo p\u0159ibli\u017en\u011b t\u0159ikr\u00e1t a\u017e \u010dty\u0159ikr\u00e1t. Sp\u00ed\u0161e v\u0161e funguje na principu, \u017ee my n\u011bkoho oslov\u00edme a on n\u00e1m chce pomoct, proto\u017ee n\u00e1s nebo akci zn\u00e1. T\u00edm, \u017ee se akce kon\u00e1 ji\u017e po n\u011bkolik\u00e1t\u00e9, tak m\u00e1me st\u00e1l\u00e9 sponzory. Akci sponzoruje i Kr\u00e1lov\u00e9hradeck\u00fd kraj, pravideln\u011b n\u00e1s podporuj\u00ed firmy, pan sen\u00e1tor Antl a dal\u0161\u00ed. Jsou to sp\u00ed\u0161e region\u00e1ln\u00ed spole\u010dnosti.<\/p>\n<p><strong>Jak jste z\u00edskali modelky, modely nebo um\u011blce na vystoupen\u00ed?<\/strong><\/p>\n<p>V\u011bt\u0161inou je jejich reakce pozitivn\u00ed a v\u017edy je sou\u010d\u00e1st\u00ed na\u0161e vz\u00e1jemn\u00e1 rozumn\u00e1 dohoda. V\u011bt\u0161ina vystupuj\u00edc\u00edch funguje na principu, \u017ee se propl\u00e1c\u00ed n\u00e1klady jako cestovn\u00e9, on si mus\u00ed p\u0159iv\u00e9zt vlastn\u00edho zvuka\u0159e nebo m\u00e1 vlastn\u00edho \u0159idi\u010de. Um\u011blc\u016fm se nepropl\u00e1c\u00ed vystoupen\u00ed nebo \u00fa\u010dast jako takov\u00e1, ale jedn\u00e1 se sp\u00ed\u0161e o refundaci n\u00e1klad\u016f. Nicm\u00e9n\u011b v\u00a0n\u011bkter\u00fdch p\u0159\u00edpadech jsem byla p\u0159ekvapen\u00e1, co si n\u011bkdo p\u0159edstavuje pod pojmem charita. Te\u010f mluv\u00edm o um\u011blc\u00edch, kte\u0159\u00ed u n\u00e1s n\u00e1sledn\u011b nevystupovali. V\u0161ichni to d\u011blaj\u00ed bez n\u00e1roku na honor\u00e1\u0159, ale existuje spousta um\u011blc\u016f na \u010desk\u00e9 sc\u00e9n\u011b, kte\u0159\u00ed n\u00e1m \u0159ekli: \u201eVy jste charita, norm\u00e1ln\u011b vystupuju za 80\u00a0000, tak pro v\u00e1s vystoup\u00edm za 60\u00a0000.\u201c To ale nen\u00ed p\u0159\u00edpad na\u0161ich vystupuj\u00edc\u00edch.<\/p>\n<p><strong>Posledn\u00ed ro\u010dn\u00edk se konal na podzim roku 2019, p\u0159ipravujete ji\u017e dal\u0161\u00ed ro\u010dn\u00edk?<\/strong><\/p>\n<p>Zat\u00edm nepl\u00e1nujeme dal\u0161\u00ed ro\u010dn\u00edk, nyn\u00ed sp\u00ed\u0161e zvol\u00edme princip kon\u00e1n\u00ed akce jednou za dva roky, proto\u017ee organizace je \u010dasov\u011b n\u00e1ro\u010dn\u00e1 a je slo\u017eit\u00e9 v\u0161e skloubit dohromady.\u00a0 Nechci, aby to vyzn\u011blo \u0161patn\u011b, ale osv\u011bd\u010dilo se n\u00e1m, \u017ee si od toho \u010dlov\u011bk trochu odpo\u010dine. To je pot\u0159eba, kdy\u017e d\u011bl\u00e1te n\u011bco ve va\u0161em voln\u00e9m \u010dase a m\u00e1te spoustu dal\u0161\u00edch povinnost\u00ed. Letos jsmebyli moc spokojeni s\u00a0m\u00edstem, akce se konala v\u00a0Solnici, co\u017e byla novinka. D\u0159\u00edve se akce konala v\u00a0Rychnov\u011b nad Kn\u011b\u017enou, ale tam jsme nebyli spokojeni se z\u00e1zem\u00edm pro voz\u00ed\u010dk\u00e1\u0159e. V\u00a0Solnici bylo v\u0161e perfektn\u00ed. Do budoucna tedy p\u0159edpokl\u00e1d\u00e1me, \u017ee se akce bude konat tam, ale zat\u00edm je v\u0161e st\u00e1le otev\u0159en\u00e9.<\/p>\n<div><a href=\"https:\/\/dlf.uzh.ch\/sites\/slavicumpress\/tag\/karolina-konvalinkova\/\" target=\"_blank\" rel=\"noopener\"><span style=\"color: #3366ff\"><strong>Karoli\u0301na Konvalinkova\u0301<\/strong><\/span><\/a>, Charles University in Prague<\/div>\n","protected":false},"excerpt":{"rendered":"<p>7. \u0159\u00edjna 2019 se konala ji\u017e po \u0161est\u00e9 charitativn\u00ed m\u00f3dn\u00ed p\u0159ehl\u00eddka voz\u00ed\u010dk\u00e1\u0159\u016f nazvan\u00e1 Elegance bez bari\u00e9r<span class=\"more-link\"><a href=\"https:\/\/dlf.uzh.ch\/sites\/slavicumpress\/2020\/03\/19\/karolina-konvalinkova-elegance-bez-barier\/\">Read More &rarr;<\/a><\/span><\/p>\n","protected":false},"author":380,"featured_media":3426,"comment_status":"open","ping_status":"closed","sticky":false,"template":"","format":"standard","meta":{"_acf_changed":false,"_FSMCFIC_featured_image_caption":"","_FSMCFIC_featured_image_nocaption":null,"_FSMCFIC_featured_image_hide":null,"footnotes":""},"categories":[174],"tags":[118,184],"class_list":["entry","author-slavicumpress","has-excerpt","post-3425","post","type-post","status-publish","format-standard","has-post-thumbnail","category-interview","tag-czech","tag-karolina-konvalinkova"],"acf":[],"_links":{"self":[{"href":"https:\/\/dlf.uzh.ch\/sites\/slavicumpress\/wp-json\/wp\/v2\/posts\/3425","targetHints":{"allow":["GET"]}}],"collection":[{"href":"https:\/\/dlf.uzh.ch\/sites\/slavicumpress\/wp-json\/wp\/v2\/posts"}],"about":[{"href":"https:\/\/dlf.uzh.ch\/sites\/slavicumpress\/wp-json\/wp\/v2\/types\/post"}],"author":[{"embeddable":true,"href":"https:\/\/dlf.uzh.ch\/sites\/slavicumpress\/wp-json\/wp\/v2\/users\/380"}],"replies":[{"embeddable":true,"href":"https:\/\/dlf.uzh.ch\/sites\/slavicumpress\/wp-json\/wp\/v2\/comments?post=3425"}],"version-history":[{"count":8,"href":"https:\/\/dlf.uzh.ch\/sites\/slavicumpress\/wp-json\/wp\/v2\/posts\/3425\/revisions"}],"predecessor-version":[{"id":10820,"href":"https:\/\/dlf.uzh.ch\/sites\/slavicumpress\/wp-json\/wp\/v2\/posts\/3425\/revisions\/10820"}],"wp:featuredmedia":[{"embeddable":true,"href":"https:\/\/dlf.uzh.ch\/sites\/slavicumpress\/wp-json\/wp\/v2\/media\/3426"}],"wp:attachment":[{"href":"https:\/\/dlf.uzh.ch\/sites\/slavicumpress\/wp-json\/wp\/v2\/media?parent=3425"}],"wp:term":[{"taxonomy":"category","embeddable":true,"href":"https:\/\/dlf.uzh.ch\/sites\/slavicumpress\/wp-json\/wp\/v2\/categories?post=3425"},{"taxonomy":"post_tag","embeddable":true,"href":"https:\/\/dlf.uzh.ch\/sites\/slavicumpress\/wp-json\/wp\/v2\/tags?post=3425"}],"curies":[{"name":"wp","href":"https:\/\/api.w.org\/{rel}","templated":true}]}}