{"id":3207,"date":"2020-03-06T15:17:16","date_gmt":"2020-03-06T14:17:16","guid":{"rendered":"https:\/\/dlf.uzh.ch\/sites\/slavicumpress\/?p=3207"},"modified":"2022-07-25T16:22:58","modified_gmt":"2022-07-25T14:22:58","slug":"julia-borisova-die-entstehung-deutscher-siedlungen-auf-dem-territorium-des-bezirks-schemonaicha","status":"publish","type":"post","link":"https:\/\/dlf.uzh.ch\/sites\/slavicumpress\/2020\/03\/06\/julia-borisova-die-entstehung-deutscher-siedlungen-auf-dem-territorium-des-bezirks-schemonaicha\/","title":{"rendered":"Die Entstehung deutscher Siedlungen auf dem Territorium des Bezirks Schemonaicha \u2013 Julia Borisova"},"content":{"rendered":"<div class=\"wpb-content-wrapper\"><h2><\/h2>\n<h2 style=\"text-align: center\"><strong>Die Entstehung deutscher Siedlungen auf dem Territorium des Bezirks Schemonaicha<\/strong><\/h2>\n<p><a href=\"https:\/\/dlf.uzh.ch\/sites\/slavicumpress\/2020\/03\/07\/%d1%8e%d0%bb%d0%b8%d1%8f-%d0%b1%d0%be%d1%80%d0%b8%d1%81%d0%be%d0%b2%d0%b0-%e2%80%92-%d0%bd%d0%b5%d0%bc%d1%86%d1%8b-%d0%b2-%d0%b2%d0%be%d1%81%d1%82%d0%be%d1%87%d0%bd%d0%be%d0%bc-%d0%ba%d0%b0\/\" target=\"_blank\" rel=\"noopener noreferrer\"><em><span style=\"color: #0000ff\">\u0412\u0435\u0440\u0441\u0438\u044f \u043d\u0430 \u0440\u0443\u0441\u0441\u043a\u043e\u043c<\/span><\/em><\/a><\/p>\n<ol>\n<li>\n<h3><strong>Einleitung<\/strong><\/h3>\n<\/li>\n<\/ol>\n<p>Die massenhafte Auswanderung von Deutschen nach Russland begann bereits 1764 unter Katharina II., die darauf vertraute, dass die flei\u00dfigen deutschen Bauern und Handwerker die nachfolgenden Gebiete in der Wolga- Region und im Nordkaukasus erschlossen und damit f\u00fcr das russische Reich sicherten. Die deutschen Kolonisten selbst hofften, der Armut und dem Leid in der ehemaligen Heimat entfliehen zu k\u00f6nnen, die von endlosen Kriegen heimgesucht wurde. Ende des 19. Jahrhunderts gab es in Russland rund 300 deutsche Kolonien, die Gesamtzahl der Kolonisten erreichte etwa 100.000.<\/p>\n<p>Die Deutschen wanderten in mehr als zwei Jahrhunderten in den europ\u00e4ischen Teil Russlands aus, w\u00e4hrend sich die Deutschen vom Ende des 19. Jahrhunderts bis zum Ausbruch des Ersten Weltkriegs f\u00fcr 20 Jahre an der asiatischen Peripherie und insbesondere in Kasachstan niederlie\u00dfen. Ab diesem Zeitpunkt wird die Bildung von b\u00e4uerlichen D\u00f6rfern mit rein deutscher Bev\u00f6lkerung am Altai herunter gez\u00e4hlt. Die Volksz\u00e4hlung von 1897 ergab, dass 95.972 Menschen in den n\u00f6rdlichen Grenzgebieten Ostkasachstans lebten, darunter 434 Deutsche, was einem Anteil von 0,5 Prozent entsprach.<span class=\"tooltips \" style=\"\" title=\"&lt;em&gt;Alexeenko A.N.V\u00f6lker Ost-Kasachstans Ust-Kamenogorsk: 1996. S.6&lt;\/em&gt;\"><span style=\"color: #000000\"><sup>1<\/sup><\/span><\/span><\/p>\n<figure id=\"attachment_3229\" aria-describedby=\"caption-attachment-3229\" style=\"width: 700px\" class=\"wp-caption aligncenter\"><img loading=\"lazy\" decoding=\"async\" class=\"wp-image-3229 size-full\" src=\"https:\/\/dlf.uzh.ch\/sites\/slavicumpress\/files\/2020\/03\/\u00e0\u00b4\u00b4.1-\u00b4\u00ae\u00c1\u2260\u00ce\u00a9-\u2020\u2021\u00c2\u00ae\u00a2.jpeg\" alt=\"\" width=\"700\" height=\"509\" srcset=\"https:\/\/dlf.uzh.ch\/sites\/slavicumpress\/files\/2020\/03\/\u00e0\u00b4\u00b4.1-\u00b4\u00ae\u00c1\u2260\u00ce\u00a9-\u2020\u2021\u00c2\u00ae\u00a2.jpeg 700w, https:\/\/dlf.uzh.ch\/sites\/slavicumpress\/files\/2020\/03\/\u00e0\u00b4\u00b4.1-\u00b4\u00ae\u00c1\u2260\u00ce\u00a9-\u2020\u2021\u00c2\u00ae\u00a2-300x218.jpeg 300w, https:\/\/dlf.uzh.ch\/sites\/slavicumpress\/files\/2020\/03\/\u00e0\u00b4\u00b4.1-\u00b4\u00ae\u00c1\u2260\u00ce\u00a9-\u2020\u2021\u00c2\u00ae\u00a2-465x338.jpeg 465w, https:\/\/dlf.uzh.ch\/sites\/slavicumpress\/files\/2020\/03\/\u00e0\u00b4\u00b4.1-\u00b4\u00ae\u00c1\u2260\u00ce\u00a9-\u2020\u2021\u00c2\u00ae\u00a2-688x500.jpeg 688w\" sizes=\"auto, (max-width: 700px) 100vw, 700px\" \/><figcaption id=\"caption-attachment-3229\" class=\"wp-caption-text\">Abbildung 1: Karte zur Auswanderung von Deutschen in das Schwarzmeer- und Wolga-Gebiet im 18.\/19. Jahrhundert. (aus dem pers\u00f6nlichen Archiv)<\/figcaption><\/figure>\n<p>Die Ausstellung des Museums f\u00fcr Geschichte und Volkskunst in Schemonaicha zeigt eine Kopie der Familiengeschichte der Familie Weimer, die im Dorf Kenuchovo, Bezirk Schemonaicha, Ostkasachstan lebte und nach der Aufzeichnung, dass die Familie von Jakob Schwindt am 22. September 1767 in Russland in der Kolonie Norka an der Wolga ankam. Die Zusammensetzung der Familie und die H\u00f6he der Leistung, die f\u00fcr die Gr\u00fcndung einer eigenen Wirtschaft an einem neuen Ort von 25 Rubel Geld und einem Pferd im Wert von 9 Rubel erhalten wird, sind angegeben.<span class=\"tooltips \" style=\"\" title=\"&lt;em&gt;Bem N.R. Ausstellung des Bezirks Schemonaicha: Schemonaichinsky Bezirk des XVIII -  XX Jahrhunderts: 1991. S.45&lt;\/em&gt;\"><span style=\"color: #000000\"><sup>2<\/sup><\/span><\/span> Dar\u00fcber hinaus gibt es in anderen Dokumenten Fotografien von deutschen Kolonisten des fr\u00fchen 20. Jahrhunderts, die sp\u00e4ter in Gegend von Schemonaicha in Ostkasachstan lebten.<\/p>\n<figure id=\"attachment_3230\" aria-describedby=\"caption-attachment-3230\" style=\"width: 1024px\" class=\"wp-caption aligncenter\"><img loading=\"lazy\" decoding=\"async\" class=\"wp-image-3230 size-large\" src=\"https:\/\/dlf.uzh.ch\/sites\/slavicumpress\/files\/2020\/03\/\u00e0\u00b4\u00b4.2-\u00eb\u00c7\u2020\u00b0\u2022\u00b0\u2260\u00c6\u2022-\u2030\u00c6\u201a\u00c6-1902-\u00a3\u00c6\u00a7\u2020-\u00f2\u00e0\u00e4\u00e5-1024x708.jpg\" alt=\"\" width=\"1024\" height=\"708\" srcset=\"https:\/\/dlf.uzh.ch\/sites\/slavicumpress\/files\/2020\/03\/\u00e0\u00b4\u00b4.2-\u00eb\u00c7\u2020\u00b0\u2022\u00b0\u2260\u00c6\u2022-\u2030\u00c6\u201a\u00c6-1902-\u00a3\u00c6\u00a7\u2020-\u00f2\u00e0\u00e4\u00e5-1024x708.jpg 1024w, https:\/\/dlf.uzh.ch\/sites\/slavicumpress\/files\/2020\/03\/\u00e0\u00b4\u00b4.2-\u00eb\u00c7\u2020\u00b0\u2022\u00b0\u2260\u00c6\u2022-\u2030\u00c6\u201a\u00c6-1902-\u00a3\u00c6\u00a7\u2020-\u00f2\u00e0\u00e4\u00e5-300x207.jpg 300w, https:\/\/dlf.uzh.ch\/sites\/slavicumpress\/files\/2020\/03\/\u00e0\u00b4\u00b4.2-\u00eb\u00c7\u2020\u00b0\u2022\u00b0\u2260\u00c6\u2022-\u2030\u00c6\u201a\u00c6-1902-\u00a3\u00c6\u00a7\u2020-\u00f2\u00e0\u00e4\u00e5-768x531.jpg 768w, https:\/\/dlf.uzh.ch\/sites\/slavicumpress\/files\/2020\/03\/\u00e0\u00b4\u00b4.2-\u00eb\u00c7\u2020\u00b0\u2022\u00b0\u2260\u00c6\u2022-\u2030\u00c6\u201a\u00c6-1902-\u00a3\u00c6\u00a7\u2020-\u00f2\u00e0\u00e4\u00e5-1536x1061.jpg 1536w, https:\/\/dlf.uzh.ch\/sites\/slavicumpress\/files\/2020\/03\/\u00e0\u00b4\u00b4.2-\u00eb\u00c7\u2020\u00b0\u2022\u00b0\u2260\u00c6\u2022-\u2030\u00c6\u201a\u00c6-1902-\u00a3\u00c6\u00a7\u2020-\u00f2\u00e0\u00e4\u00e5-2048x1415.jpg 2048w, https:\/\/dlf.uzh.ch\/sites\/slavicumpress\/files\/2020\/03\/\u00e0\u00b4\u00b4.2-\u00eb\u00c7\u2020\u00b0\u2022\u00b0\u2260\u00c6\u2022-\u2030\u00c6\u201a\u00c6-1902-\u00a3\u00c6\u00a7\u2020-\u00f2\u00e0\u00e4\u00e5-465x321.jpg 465w, https:\/\/dlf.uzh.ch\/sites\/slavicumpress\/files\/2020\/03\/\u00e0\u00b4\u00b4.2-\u00eb\u00c7\u2020\u00b0\u2022\u00b0\u2260\u00c6\u2022-\u2030\u00c6\u201a\u00c6-1902-\u00a3\u00c6\u00a7\u2020-\u00f2\u00e0\u00e4\u00e5-695x480.jpg 695w\" sizes=\"auto, (max-width: 1024px) 100vw, 1024px\" \/><figcaption id=\"caption-attachment-3230\" class=\"wp-caption-text\">Abbildung 2: Hochzeitsfoto von Christian Meier und Maria Ilk \u00a9 Schemonaichinsky Geschichte-Museum (SchemGM)<\/figcaption><\/figure>\n<p>Die Abbildung 2 zeigt das Hochzeitsfoto von Christian Meier und Mary Ilk mit Eltern und Freunden. Die Jungverm\u00e4hlten lebten im Dorf Marienfeld in Georgien. Die Aufnahme entstand 1900 in Tbilisi. Es ist bemerkenswert, dass Braut und Br\u00e4utigam dunkle Kleider tragen und zu ihren F\u00fc\u00dfen Strohb\u00fcndel liegen, die anscheinend zu den \u00f6rtlichen Hochzeitsbr\u00e4uchen geh\u00f6rten.<span class=\"tooltips \" style=\"\" title=\"&lt;em&gt;Bem N.R. Ausstellung des Bezirks Schemonaicha: Schemonaichinsky Bezirk des XVIII -  XX Jahrhunderts: 1991. S.45&lt;\/em&gt;\"><span style=\"color: #000000\"><sup>3<\/sup><\/span><\/span><\/p>\n<p>Das Bev\u00f6lkerungswachstum in den deutschen Kolonien f\u00fchrte zu Beginn des 20. Jahrhunderts zu einer akuten Landknappheit, die nicht nur in Russland, sondern auch im Ausland eine neue Auswanderungswelle ausl\u00f6ste.<\/p>\n<figure id=\"attachment_3231\" aria-describedby=\"caption-attachment-3231\" style=\"width: 323px\" class=\"wp-caption aligncenter\"><img loading=\"lazy\" decoding=\"async\" class=\"wp-image-3231\" src=\"https:\/\/dlf.uzh.ch\/sites\/slavicumpress\/files\/2020\/03\/\u00e0\u00b4\u00b4.3-\u00eb\u2022\u00a8\u00cf\u00d4-\u00f1\u00a2\u2022\u00a9\u00ca\u00ae\u00a3-\u00f2\u00e0\u00e4\u00e5-717x1024.jpg\" alt=\"\" width=\"323\" height=\"462\" srcset=\"https:\/\/dlf.uzh.ch\/sites\/slavicumpress\/files\/2020\/03\/\u00e0\u00b4\u00b4.3-\u00eb\u2022\u00a8\u00cf\u00d4-\u00f1\u00a2\u2022\u00a9\u00ca\u00ae\u00a3-\u00f2\u00e0\u00e4\u00e5-717x1024.jpg 717w, https:\/\/dlf.uzh.ch\/sites\/slavicumpress\/files\/2020\/03\/\u00e0\u00b4\u00b4.3-\u00eb\u2022\u00a8\u00cf\u00d4-\u00f1\u00a2\u2022\u00a9\u00ca\u00ae\u00a3-\u00f2\u00e0\u00e4\u00e5-210x300.jpg 210w, https:\/\/dlf.uzh.ch\/sites\/slavicumpress\/files\/2020\/03\/\u00e0\u00b4\u00b4.3-\u00eb\u2022\u00a8\u00cf\u00d4-\u00f1\u00a2\u2022\u00a9\u00ca\u00ae\u00a3-\u00f2\u00e0\u00e4\u00e5-768x1097.jpg 768w, https:\/\/dlf.uzh.ch\/sites\/slavicumpress\/files\/2020\/03\/\u00e0\u00b4\u00b4.3-\u00eb\u2022\u00a8\u00cf\u00d4-\u00f1\u00a2\u2022\u00a9\u00ca\u00ae\u00a3-\u00f2\u00e0\u00e4\u00e5-1075x1536.jpg 1075w, https:\/\/dlf.uzh.ch\/sites\/slavicumpress\/files\/2020\/03\/\u00e0\u00b4\u00b4.3-\u00eb\u2022\u00a8\u00cf\u00d4-\u00f1\u00a2\u2022\u00a9\u00ca\u00ae\u00a3-\u00f2\u00e0\u00e4\u00e5-385x550.jpg 385w, https:\/\/dlf.uzh.ch\/sites\/slavicumpress\/files\/2020\/03\/\u00e0\u00b4\u00b4.3-\u00eb\u2022\u00a8\u00cf\u00d4-\u00f1\u00a2\u2022\u00a9\u00ca\u00ae\u00a3-\u00f2\u00e0\u00e4\u00e5-350x500.jpg 350w, https:\/\/dlf.uzh.ch\/sites\/slavicumpress\/files\/2020\/03\/\u00e0\u00b4\u00b4.3-\u00eb\u2022\u00a8\u00cf\u00d4-\u00f1\u00a2\u2022\u00a9\u00ca\u00ae\u00a3-\u00f2\u00e0\u00e4\u00e5.jpg 1375w\" sizes=\"auto, (max-width: 323px) 100vw, 323px\" \/><figcaption id=\"caption-attachment-3231\" class=\"wp-caption-text\">Abbildung 3: David und Ekaterina Zweizig mit Kindern. \u00a9 SchemGM<\/figcaption><\/figure>\n<p>Viele Kolonisten reisten nach Amerika, Kanada, England und andere L\u00e4nder aus. Best\u00e4tigung daf\u00fcr ist das in der Ausstellung des Museums Schemonaicha befindliche Foto der Ehegatten David und Katharina Zweizig mit Kindern, das 1907 in Kanada erstellt wurde, zwei Jahre nachdem \u00a0sie das Wolga &#8211; Gebiet verlie\u00dfen. Das Foto wurde von der j\u00fcngsten Tochter Amalia aus dem Dorf Kamyschenka, Bezirk Schemonaicha, \u00fcbertragen. Ihre Eltern arbeiteten in Kanada bei Bauern, bauten Zuckerr\u00fcben an. Schon zu Beginn des 20. Jahrhunderts nutzten sie im Haushalt Gas und Waschmaschine. Als sie in die Kirche gingen, war das Haus nicht abgeschlossen und unter der T\u00fcr befand sich eine Rispe, ein Zeichen daf\u00fcr, dass die Besitzer nicht anwesend waren. 1912 besuchten sie ihre Verwandten in Russland und waren einen Monat lang mit dem Schiff unterwegs. Zu dieser Zeit brach in der Wolga-Region eine Hungersnot aus. Um ihren Verwandten zu helfen, liehen sie ihnen eine gro\u00dfe Summe Geld. Aber die Verwandten konnten die Schulden nicht zur\u00fcckzahlen, so dass die Familie Zweizig nicht gleich nach Kanada zur\u00fcckkehren konnte. Dann begann der Erste Weltkrieg, die Grenze wurde geschlossen und die Zweizigs mussten sich wieder an der Wolga niederlassen.<\/p>\n<p>Der Hauptstrom der deutschen Migration floss jedoch nach Altai, Kasachstan, Zentralasien und in die Region Orenburg. Dort entstanden um die Wende des 19. zum 20. Jahrhundert Gruppen von Tochterkolonien.<\/p>\n<ol start=\"2\">\n<li>\n<h3><strong>Die ersten Rechtsverletzungen<\/strong><\/h3>\n<\/li>\n<\/ol>\n<figure id=\"attachment_3232\" aria-describedby=\"caption-attachment-3232\" style=\"width: 1024px\" class=\"wp-caption aligncenter\"><img loading=\"lazy\" decoding=\"async\" class=\"wp-image-3232 size-large\" src=\"https:\/\/dlf.uzh.ch\/sites\/slavicumpress\/files\/2020\/03\/\u00e0\u00b4\u00b4.4-\u00e8\u00c6\u00a7\u00a3\u00c6\u201a\u00c6\u00a2\u2122\u2020-\u2122-\u00d8\u00c6\u00b4\u2022\u00a2\u00ce\u00a8-\u2021\u2020\u00b0\u00c6\u201a\u2020\u00a8-\u00f2\u00e0\u00e4\u00e5-1024x747.jpg\" alt=\"\" width=\"1024\" height=\"747\" srcset=\"https:\/\/dlf.uzh.ch\/sites\/slavicumpress\/files\/2020\/03\/\u00e0\u00b4\u00b4.4-\u00e8\u00c6\u00a7\u00a3\u00c6\u201a\u00c6\u00a2\u2122\u2020-\u2122-\u00d8\u00c6\u00b4\u2022\u00a2\u00ce\u00a8-\u2021\u2020\u00b0\u00c6\u201a\u2020\u00a8-\u00f2\u00e0\u00e4\u00e5-1024x747.jpg 1024w, https:\/\/dlf.uzh.ch\/sites\/slavicumpress\/files\/2020\/03\/\u00e0\u00b4\u00b4.4-\u00e8\u00c6\u00a7\u00a3\u00c6\u201a\u00c6\u00a2\u2122\u2020-\u2122-\u00d8\u00c6\u00b4\u2022\u00a2\u00ce\u00a8-\u2021\u2020\u00b0\u00c6\u201a\u2020\u00a8-\u00f2\u00e0\u00e4\u00e5-300x219.jpg 300w, https:\/\/dlf.uzh.ch\/sites\/slavicumpress\/files\/2020\/03\/\u00e0\u00b4\u00b4.4-\u00e8\u00c6\u00a7\u00a3\u00c6\u201a\u00c6\u00a2\u2122\u2020-\u2122-\u00d8\u00c6\u00b4\u2022\u00a2\u00ce\u00a8-\u2021\u2020\u00b0\u00c6\u201a\u2020\u00a8-\u00f2\u00e0\u00e4\u00e5-768x561.jpg 768w, https:\/\/dlf.uzh.ch\/sites\/slavicumpress\/files\/2020\/03\/\u00e0\u00b4\u00b4.4-\u00e8\u00c6\u00a7\u00a3\u00c6\u201a\u00c6\u00a2\u2122\u2020-\u2122-\u00d8\u00c6\u00b4\u2022\u00a2\u00ce\u00a8-\u2021\u2020\u00b0\u00c6\u201a\u2020\u00a8-\u00f2\u00e0\u00e4\u00e5-1536x1121.jpg 1536w, https:\/\/dlf.uzh.ch\/sites\/slavicumpress\/files\/2020\/03\/\u00e0\u00b4\u00b4.4-\u00e8\u00c6\u00a7\u00a3\u00c6\u201a\u00c6\u00a2\u2122\u2020-\u2122-\u00d8\u00c6\u00b4\u2022\u00a2\u00ce\u00a8-\u2021\u2020\u00b0\u00c6\u201a\u2020\u00a8-\u00f2\u00e0\u00e4\u00e5-2048x1495.jpg 2048w, https:\/\/dlf.uzh.ch\/sites\/slavicumpress\/files\/2020\/03\/\u00e0\u00b4\u00b4.4-\u00e8\u00c6\u00a7\u00a3\u00c6\u201a\u00c6\u00a2\u2122\u2020-\u2122-\u00d8\u00c6\u00b4\u2022\u00a2\u00ce\u00a8-\u2021\u2020\u00b0\u00c6\u201a\u2020\u00a8-\u00f2\u00e0\u00e4\u00e5-465x339.jpg 465w, https:\/\/dlf.uzh.ch\/sites\/slavicumpress\/files\/2020\/03\/\u00e0\u00b4\u00b4.4-\u00e8\u00c6\u00a7\u00a3\u00c6\u201a\u00c6\u00a2\u2122\u2020-\u2122-\u00d8\u00c6\u00b4\u2022\u00a2\u00ce\u00a8-\u2021\u2020\u00b0\u00c6\u201a\u2020\u00a8-\u00f2\u00e0\u00e4\u00e5-685x500.jpg 685w\" sizes=\"auto, (max-width: 1024px) 100vw, 1024px\" \/><figcaption id=\"caption-attachment-3232\" class=\"wp-caption-text\">Abbildung 4: Fr\u00fchling. Die deutschen Kolonisten bereiten sich auf die Feldarbeit \u00a0vor. \u00a9 SchemGM<\/figcaption><\/figure>\n<p>Die Umsiedlung der deutschen Kolonisten in das asiatische Russland wurde gemeinsam mit allen russischen Bauern durchgef\u00fchrt. Migrationsgesetze schr\u00e4nkten ihre Rechte in keiner Weise ein. In der Praxis war die Umsiedlung der deutschen mit einer Reihe von Einschr\u00e4nkungen verbunden. Sie waren eine Folge, der in den herrschenden Kreisen vorherrschenden Ansicht, dass die Umsiedlung der deutschen Kolonisten in die \u00f6stliche Peripherie des Zarenreiches nicht den Zielen der russischen Kolonialisierung entspricht und nicht die Interessen der russischen Bauernschaft verletzen sollte.<\/p>\n<p>Mit zunehmendem Migrationsstrom nahm auch der Widerstand der Kommunen gegen die Umsiedlung deutscher Kolonisten zu. Die Ma\u00dfnahmen der zentralen und sibirischen Beh\u00f6rden zur Begrenzung der Abwanderung der deutschen Bev\u00f6lkerung nach Osten waren das Ergebnis der Theorie \u201eder deutschen Vorherrschaft\u201c, die von russischen chauvinistischen Kreisen stark propagiert wurde. Einer der Ausbr\u00fcche der antideutschen Hysterie ereignete sich 1910, als eine Reihe von Ver\u00f6ffentlichungen in den Zeitungen erschienen, die den Alarm \u00fcber die deutsche Invasion in Westsibirien ausl\u00f6sten.<span class=\"tooltips \" style=\"\" title=\"&lt;em&gt;Wibe P.P. Die Umsiedlung deutscher Kolonisten in der Steppenregion Ende des 19. Jahrhunderts zu Beginn des 20. Jahrhunderts. Die Geschichte der Deutschen in Zentralasien:  Materialien einer internationalen wissenschaftlichen Konferenz.Almaty:1998. S. 20&lt;\/em&gt;\"><span style=\"color: #000000\"><sup>4<\/sup><\/span><\/span> Die Vertreter der orthodoxen Kirche waren ernsthaft besorgt \u00fcber die Tatsache, dass unter den Deutschen, die sich dort niederlie\u00dfen, eine gro\u00dfe Anzahl von Sektierern war. Sibirische Verantwortliche f\u00fcr die Neuansiedlung sprachen sich zunehmend f\u00fcr eine getrennte Ansiedlung von Immigranten russischer und nichtrussischer Herkunft aus.<\/p>\n<p>Infolge einer solchen Politik erhielten die Deutschen in der Regel ein Grundst\u00fcck, das von anderen Einwanderern nicht nachgefragt wurde und nicht immer f\u00fcr die Landwirtschaft geeignet war, was nat\u00fcrlich ihre Kolonisationsm\u00f6glichkeiten einschr\u00e4nkte. Unter den Einfluss restriktiver Ma\u00dfnahmen fiel vor allem das Steppengebiet, in geringerem Ma\u00dfe auch Sibirien. Diese Tatsache erkl\u00e4rt das Vorhandensein eines aktiven Schwerpunkts der deutschen Kolonisierung im Nordwesten der heutigen Region Ostkasachstan.<\/p>\n<p>Trotz der Notwendigkeit, sich an ein neues geografisches Umfeld anzupassen, trotz des teilweisen \u00dcbergangs zu anderen Arten der Produktionst\u00e4tigkeit, des problematischen Einlebens in ein neues ethnisches Umfeld, des Vorhandenseins von russifizierenden staatlichen Ma\u00dfnahmen, lassen sich eine Reihe von Faktoren hervorheben, die zur langfristigen Konsolidierung der Deutschen in der Region in der Zeit vor der Revolution beitragen konnten:<\/p>\n<ul>\n<li>Bereitstellung gro\u00dfer Grundst\u00fccke auf dem Lande,<\/li>\n<li>lokale Selbstverwaltung auf Dorfebene,<\/li>\n<li>national und religi\u00f6s homogene Gemeinschaften,<\/li>\n<li>kulturelle und konfessionelle Autonomie.<\/li>\n<\/ul>\n<ol start=\"3\">\n<li>\n<h3><strong>Bildung von Siedlungen. Erste Siedler.<\/strong><\/h3>\n<\/li>\n<\/ol>\n<p>Unter den deutschen Kolonisten gab es viele Meister, aber die Produkte ihres Handwerks fanden nicht immer einen Absatzmarkt, au\u00dferdem war die Kaufkraft der kasachischen Bev\u00f6lkerung sehr gering.<\/p>\n<p>Die Deutschen spielten auch eine bedeutende Rolle bei der Errichtung von b\u00e4uerlichen Privatwirtschaften im S\u00fcden Sibiriens. Dabei handelte es sich um Siedlungen auf Staats-, Kosaken- und Privatgrundst\u00fccken, die sie gekauft oder gemietet hatten. Die Gr\u00fcnder dieser Siedlungen waren der wohlhabendste Teil der deutschen Diaspora in Russland.\u00a0 Im Gegensatz zu den deutschen Kolonien entstanden diese D\u00f6rfer in der Regel in ausreichend erschlossenen Gebieten in der N\u00e4he von Kommunikation und M\u00e4rkten.<\/p>\n<p>Die ersten Kolonisten waren durch zwei Arten von Einwanderern vertreten \u2013 arme Bauern und mutige Unternehmer. Die erste fuhren aus der Hoffnungslosigkeit, die zweite \u2013 Kapital zu verdienen.<\/p>\n<p>Je nach Ausreiseort und -zeit bestand die deutsche Familie, die selbst\u00e4ndig nach Altai auswanderte, aus dem Familienoberhaupt, seiner Frau und in der Regel aus zwei bis drei Kindern. Das Alter der Umsiedler lag bei Erwachsenen zwischen 30 und 40 Jahren und bei Kindern zwischen 6 und 10 Jahren.<span class=\"tooltips \" style=\"\" title=\"&lt;em&gt;Scheidurov W.K. Deutsche Familie im Altai Ende des 19. Jahrhunderts zu Beginn des 20. Jahrhunderts. Die Geschichte der Deutschen in Zentralasien:  Materialien einer internationalen wissenschaftlichen Konferenz.Almaty:1998. S. 45&lt;\/em&gt;\"><span style=\"color: #000000\"><sup>5<\/sup><\/span><\/span><\/p>\n<p>Spezifisch waren auch die Indikatoren des Eheeintrittsalters der Bev\u00f6lkerung der deutschen Kolonien. Das durchschnittliche Heiratsalter in einem deutschen Dorf war etwas h\u00f6her als der Durchschnitt der l\u00e4ndlichen Bev\u00f6lkerung in der Region. Gleichzeitig hat die deutsche Bev\u00f6lkerung f\u00fcr M\u00e4nner ein sp\u00e4teres Heiratsalter als f\u00fcr Frauen. Der Altersunterschied zwischen Ehepartnern betr\u00e4gt im Durchschnitt 1 bis 5 Jahre. Doch manchmal kam es auch zu Verm\u00e4hlungen von Partnern mit 10 Jahren oder mehr Altersunterschied, was zumeist bei Zweitehen anzutreffen war.<span class=\"tooltips \" style=\"\" title=\"&lt;em&gt;Scheidurov W.K. Deutsche Familie im Altai Ende des 19. Jahrhunderts zu Beginn des 20. Jahrhunderts. Die Geschichte der Deutschen in Zentralasien:  Materialien einer internationalen wissenschaftlichen Konferenz.Almaty:1998. S. 45&lt;\/em&gt;\"><span style=\"color: #000000\"><sup>6<\/sup><\/span><\/span><\/p>\n<p>Der Kreis der potentiellen Ehepartner schien f\u00fcr die nationale Minderheit der deutschen Kolonien zu Beginn des 20. Jahrhunderts eher traditionell. Es unterschied sich aus mehreren Gr\u00fcnden nicht in seiner Breite. Erstens konnten aufgrund von nationalen Differenzen, die zu einer Reihe von Widerspr\u00fcchen f\u00fchrten, keine Ehen zwischen deutschen Umsiedlern und anderen Einwanderern und Einheimischen geschlossen werden. Konfessionsunterschiede erlaubten es deutschen Bauern nicht, Personen anderer Nationalit\u00e4ten sowie Personen innerhalb der eigenen Nationalgruppe zu heiraten, da die Widerspr\u00fcche zwischen Katholiken, Lutheranern und Mennoniten sehr stark waren. Dieser Zwangsfaktor verhinderte die Ausweitung des Kreises der Ehepartner bis in die 60\/70er Jahre des 20. Jahrhunderts.\u00a0 Die Erweiterung des Kreises war m\u00f6glich, in dem man Andersgl\u00e4ubige in ihren Kreis zog. Aber die Isolation der deutschen Kolonien lie\u00df diesen Prozess nicht entstehen. Dies f\u00fchrte im Laufe der Zeit dazu, dass Vertreter der im Altai lebenden deutschen Nationalgruppe keine Akzeleration erlebten.<span class=\"tooltips \" style=\"\" title=\"&lt;em&gt;Koschman T.W.Die deutsche Bev\u00f6lkerung der Steppenregion Ende des 19. Jahrhunderts zu Beginn des 20. Jahrhunderts. Die Geschichte der Deutschen in Zentralasien:  Materialien einer internationalen wissenschaftlichen Konferenz.Almaty:1998. S. 34&lt;\/em&gt;\"><span style=\"color: #000000\"><sup>7<\/sup><\/span><\/span> Die erstaunliche Sorgfalt, Organisationscharakteristik des deutschen Volkes und lutherische Religionsethik spielten eine bedeutende Rolle dabei, das deutsche Dorf zu einer der wohlhabendsten \u2013 in materieller und moralischer Hinsicht \u2013 Kolonien zu machen.<span class=\"tooltips \" style=\"\" title=\"&lt;em&gt;Notizen zur lokalen Geschichte. Ausgabe 3. Barnaul:1999. S. 135&lt;\/em&gt;\"><span style=\"color: #000000\"><sup>8<\/sup><\/span><\/span><\/p>\n<ol start=\"4\">\n<li>\n<h3><strong>Deutsche Siedlungen in Bezirk Schemonaichinsky. Pruggerovo und K\u00f6nichovo<\/strong><\/h3>\n<\/li>\n<\/ol>\n\n\t\t\t<div id=\"3207-1\" class=\"gallery gallery-3207 gallery-col-2 gallery-columns-2 gallery-size-full\" itemscope itemtype=\"https:\/\/schema.org\/ImageGallery\">\n\t\t\t\t\t<figure class='gallery-item col-2' itemprop='associatedMedia' itemscope itemtype='https:\/\/schema.org\/ImageObject'>\n\t\t\t\t\t\t<div class='gallery-icon landscape'><a href='https:\/\/dlf.uzh.ch\/sites\/slavicumpress\/2020\/03\/06\/julia-borisova-die-entstehung-deutscher-siedlungen-auf-dem-territorium-des-bezirks-schemonaicha\/a-6-e%e2%80%a2ae-e%e2%80%a1%e2%80%a2%e2%80%a1ae%c2%a2ae-ss-a%e2%89%a0aeae-%e2%80%a0%e2%80%a1a%c2%a2%e2%80%a0\/' itemprop=\"contentURL\"><img loading=\"lazy\" decoding=\"async\" width=\"200\" height=\"158\" src=\"https:\/\/dlf.uzh.ch\/sites\/slavicumpress\/files\/2020\/03\/\u00e0\u00b4\u00b4.6-\u00eb\u2022\u00b4\u00c6-\u00e8\u2021\u201e\u00a3\u00a3\u2022\u2021\u00c6\u00a2\u00c6-\u00ae\u00df-\u00b4\u00ae\u00c1\u2260\u00c6\u00a3\u00c6-\u2020\u2021\u00c2\u00ae\u00a2\u2020-.jpg\" class=\"attachment-full size-full\" alt=\"\" aria-describedby=\"figcaption-3207-3234\" itemprop=\"thumbnail\" \/><\/a><\/div>\n\t\t\t\t\t\t<figcaption id=\"figcaption-3207-3234\" class=\"gallery-caption\" itemprop=\"caption\">Abbildung 5: Das Dorf Pruggerovo. \u00a9 SchemGM<\/figcaption>\n\t\t\t\t\t<\/figure>\n\t\t\t\t\t<figure class='gallery-item col-2' itemprop='associatedMedia' itemscope itemtype='https:\/\/schema.org\/ImageObject'>\n\t\t\t\t\t\t<div class='gallery-icon portrait'><a href='https:\/\/dlf.uzh.ch\/sites\/slavicumpress\/2020\/03\/06\/julia-borisova-die-entstehung-deutscher-siedlungen-auf-dem-territorium-des-bezirks-schemonaicha\/a-5-a%e2%80%a0a%c2%a8%e2%80%a0%e2%89%a0-ae-ae-oaaea\/' itemprop=\"contentURL\"><img loading=\"lazy\" decoding=\"async\" width=\"1231\" height=\"1356\" src=\"https:\/\/dlf.uzh.ch\/sites\/slavicumpress\/files\/2020\/03\/\u00e0\u00b4\u00b4.5-\u00c5\u2020\u00c2\u00a8\u2020\u2260-\u00c4.\u00c4.-\u00f2\u00e0\u00e4\u00e5.jpg\" class=\"attachment-full size-full\" alt=\"\" srcset=\"https:\/\/dlf.uzh.ch\/sites\/slavicumpress\/files\/2020\/03\/\u00e0\u00b4\u00b4.5-\u00c5\u2020\u00c2\u00a8\u2020\u2260-\u00c4.\u00c4.-\u00f2\u00e0\u00e4\u00e5.jpg 1231w, https:\/\/dlf.uzh.ch\/sites\/slavicumpress\/files\/2020\/03\/\u00e0\u00b4\u00b4.5-\u00c5\u2020\u00c2\u00a8\u2020\u2260-\u00c4.\u00c4.-\u00f2\u00e0\u00e4\u00e5-272x300.jpg 272w, https:\/\/dlf.uzh.ch\/sites\/slavicumpress\/files\/2020\/03\/\u00e0\u00b4\u00b4.5-\u00c5\u2020\u00c2\u00a8\u2020\u2260-\u00c4.\u00c4.-\u00f2\u00e0\u00e4\u00e5-930x1024.jpg 930w, https:\/\/dlf.uzh.ch\/sites\/slavicumpress\/files\/2020\/03\/\u00e0\u00b4\u00b4.5-\u00c5\u2020\u00c2\u00a8\u2020\u2260-\u00c4.\u00c4.-\u00f2\u00e0\u00e4\u00e5-768x846.jpg 768w, https:\/\/dlf.uzh.ch\/sites\/slavicumpress\/files\/2020\/03\/\u00e0\u00b4\u00b4.5-\u00c5\u2020\u00c2\u00a8\u2020\u2260-\u00c4.\u00c4.-\u00f2\u00e0\u00e4\u00e5-465x512.jpg 465w, https:\/\/dlf.uzh.ch\/sites\/slavicumpress\/files\/2020\/03\/\u00e0\u00b4\u00b4.5-\u00c5\u2020\u00c2\u00a8\u2020\u2260-\u00c4.\u00c4.-\u00f2\u00e0\u00e4\u00e5-454x500.jpg 454w\" sizes=\"auto, (max-width: 1231px) 100vw, 1231px\" aria-describedby=\"figcaption-3207-3233\" itemprop=\"thumbnail\" \/><\/a><\/div>\n\t\t\t\t\t\t<figcaption id=\"figcaption-3207-3233\" class=\"gallery-caption\" itemprop=\"caption\">Abbildung 6: A. A. Bachmann \u00a9 SchemGM<\/figcaption>\n\t\t\t\t\t<\/figure>\n\t\t\t<\/div><!-- .gallery -->\n\n<p>Auf dem Gebiet des heutigen Kreises Schemonaicha entstanden zwischen 1900 und 1910 vier deutsche D\u00f6rfer. Das gr\u00f6\u00dfte davon war Pruggerhof, der in der Sowjetzeit einfach Pruggerovo genannt wurde. \u00a0Der Museumsfonds enth\u00e4lt eine Fotokopie des Archivdokuments, das am 20. M\u00e4rz 1902 zwischen dem deutschen Untertanen Otto Adolfowitsch K\u00f6nig und der Generaldirektion des Altai-Bezirks geschlossen wurde. Das Dokument besagt, dass K\u00f6nig am 1. Januar 1908 ein Grundst\u00fcck von etwa 1.140 Hektar f\u00fcr landwirtschaftliche Zwecke pachtete. Die j\u00e4hrliche Pacht betrug 570 Rubel, was eine nicht unbedeutende Summe war.<span class=\"tooltips \" style=\"\" title=\"&lt;em&gt;Bem N.R. Ausstellung des Bezirks Schemonaicha: Schemonaichinsky bezirk des XVIII -  XX Jahrhunderts: 1991. S.45&lt;\/em&gt;\"><span style=\"color: #000000\"><sup>9<\/sup><\/span><\/span><\/p>\n<p>Nach den Erinnerungen des alten Bewohners des Dorfes Pruggerovo Adam Adamowitsch Bachmann, der K\u00f6nig pers\u00f6nlich kannte, tr\u00e4umte dieser, die erste Zuckerfabrik in Sibirien zu bauen. Er war ausgebildeter Bauingenieur und hatte bereits Erfahrung mit \u00e4hnlichen Konstruktionen in der Provinz Kiew.<span class=\"tooltips \" style=\"\" title=\"&lt;em&gt;Bachman A.A. Erinnerungen. Ost-Kasachstans Geschichte- Museum Schemonaichinsky Bezirk: 1799. S.3&lt;\/em&gt;\"><span style=\"color: #000000\"><sup>10<\/sup><\/span><\/span> Die Grundst\u00fccke, auf denen die ersten Siedler Halt machten, wurden von den Briten erworben, die nach Erzvorkommen von Buntmetallen suchten. Dieses Bergwerk wurde sp\u00e4ter aufgegeben. Einwanderer mieteten ein gro\u00dfes Grundst\u00fcck von Herrn Cranes und begannen, es zu erschlie\u00dfen.<\/p>\n<p>Auf dem Gel\u00e4nde des heutigen Dorfes Pruggerovo baute K\u00f6nig ein Zweizimmerhaus, das er dann als Siedler an die Br\u00fcder Prugger verkaufte. Er selbst r\u00fcckte n\u00e4her ans Wasser, wo das neue Dorf K\u00f6nigshof, heute K\u00f6nichovo, entstand. K\u00f6nig vermietete sein Land an Einwanderer und schloss mit ihnen Vereinbarungen \u00fcber den Anbau von Zuckerr\u00fcben, f\u00fcr die er Saatgut und landwirtschaftliche Ger\u00e4te verteilte.<\/p>\n<p>Beim Bau einer Zuckerfabrik konnte K\u00f6nig auf die Unterst\u00fctzung von Kaufleuten aus Semipalatinsk zur\u00fcckgreifen. Aber im Jahr 1913, weil er die Miete nicht p\u00fcnktlich bezahlt hatte, wurde ihm die weitere Vermietung verweigert. K\u00f6nig begann einen Gerichtsprozess, ging zu diesem Zweck nach Petersburg, verlor aber diesen Rechtsstreit und der Ausbruch des Ersten Weltkrieges vereitelte seine Pl\u00e4ne endg\u00fcltig. Das weitere Schicksal von K\u00f6nig ist unbekannt.<span class=\"tooltips \" style=\"\" title=\"&lt;em&gt;Bachman A.A. Erinnerungen. Ost-Kasachstans Geschichte- Museum Schemonaichinsky Bezirk: 1799. S.3&lt;\/em&gt;\"><span style=\"color: #000000\"><sup>11<\/sup><\/span><\/span><\/p>\n<p>Die Br\u00fcder Josef und Johann Prugger waren ehemalige \u00f6sterreichische Untertanen. Sie wollten nicht in der \u00f6sterreichischen Armee dienen, \u00fcberschritten heimlich die russische Grenze und lie\u00dfen sich im deutschen Dorf Gnadenburg im Nordkaukasus nieder. Hier gr\u00fcndeten sie Familien und zogen nach Sibirien in das Dorf Matweewka in der Altai-Region. Im M\u00e4rz 1908 lie\u00dfen sie sich an der Stelle des sp\u00e4teren Dorfes Pruggerovo nieder, das 1922 zu ihren Ehren benannt wurde. Das Schicksal brachte sie an den neuen Ort zur Familie Bachmann. (Die Tochter von Josef Prugger heiratete sp\u00e4ter Bachmanns Sohn.) Zuerst wurden am neuen Ort ger\u00e4umige Unterstandsh\u00e4user gebaut, die gut w\u00e4rmten, dann kauften sie ein gro\u00dfes Haus bei K\u00f6nig. Die Natur beg\u00fcnstigte die Entwicklung der Wirtschaft, es war nicht notwendig, Vieh weit von der Weide zu treiben. Diese Orte bezeichneten die Pruggers nicht ohne Grund als Paradies.<span class=\"tooltips \" style=\"\" title=\"&lt;em&gt;Bachman A.A. Erinnerungen. Ost-Kasachstans Geschichte- Museum Schemonaichinsky Bezirk: 1799. S.3&lt;\/em&gt;\"><span style=\"color: #000000\"><sup>12<\/sup><\/span><\/span><\/p>\n\n\t\t\t<div id=\"3207-2\" class=\"gallery gallery-3207 gallery-col-2 gallery-columns-2 gallery-size-large\" itemscope itemtype=\"https:\/\/schema.org\/ImageGallery\">\n\t\t\t\t\t<figure class='gallery-item col-2' itemprop='associatedMedia' itemscope itemtype='https:\/\/schema.org\/ImageObject'>\n\t\t\t\t\t\t<div class='gallery-icon portrait'><a href='https:\/\/dlf.uzh.ch\/sites\/slavicumpress\/2020\/03\/06\/julia-borisova-die-entstehung-deutscher-siedlungen-auf-dem-territorium-des-bezirks-schemonaicha\/a-8-ae%e2%89%a0%e2%89%a0%e2%80%a0-a%e2%80%a0%e2%89%a0%c2%a7%e2%80%a2i-%c2%b7-%c2%b7i%e2%89%a0ae%c2%a8oaaea\/' itemprop=\"contentURL\"><img loading=\"lazy\" decoding=\"async\" width=\"667\" height=\"1024\" src=\"https:\/\/dlf.uzh.ch\/sites\/slavicumpress\/files\/2020\/03\/\u00e0\u00b4\u00b4.-8-\u00c4\u2260\u2260\u2020-\u00e3\u2020\u2260\u00a7\u2022\u00b4\u00cf-\u00b7-\u00b7\u00ce\u2260\u00c6\u00a8\u00f2\u00e0\u00e4\u00e5-667x1024.jpg\" class=\"attachment-large size-large\" alt=\"\" srcset=\"https:\/\/dlf.uzh.ch\/sites\/slavicumpress\/files\/2020\/03\/\u00e0\u00b4\u00b4.-8-\u00c4\u2260\u2260\u2020-\u00e3\u2020\u2260\u00a7\u2022\u00b4\u00cf-\u00b7-\u00b7\u00ce\u2260\u00c6\u00a8\u00f2\u00e0\u00e4\u00e5-667x1024.jpg 667w, https:\/\/dlf.uzh.ch\/sites\/slavicumpress\/files\/2020\/03\/\u00e0\u00b4\u00b4.-8-\u00c4\u2260\u2260\u2020-\u00e3\u2020\u2260\u00a7\u2022\u00b4\u00cf-\u00b7-\u00b7\u00ce\u2260\u00c6\u00a8\u00f2\u00e0\u00e4\u00e5-195x300.jpg 195w, https:\/\/dlf.uzh.ch\/sites\/slavicumpress\/files\/2020\/03\/\u00e0\u00b4\u00b4.-8-\u00c4\u2260\u2260\u2020-\u00e3\u2020\u2260\u00a7\u2022\u00b4\u00cf-\u00b7-\u00b7\u00ce\u2260\u00c6\u00a8\u00f2\u00e0\u00e4\u00e5-768x1179.jpg 768w, https:\/\/dlf.uzh.ch\/sites\/slavicumpress\/files\/2020\/03\/\u00e0\u00b4\u00b4.-8-\u00c4\u2260\u2260\u2020-\u00e3\u2020\u2260\u00a7\u2022\u00b4\u00cf-\u00b7-\u00b7\u00ce\u2260\u00c6\u00a8\u00f2\u00e0\u00e4\u00e5-358x550.jpg 358w, https:\/\/dlf.uzh.ch\/sites\/slavicumpress\/files\/2020\/03\/\u00e0\u00b4\u00b4.-8-\u00c4\u2260\u2260\u2020-\u00e3\u2020\u2260\u00a7\u2022\u00b4\u00cf-\u00b7-\u00b7\u00ce\u2260\u00c6\u00a8\u00f2\u00e0\u00e4\u00e5-326x500.jpg 326w, https:\/\/dlf.uzh.ch\/sites\/slavicumpress\/files\/2020\/03\/\u00e0\u00b4\u00b4.-8-\u00c4\u2260\u2260\u2020-\u00e3\u2020\u2260\u00a7\u2022\u00b4\u00cf-\u00b7-\u00b7\u00ce\u2260\u00c6\u00a8\u00f2\u00e0\u00e4\u00e5.jpg 1001w\" sizes=\"auto, (max-width: 667px) 100vw, 667px\" aria-describedby=\"figcaption-3207-3224\" itemprop=\"thumbnail\" \/><\/a><\/div>\n\t\t\t\t\t\t<figcaption id=\"figcaption-3207-3224\" class=\"gallery-caption\" itemprop=\"caption\">\u0418\u043b\u043b\u044e\u0441\u0442\u0440\u0430\u0446\u0438\u044f 8. \u0410\u043d\u043d\u0430 \u041b\u0430\u043d\u0434\u0435\u043b\u044c \u0441 \u0441\u044b\u043d\u043e\u043c. \u00a9 \u0428\u0418\u041a\u041c<\/figcaption>\n\t\t\t\t\t<\/figure>\n\t\t\t\t\t<figure class='gallery-item col-2' itemprop='associatedMedia' itemscope itemtype='https:\/\/schema.org\/ImageObject'>\n\t\t\t\t\t\t<div class='gallery-icon portrait'><a href='https:\/\/dlf.uzh.ch\/sites\/slavicumpress\/2020\/03\/06\/julia-borisova-die-entstehung-deutscher-siedlungen-auf-dem-territorium-des-bezirks-schemonaicha\/a-7-e%c2%a2%c2%a7%e2%80%a2%e2%80%a2i%c2%b7%c2%a2ae-ae-%e2%80%a1ae%c2%b6%c2%a7%e2%80%a2%e2%89%a0-%c2%a7%e2%80%a2%e2%80%a2-a-e\/' itemprop=\"contentURL\"><img loading=\"lazy\" decoding=\"async\" width=\"724\" height=\"1024\" src=\"https:\/\/dlf.uzh.ch\/sites\/slavicumpress\/files\/2020\/03\/\u00e0\u00b4\u00b4.-7-\u00eb\u00a2\u00ae\u00a7\u2022\u201a\u2022\u00b4\u00cf\u00b7\u201a\u00a2\u00c6-\u00c6-\u2021\u00c6\u00b6\u00a7\u2022\u2260\u00ae\u00ae-\u00a7\u2022\u201a\u2022\u00a9-\u00e0.-\u00e8\u2021\u201e\u00a3\u00a3\u2022\u2021\u2020-\u00f2\u00e0\u00e4\u00e5-724x1024.jpg\" class=\"attachment-large size-large\" alt=\"\" srcset=\"https:\/\/dlf.uzh.ch\/sites\/slavicumpress\/files\/2020\/03\/\u00e0\u00b4\u00b4.-7-\u00eb\u00a2\u00ae\u00a7\u2022\u201a\u2022\u00b4\u00cf\u00b7\u201a\u00a2\u00c6-\u00c6-\u2021\u00c6\u00b6\u00a7\u2022\u2260\u00ae\u00ae-\u00a7\u2022\u201a\u2022\u00a9-\u00e0.-\u00e8\u2021\u201e\u00a3\u00a3\u2022\u2021\u2020-\u00f2\u00e0\u00e4\u00e5-724x1024.jpg 724w, https:\/\/dlf.uzh.ch\/sites\/slavicumpress\/files\/2020\/03\/\u00e0\u00b4\u00b4.-7-\u00eb\u00a2\u00ae\u00a7\u2022\u201a\u2022\u00b4\u00cf\u00b7\u201a\u00a2\u00c6-\u00c6-\u2021\u00c6\u00b6\u00a7\u2022\u2260\u00ae\u00ae-\u00a7\u2022\u201a\u2022\u00a9-\u00e0.-\u00e8\u2021\u201e\u00a3\u00a3\u2022\u2021\u2020-\u00f2\u00e0\u00e4\u00e5-212x300.jpg 212w, https:\/\/dlf.uzh.ch\/sites\/slavicumpress\/files\/2020\/03\/\u00e0\u00b4\u00b4.-7-\u00eb\u00a2\u00ae\u00a7\u2022\u201a\u2022\u00b4\u00cf\u00b7\u201a\u00a2\u00c6-\u00c6-\u2021\u00c6\u00b6\u00a7\u2022\u2260\u00ae\u00ae-\u00a7\u2022\u201a\u2022\u00a9-\u00e0.-\u00e8\u2021\u201e\u00a3\u00a3\u2022\u2021\u2020-\u00f2\u00e0\u00e4\u00e5-768x1086.jpg 768w, https:\/\/dlf.uzh.ch\/sites\/slavicumpress\/files\/2020\/03\/\u00e0\u00b4\u00b4.-7-\u00eb\u00a2\u00ae\u00a7\u2022\u201a\u2022\u00b4\u00cf\u00b7\u201a\u00a2\u00c6-\u00c6-\u2021\u00c6\u00b6\u00a7\u2022\u2260\u00ae\u00ae-\u00a7\u2022\u201a\u2022\u00a9-\u00e0.-\u00e8\u2021\u201e\u00a3\u00a3\u2022\u2021\u2020-\u00f2\u00e0\u00e4\u00e5-1086x1536.jpg 1086w, https:\/\/dlf.uzh.ch\/sites\/slavicumpress\/files\/2020\/03\/\u00e0\u00b4\u00b4.-7-\u00eb\u00a2\u00ae\u00a7\u2022\u201a\u2022\u00b4\u00cf\u00b7\u201a\u00a2\u00c6-\u00c6-\u2021\u00c6\u00b6\u00a7\u2022\u2260\u00ae\u00ae-\u00a7\u2022\u201a\u2022\u00a9-\u00e0.-\u00e8\u2021\u201e\u00a3\u00a3\u2022\u2021\u2020-\u00f2\u00e0\u00e4\u00e5-1448x2048.jpg 1448w, https:\/\/dlf.uzh.ch\/sites\/slavicumpress\/files\/2020\/03\/\u00e0\u00b4\u00b4.-7-\u00eb\u00a2\u00ae\u00a7\u2022\u201a\u2022\u00b4\u00cf\u00b7\u201a\u00a2\u00c6-\u00c6-\u2021\u00c6\u00b6\u00a7\u2022\u2260\u00ae\u00ae-\u00a7\u2022\u201a\u2022\u00a9-\u00e0.-\u00e8\u2021\u201e\u00a3\u00a3\u2022\u2021\u2020-\u00f2\u00e0\u00e4\u00e5-389x550.jpg 389w, https:\/\/dlf.uzh.ch\/sites\/slavicumpress\/files\/2020\/03\/\u00e0\u00b4\u00b4.-7-\u00eb\u00a2\u00ae\u00a7\u2022\u201a\u2022\u00b4\u00cf\u00b7\u201a\u00a2\u00c6-\u00c6-\u2021\u00c6\u00b6\u00a7\u2022\u2260\u00ae\u00ae-\u00a7\u2022\u201a\u2022\u00a9-\u00e0.-\u00e8\u2021\u201e\u00a3\u00a3\u2022\u2021\u2020-\u00f2\u00e0\u00e4\u00e5-354x500.jpg 354w, https:\/\/dlf.uzh.ch\/sites\/slavicumpress\/files\/2020\/03\/\u00e0\u00b4\u00b4.-7-\u00eb\u00a2\u00ae\u00a7\u2022\u201a\u2022\u00b4\u00cf\u00b7\u201a\u00a2\u00c6-\u00c6-\u2021\u00c6\u00b6\u00a7\u2022\u2260\u00ae\u00ae-\u00a7\u2022\u201a\u2022\u00a9-\u00e0.-\u00e8\u2021\u201e\u00a3\u00a3\u2022\u2021\u2020-\u00f2\u00e0\u00e4\u00e5-scaled.jpg 1810w\" sizes=\"auto, (max-width: 724px) 100vw, 724px\" aria-describedby=\"figcaption-3207-3223\" itemprop=\"thumbnail\" \/><\/a><\/div>\n\t\t\t\t\t\t<figcaption id=\"figcaption-3207-3223\" class=\"gallery-caption\" itemprop=\"caption\">\u0418\u043b\u043b\u044e\u0441\u0442\u0440\u0430\u0446\u0438\u044f 7. \u0421\u0432\u0438\u0434\u0435\u0442\u0435\u043b\u044c\u0441\u0442\u0432\u043e \u043e \u0440\u043e\u0436\u0434\u0435\u043d\u0438\u0438 \u0434\u0435\u0442\u0435\u0439 \u0418. \u041f\u0440\u0443\u0433\u0433\u0435\u0440\u0430. \u00a9 \u0428\u0418\u041a\u041c<\/figcaption>\n\t\t\t\t\t<\/figure>\n\t\t\t\t\t<figure class='gallery-item col-2' itemprop='associatedMedia' itemscope itemtype='https:\/\/schema.org\/ImageObject'>\n\t\t\t\t\t\t<div class='gallery-icon landscape'><a href='https:\/\/dlf.uzh.ch\/sites\/slavicumpress\/2020\/03\/06\/julia-borisova-die-entstehung-deutscher-siedlungen-auf-dem-territorium-des-bezirks-schemonaicha\/a-9-e%e2%80%a2%c2%a8io-a%e2%80%a0%e2%89%a0%c2%a7%e2%80%a2i-oaaea\/' itemprop=\"contentURL\"><img loading=\"lazy\" decoding=\"async\" width=\"1024\" height=\"684\" src=\"https:\/\/dlf.uzh.ch\/sites\/slavicumpress\/files\/2020\/03\/\u00e0\u00b4\u00b4.-9-\u00eb\u2022\u00a8\u00cf\u00d4-\u00e3\u2020\u2260\u00a7\u2022\u00b4\u00cf-\u00f2\u00e0\u00e4\u00e5--1024x684.jpg\" class=\"attachment-large size-large\" alt=\"\" srcset=\"https:\/\/dlf.uzh.ch\/sites\/slavicumpress\/files\/2020\/03\/\u00e0\u00b4\u00b4.-9-\u00eb\u2022\u00a8\u00cf\u00d4-\u00e3\u2020\u2260\u00a7\u2022\u00b4\u00cf-\u00f2\u00e0\u00e4\u00e5--1024x684.jpg 1024w, https:\/\/dlf.uzh.ch\/sites\/slavicumpress\/files\/2020\/03\/\u00e0\u00b4\u00b4.-9-\u00eb\u2022\u00a8\u00cf\u00d4-\u00e3\u2020\u2260\u00a7\u2022\u00b4\u00cf-\u00f2\u00e0\u00e4\u00e5--300x200.jpg 300w, https:\/\/dlf.uzh.ch\/sites\/slavicumpress\/files\/2020\/03\/\u00e0\u00b4\u00b4.-9-\u00eb\u2022\u00a8\u00cf\u00d4-\u00e3\u2020\u2260\u00a7\u2022\u00b4\u00cf-\u00f2\u00e0\u00e4\u00e5--768x513.jpg 768w, https:\/\/dlf.uzh.ch\/sites\/slavicumpress\/files\/2020\/03\/\u00e0\u00b4\u00b4.-9-\u00eb\u2022\u00a8\u00cf\u00d4-\u00e3\u2020\u2260\u00a7\u2022\u00b4\u00cf-\u00f2\u00e0\u00e4\u00e5--1536x1026.jpg 1536w, https:\/\/dlf.uzh.ch\/sites\/slavicumpress\/files\/2020\/03\/\u00e0\u00b4\u00b4.-9-\u00eb\u2022\u00a8\u00cf\u00d4-\u00e3\u2020\u2260\u00a7\u2022\u00b4\u00cf-\u00f2\u00e0\u00e4\u00e5--2048x1368.jpg 2048w, https:\/\/dlf.uzh.ch\/sites\/slavicumpress\/files\/2020\/03\/\u00e0\u00b4\u00b4.-9-\u00eb\u2022\u00a8\u00cf\u00d4-\u00e3\u2020\u2260\u00a7\u2022\u00b4\u00cf-\u00f2\u00e0\u00e4\u00e5--465x311.jpg 465w, https:\/\/dlf.uzh.ch\/sites\/slavicumpress\/files\/2020\/03\/\u00e0\u00b4\u00b4.-9-\u00eb\u2022\u00a8\u00cf\u00d4-\u00e3\u2020\u2260\u00a7\u2022\u00b4\u00cf-\u00f2\u00e0\u00e4\u00e5--695x464.jpg 695w\" sizes=\"auto, (max-width: 1024px) 100vw, 1024px\" aria-describedby=\"figcaption-3207-3225\" itemprop=\"thumbnail\" \/><\/a><\/div>\n\t\t\t\t\t\t<figcaption id=\"figcaption-3207-3225\" class=\"gallery-caption\" itemprop=\"caption\">Abbildung 9: Die Familie Landel. (aus dem Schemonaichinsky Geschichte-Museum)<\/figcaption>\n\t\t\t\t\t<\/figure>\n\t\t\t<\/div><!-- .gallery -->\n\n<p>Die Geschichte der Pruggers ist nicht nur m\u00fcndlich \u00fcberliefert, sondern wird auch durch ein Dokument best\u00e4tigt: Geburts- und Taufurkunde der Kinder von Josef\u00a0 Prugger. Das Originaldokument befindet sich bei Maria Tezlaf, Urenkelin der Pruggers, die heute in Deutschland lebt. Die Ausstellung des Museums in Schemonaicha zeigt ein Foto der \u00e4ltesten Tochter von Josef \u2013 Anna mit ihrem Sohn aus dem Jahr 1918. Nach den Erinnerungen alter Zeitgenossen starben zwei S\u00f6hne des Pruggers Hermann und Alexander an der Front w\u00e4hrend des Ersten Weltkriegs, als sie f\u00fcr Russland k\u00e4mpften.<\/p>\n<ol start=\"5\">\n<li>\n<h3><strong>Das Dorf Gorkunovo<\/strong><\/h3>\n<\/li>\n<\/ol>\n<figure id=\"attachment_3235\" aria-describedby=\"caption-attachment-3235\" style=\"width: 355px\" class=\"wp-caption aligncenter\"><img loading=\"lazy\" decoding=\"async\" class=\"wp-image-3235\" src=\"https:\/\/dlf.uzh.ch\/sites\/slavicumpress\/files\/2020\/03\/\u00e0\u00b4\u00b4.10\u00e5\u00c6\u00b4\u00c6\u00a7\u00c6\u00b6\u00d2\u2260\u00ce-\u00f2\u2022\u2260\u2122\u2022\u00b4\u00cf-\u00f2\u00e0\u00e4\u00e5-663x1024.jpg\" alt=\"\" width=\"355\" height=\"548\" srcset=\"https:\/\/dlf.uzh.ch\/sites\/slavicumpress\/files\/2020\/03\/\u00e0\u00b4\u00b4.10\u00e5\u00c6\u00b4\u00c6\u00a7\u00c6\u00b6\u00d2\u2260\u00ce-\u00f2\u2022\u2260\u2122\u2022\u00b4\u00cf-\u00f2\u00e0\u00e4\u00e5-663x1024.jpg 663w, https:\/\/dlf.uzh.ch\/sites\/slavicumpress\/files\/2020\/03\/\u00e0\u00b4\u00b4.10\u00e5\u00c6\u00b4\u00c6\u00a7\u00c6\u00b6\u00d2\u2260\u00ce-\u00f2\u2022\u2260\u2122\u2022\u00b4\u00cf-\u00f2\u00e0\u00e4\u00e5-194x300.jpg 194w, https:\/\/dlf.uzh.ch\/sites\/slavicumpress\/files\/2020\/03\/\u00e0\u00b4\u00b4.10\u00e5\u00c6\u00b4\u00c6\u00a7\u00c6\u00b6\u00d2\u2260\u00ce-\u00f2\u2022\u2260\u2122\u2022\u00b4\u00cf-\u00f2\u00e0\u00e4\u00e5-768x1186.jpg 768w, https:\/\/dlf.uzh.ch\/sites\/slavicumpress\/files\/2020\/03\/\u00e0\u00b4\u00b4.10\u00e5\u00c6\u00b4\u00c6\u00a7\u00c6\u00b6\u00d2\u2260\u00ce-\u00f2\u2022\u2260\u2122\u2022\u00b4\u00cf-\u00f2\u00e0\u00e4\u00e5-995x1536.jpg 995w, https:\/\/dlf.uzh.ch\/sites\/slavicumpress\/files\/2020\/03\/\u00e0\u00b4\u00b4.10\u00e5\u00c6\u00b4\u00c6\u00a7\u00c6\u00b6\u00d2\u2260\u00ce-\u00f2\u2022\u2260\u2122\u2022\u00b4\u00cf-\u00f2\u00e0\u00e4\u00e5-356x550.jpg 356w, https:\/\/dlf.uzh.ch\/sites\/slavicumpress\/files\/2020\/03\/\u00e0\u00b4\u00b4.10\u00e5\u00c6\u00b4\u00c6\u00a7\u00c6\u00b6\u00d2\u2260\u00ce-\u00f2\u2022\u2260\u2122\u2022\u00b4\u00cf-\u00f2\u00e0\u00e4\u00e5-324x500.jpg 324w, https:\/\/dlf.uzh.ch\/sites\/slavicumpress\/files\/2020\/03\/\u00e0\u00b4\u00b4.10\u00e5\u00c6\u00b4\u00c6\u00a7\u00c6\u00b6\u00d2\u2260\u00ce-\u00f2\u2022\u2260\u2122\u2022\u00b4\u00cf-\u00f2\u00e0\u00e4\u00e5.jpg 1037w\" sizes=\"auto, (max-width: 355px) 100vw, 355px\" \/><figcaption id=\"caption-attachment-3235\" class=\"wp-caption-text\">Abbildung 10: Hochzeitsfoto der Familie Schenkel \u00a9 SchemGM<\/figcaption><\/figure>\n<p>Das dritte deutsche Dorf Gorkunovo hie\u00df fr\u00fcher Gnadenfeld, wie die Geburts- und Taufurkunde von Jacob Schenhalz (Sch\u00f6nhals) 1918 belegen. Die Gorkunovs lebten auf dem Nachbargrundst\u00fcck, daher wurde der russische Name offiziell festgelegt. Die Geschichte des Dorfes Gorkunovo, das von deutschen Einwanderern aus der Provinz\u00a0 Saratow im Wolga-Gebiet gegr\u00fcndet wurde, wird nach den Worten des 1917 geborenen Jacob Schenhalz (Sch\u00f6nhls) aufgezeichnet, der im Jahre 1991 nach Deutschland aussiedelte. \u201eDeutsche Familien, die in der N\u00e4he von Gorkunovo Rasenh\u00e4user bauten, nannten diese Siedlung Schenkel-Chutor, da die meisten Familien den Namen Schenkel trugen.<span class=\"tooltips \" style=\"\" title=\"&lt;em&gt;Schenhalz Ja.A. Erinnerungen. Ost-Kasachstans Geschichte- Museum Schemonaichinsky Bezirk: 1799. S.3&lt;\/em&gt;\"><span style=\"color: #000000\"><sup>13<\/sup><\/span><\/span> Mein Vater baute eine Schmiede und besch\u00e4ftigte sich auch mit Landwirtschaft. Die Bodenbearbeitung wurde mit Eisenpfl\u00fcgen auf Pferden durchgef\u00fchrt.\u201c<\/p>\n<figure id=\"attachment_3236\" aria-describedby=\"caption-attachment-3236\" style=\"width: 700px\" class=\"wp-caption aligncenter\"><img loading=\"lazy\" decoding=\"async\" class=\"wp-image-3236 size-full\" src=\"https:\/\/dlf.uzh.ch\/sites\/slavicumpress\/files\/2020\/03\/\u00e0\u00b4\u00b4.11-\u00e9\u201a\u00d8\u2021\u2020\u00a2\u2122\u2020-\u2260\u2022\u00a8\u00ca\u2022\u00a2-\u00b7\u00d8\u2022\u00ca\u00ae\u2020\u00b4\u00ae\u00b7\u201a\u00c6\u00a2-\u00a2-\u00c9\u2022\u2021\u00a8\u2020\u2260\u00ae\u00d3\u00f2\u00e0\u00e4\u00e5.jpeg\" alt=\"\" width=\"700\" height=\"467\" srcset=\"https:\/\/dlf.uzh.ch\/sites\/slavicumpress\/files\/2020\/03\/\u00e0\u00b4\u00b4.11-\u00e9\u201a\u00d8\u2021\u2020\u00a2\u2122\u2020-\u2260\u2022\u00a8\u00ca\u2022\u00a2-\u00b7\u00d8\u2022\u00ca\u00ae\u2020\u00b4\u00ae\u00b7\u201a\u00c6\u00a2-\u00a2-\u00c9\u2022\u2021\u00a8\u2020\u2260\u00ae\u00d3\u00f2\u00e0\u00e4\u00e5.jpeg 700w, https:\/\/dlf.uzh.ch\/sites\/slavicumpress\/files\/2020\/03\/\u00e0\u00b4\u00b4.11-\u00e9\u201a\u00d8\u2021\u2020\u00a2\u2122\u2020-\u2260\u2022\u00a8\u00ca\u2022\u00a2-\u00b7\u00d8\u2022\u00ca\u00ae\u2020\u00b4\u00ae\u00b7\u201a\u00c6\u00a2-\u00a2-\u00c9\u2022\u2021\u00a8\u2020\u2260\u00ae\u00d3\u00f2\u00e0\u00e4\u00e5-300x200.jpeg 300w, https:\/\/dlf.uzh.ch\/sites\/slavicumpress\/files\/2020\/03\/\u00e0\u00b4\u00b4.11-\u00e9\u201a\u00d8\u2021\u2020\u00a2\u2122\u2020-\u2260\u2022\u00a8\u00ca\u2022\u00a2-\u00b7\u00d8\u2022\u00ca\u00ae\u2020\u00b4\u00ae\u00b7\u201a\u00c6\u00a2-\u00a2-\u00c9\u2022\u2021\u00a8\u2020\u2260\u00ae\u00d3\u00f2\u00e0\u00e4\u00e5-465x310.jpeg 465w, https:\/\/dlf.uzh.ch\/sites\/slavicumpress\/files\/2020\/03\/\u00e0\u00b4\u00b4.11-\u00e9\u201a\u00d8\u2021\u2020\u00a2\u2122\u2020-\u2260\u2022\u00a8\u00ca\u2022\u00a2-\u00b7\u00d8\u2022\u00ca\u00ae\u2020\u00b4\u00ae\u00b7\u201a\u00c6\u00a2-\u00a2-\u00c9\u2022\u2021\u00a8\u2020\u2260\u00ae\u00d3\u00f2\u00e0\u00e4\u00e5-695x464.jpeg 695w\" sizes=\"auto, (max-width: 700px) 100vw, 700px\" \/><figcaption id=\"caption-attachment-3236\" class=\"wp-caption-text\">Abbildung 11: Abfahrt nach Deutschland der deutschen Fachkr\u00e4fte. \u00a9 SchemGM<\/figcaption><\/figure>\n<p>Vor dem Krieg 1914 wurden die deutschen Fachleute dringend nach Deutschland gerufen und sie verlie\u00dfen in einer Nacht ihr gesamtes Eigentum. Die Familie Prugger besetzte daraufhin ihr Haus. 8 Personen aus 20 im Dorf lebenden Familien wurden zum Kampf im Ersten Weltkrieg mobilisiert, aber ihnen wurde anvertraut, nur an der kaukasischen Front zu k\u00e4mpfen. W\u00e4hrend der Revolution und des B\u00fcrgerkriegs hielten die Deutschen die Neutralit\u00e4t aufrecht, es gab keine Freiwilligen in der Roten Armee oder der Wei\u00dfen Armee. In den Erinnerungen werden die Fakten der Zwangsmobilisierung von Kolonisten mit Wagen und Pferden f\u00fcr die \u201erote\u201c und \u201ewei\u00dfe\u201c Bed\u00fcrfnisse vermerkt. Nach dem Krieg lie\u00dfen sich drei freigelassene Kriegsgefangene P.A. Iwaniza aus \u00d6sterreich sowie P. Scharnagel und I. Emberger aus Deutschland im Dorf nieder. 1937 wurden sie alle festgenommen.<span class=\"tooltips \" style=\"\" title=\"&lt;em&gt;Tschernikow W.T. \u201e Essays \u00fcber Einwanderer\u201c Ost-Kasachstans Geschichte- Museum Schemonaichinsky Bezirk- 2107. S.4 &lt;\/em&gt;\"><span style=\"color: #000000\"><sup>14<\/sup><\/span><\/span><\/p>\n<p>Interessant ist die Tatsache, dass die von den Kolonisten im Gebiet der heutigen Schemonaicha-Region gegr\u00fcndeten D\u00f6rfer deutschen Namen trugen, im Gegensatz zu den D\u00f6rfern der benachbarten Altai-Region oder Gebiet Semipalatinsk, wo sie normalerweise die russischen Namen wie Matweeka, Krasnojarka und andere hatten.<\/p>\n<ol start=\"6\">\n<li>\n<h3><strong>Das Dorf Amerika<\/strong><\/h3>\n<\/li>\n<\/ol>\n<figure id=\"attachment_3237\" aria-describedby=\"caption-attachment-3237\" style=\"width: 1024px\" class=\"wp-caption aligncenter\"><img loading=\"lazy\" decoding=\"async\" class=\"wp-image-3237 size-large\" src=\"https:\/\/dlf.uzh.ch\/sites\/slavicumpress\/files\/2020\/03\/\u00e0\u00b4\u00b4.13-\u00dc\u00ae\u201a\u2022\u00b4\u00ae-\u00b7.-\u00c4\u00a8\u2022\u2021\u00ae\u2122\u2020-\u00f2\u00e0\u00e4\u00e5-1024x674.jpg\" alt=\"\" width=\"1024\" height=\"674\" srcset=\"https:\/\/dlf.uzh.ch\/sites\/slavicumpress\/files\/2020\/03\/\u00e0\u00b4\u00b4.13-\u00dc\u00ae\u201a\u2022\u00b4\u00ae-\u00b7.-\u00c4\u00a8\u2022\u2021\u00ae\u2122\u2020-\u00f2\u00e0\u00e4\u00e5-1024x674.jpg 1024w, https:\/\/dlf.uzh.ch\/sites\/slavicumpress\/files\/2020\/03\/\u00e0\u00b4\u00b4.13-\u00dc\u00ae\u201a\u2022\u00b4\u00ae-\u00b7.-\u00c4\u00a8\u2022\u2021\u00ae\u2122\u2020-\u00f2\u00e0\u00e4\u00e5-300x197.jpg 300w, https:\/\/dlf.uzh.ch\/sites\/slavicumpress\/files\/2020\/03\/\u00e0\u00b4\u00b4.13-\u00dc\u00ae\u201a\u2022\u00b4\u00ae-\u00b7.-\u00c4\u00a8\u2022\u2021\u00ae\u2122\u2020-\u00f2\u00e0\u00e4\u00e5-768x505.jpg 768w, https:\/\/dlf.uzh.ch\/sites\/slavicumpress\/files\/2020\/03\/\u00e0\u00b4\u00b4.13-\u00dc\u00ae\u201a\u2022\u00b4\u00ae-\u00b7.-\u00c4\u00a8\u2022\u2021\u00ae\u2122\u2020-\u00f2\u00e0\u00e4\u00e5-465x306.jpg 465w, https:\/\/dlf.uzh.ch\/sites\/slavicumpress\/files\/2020\/03\/\u00e0\u00b4\u00b4.13-\u00dc\u00ae\u201a\u2022\u00b4\u00ae-\u00b7.-\u00c4\u00a8\u2022\u2021\u00ae\u2122\u2020-\u00f2\u00e0\u00e4\u00e5-695x457.jpg 695w, https:\/\/dlf.uzh.ch\/sites\/slavicumpress\/files\/2020\/03\/\u00e0\u00b4\u00b4.13-\u00dc\u00ae\u201a\u2022\u00b4\u00ae-\u00b7.-\u00c4\u00a8\u2022\u2021\u00ae\u2122\u2020-\u00f2\u00e0\u00e4\u00e5.jpg 1528w\" sizes=\"auto, (max-width: 1024px) 100vw, 1024px\" \/><figcaption id=\"caption-attachment-3237\" class=\"wp-caption-text\">Abbildung 12: Die Familie Preis. \u00a9 SchemGM<\/figcaption><\/figure>\n<p>In einer gewissen Entfernung von den beschriebenen 3 deutschen D\u00f6rfern entstand eine weitere deutsche Kolonie mit dem ungew\u00f6hnlichen Namen \u201eAmerika\u201c. Die Gr\u00fcnder der Siedlung waren deutsche Einwanderer aus der Provinz Volyn und der Wolgaregion.<span class=\"tooltips \" style=\"\" title=\"&lt;em&gt;Seik A.P Erinnerungen. Ost-Kasachstans Geschichte- Museum Schemonaichinsky Bezirk. 2336. S.1&lt;\/em&gt;\"><span style=\"color: #000000\"><sup>15<\/sup><\/span><\/span> Die Familien Preis, Rimmer, Seik, Gaan (Hahn) waren unter den ersten, die hier ankamen. Sie kamen im April an, mussten den Sommer \u00fcber in Heuhaufen leben und bauten dann im Herbst ihre H\u00e4user.<\/p>\n\n\t\t\t<div id=\"3207-3\" class=\"gallery gallery-3207 gallery-col-2 gallery-columns-2 gallery-size-large\" itemscope itemtype=\"https:\/\/schema.org\/ImageGallery\">\n\t\t\t\t\t<figure class='gallery-item col-2' itemprop='associatedMedia' itemscope itemtype='https:\/\/schema.org\/ImageObject'>\n\t\t\t\t\t\t<div class='gallery-icon portrait'><a href='https:\/\/dlf.uzh.ch\/sites\/slavicumpress\/2020\/03\/06\/julia-borisova-die-entstehung-deutscher-siedlungen-auf-dem-territorium-des-bezirks-schemonaicha\/a-13-ue%e2%80%a2-%c2%b7%e2%80%a2%e2%80%a0-ae%c2%a8%e2%80%a2%e2%80%a1%e2%80%a0-e%e2%80%a1%e2%80%a0%c2%b7-%e2%80%a1\/' itemprop=\"contentURL\"><img loading=\"lazy\" decoding=\"async\" width=\"779\" height=\"1024\" src=\"https:\/\/dlf.uzh.ch\/sites\/slavicumpress\/files\/2020\/03\/\u00e0\u00b4\u00b4.-13-\u00dc\u00ae\u201a\u2022\u00b4\u00ae-\u00b7\u2022\u00b4\u2020-\u00c4\u00a8\u2022\u2021\u00ae\u2122\u2020-\u00e8\u2021\u2020\u00a9\u00b7-\u00ae-\u00b0\u2021\u2020\u201a\u00cf\u00d4-\u00c9\u2020\u2020\u2260-\u00f2\u00e0\u00e4\u00e5-779x1024.jpg\" class=\"attachment-large size-large\" alt=\"\" srcset=\"https:\/\/dlf.uzh.ch\/sites\/slavicumpress\/files\/2020\/03\/\u00e0\u00b4\u00b4.-13-\u00dc\u00ae\u201a\u2022\u00b4\u00ae-\u00b7\u2022\u00b4\u2020-\u00c4\u00a8\u2022\u2021\u00ae\u2122\u2020-\u00e8\u2021\u2020\u00a9\u00b7-\u00ae-\u00b0\u2021\u2020\u201a\u00cf\u00d4-\u00c9\u2020\u2020\u2260-\u00f2\u00e0\u00e4\u00e5-779x1024.jpg 779w, https:\/\/dlf.uzh.ch\/sites\/slavicumpress\/files\/2020\/03\/\u00e0\u00b4\u00b4.-13-\u00dc\u00ae\u201a\u2022\u00b4\u00ae-\u00b7\u2022\u00b4\u2020-\u00c4\u00a8\u2022\u2021\u00ae\u2122\u2020-\u00e8\u2021\u2020\u00a9\u00b7-\u00ae-\u00b0\u2021\u2020\u201a\u00cf\u00d4-\u00c9\u2020\u2020\u2260-\u00f2\u00e0\u00e4\u00e5-228x300.jpg 228w, https:\/\/dlf.uzh.ch\/sites\/slavicumpress\/files\/2020\/03\/\u00e0\u00b4\u00b4.-13-\u00dc\u00ae\u201a\u2022\u00b4\u00ae-\u00b7\u2022\u00b4\u2020-\u00c4\u00a8\u2022\u2021\u00ae\u2122\u2020-\u00e8\u2021\u2020\u00a9\u00b7-\u00ae-\u00b0\u2021\u2020\u201a\u00cf\u00d4-\u00c9\u2020\u2020\u2260-\u00f2\u00e0\u00e4\u00e5-768x1010.jpg 768w, https:\/\/dlf.uzh.ch\/sites\/slavicumpress\/files\/2020\/03\/\u00e0\u00b4\u00b4.-13-\u00dc\u00ae\u201a\u2022\u00b4\u00ae-\u00b7\u2022\u00b4\u2020-\u00c4\u00a8\u2022\u2021\u00ae\u2122\u2020-\u00e8\u2021\u2020\u00a9\u00b7-\u00ae-\u00b0\u2021\u2020\u201a\u00cf\u00d4-\u00c9\u2020\u2020\u2260-\u00f2\u00e0\u00e4\u00e5-418x550.jpg 418w, https:\/\/dlf.uzh.ch\/sites\/slavicumpress\/files\/2020\/03\/\u00e0\u00b4\u00b4.-13-\u00dc\u00ae\u201a\u2022\u00b4\u00ae-\u00b7\u2022\u00b4\u2020-\u00c4\u00a8\u2022\u2021\u00ae\u2122\u2020-\u00e8\u2021\u2020\u00a9\u00b7-\u00ae-\u00b0\u2021\u2020\u201a\u00cf\u00d4-\u00c9\u2020\u2020\u2260-\u00f2\u00e0\u00e4\u00e5-380x500.jpg 380w, https:\/\/dlf.uzh.ch\/sites\/slavicumpress\/files\/2020\/03\/\u00e0\u00b4\u00b4.-13-\u00dc\u00ae\u201a\u2022\u00b4\u00ae-\u00b7\u2022\u00b4\u2020-\u00c4\u00a8\u2022\u2021\u00ae\u2122\u2020-\u00e8\u2021\u2020\u00a9\u00b7-\u00ae-\u00b0\u2021\u2020\u201a\u00cf\u00d4-\u00c9\u2020\u2020\u2260-\u00f2\u00e0\u00e4\u00e5.jpg 1076w\" sizes=\"auto, (max-width: 779px) 100vw, 779px\" aria-describedby=\"figcaption-3207-3226\" itemprop=\"thumbnail\" \/><\/a><\/div>\n\t\t\t\t\t\t<figcaption id=\"figcaption-3207-3226\" class=\"gallery-caption\" itemprop=\"caption\">\u0418\u043b\u043b\u044e\u0441\u0442\u0440\u0430\u0446\u0438\u044f 13 . \u0416\u0438\u0442\u0435\u043b\u0438 \u0441\u0435\u043b\u0430 \u0410\u043c\u0435\u0440\u0438\u043a\u0430 \u041f\u0440\u0430\u0439\u0441 \u0438 \u0431\u0440\u0430\u0442\u044c\u044f \u0413\u0430\u0430\u043d. \u00a9 \u0428\u0418\u041a\u041c<\/figcaption>\n\t\t\t\t\t<\/figure>\n\t\t\t\t\t<figure class='gallery-item col-2' itemprop='associatedMedia' itemscope itemtype='https:\/\/schema.org\/ImageObject'>\n\t\t\t\t\t\t<div class='gallery-icon landscape'><a href='https:\/\/dlf.uzh.ch\/sites\/slavicumpress\/2020\/03\/06\/julia-borisova-die-entstehung-deutscher-siedlungen-auf-dem-territorium-des-bezirks-schemonaicha\/a-14-e%e2%80%a2%e2%80%a1%e2%80%a2%c2%a7ae%c2%a2%e2%80%a0o-%c2%a8aeae%c2%a7%e2%80%a2%c2%b6i-%c2%b7-ae%c2%a8%e2%80%a2%e2%80%a1%e2%80%a0-oaaea\/' itemprop=\"contentURL\"><img loading=\"lazy\" decoding=\"async\" width=\"1024\" height=\"782\" src=\"https:\/\/dlf.uzh.ch\/sites\/slavicumpress\/files\/2020\/03\/\u00e0\u00b4\u00b4.14-\u00e8\u2022\u2021\u2022\u00a7\u00c6\u00a2\u2020\u00d4-\u00a8\u00c6\u00b4\u00c6\u00a7\u2022\u00b6\u00cf-\u00b7.-\u00c4\u00a8\u2022\u2021\u00ae\u2122\u2020-\u00f2\u00e0\u00e4\u00e5-1024x782.jpg\" class=\"attachment-large size-large\" alt=\"\" srcset=\"https:\/\/dlf.uzh.ch\/sites\/slavicumpress\/files\/2020\/03\/\u00e0\u00b4\u00b4.14-\u00e8\u2022\u2021\u2022\u00a7\u00c6\u00a2\u2020\u00d4-\u00a8\u00c6\u00b4\u00c6\u00a7\u2022\u00b6\u00cf-\u00b7.-\u00c4\u00a8\u2022\u2021\u00ae\u2122\u2020-\u00f2\u00e0\u00e4\u00e5-1024x782.jpg 1024w, https:\/\/dlf.uzh.ch\/sites\/slavicumpress\/files\/2020\/03\/\u00e0\u00b4\u00b4.14-\u00e8\u2022\u2021\u2022\u00a7\u00c6\u00a2\u2020\u00d4-\u00a8\u00c6\u00b4\u00c6\u00a7\u2022\u00b6\u00cf-\u00b7.-\u00c4\u00a8\u2022\u2021\u00ae\u2122\u2020-\u00f2\u00e0\u00e4\u00e5-300x229.jpg 300w, https:\/\/dlf.uzh.ch\/sites\/slavicumpress\/files\/2020\/03\/\u00e0\u00b4\u00b4.14-\u00e8\u2022\u2021\u2022\u00a7\u00c6\u00a2\u2020\u00d4-\u00a8\u00c6\u00b4\u00c6\u00a7\u2022\u00b6\u00cf-\u00b7.-\u00c4\u00a8\u2022\u2021\u00ae\u2122\u2020-\u00f2\u00e0\u00e4\u00e5-768x586.jpg 768w, https:\/\/dlf.uzh.ch\/sites\/slavicumpress\/files\/2020\/03\/\u00e0\u00b4\u00b4.14-\u00e8\u2022\u2021\u2022\u00a7\u00c6\u00a2\u2020\u00d4-\u00a8\u00c6\u00b4\u00c6\u00a7\u2022\u00b6\u00cf-\u00b7.-\u00c4\u00a8\u2022\u2021\u00ae\u2122\u2020-\u00f2\u00e0\u00e4\u00e5-465x355.jpg 465w, https:\/\/dlf.uzh.ch\/sites\/slavicumpress\/files\/2020\/03\/\u00e0\u00b4\u00b4.14-\u00e8\u2022\u2021\u2022\u00a7\u00c6\u00a2\u2020\u00d4-\u00a8\u00c6\u00b4\u00c6\u00a7\u2022\u00b6\u00cf-\u00b7.-\u00c4\u00a8\u2022\u2021\u00ae\u2122\u2020-\u00f2\u00e0\u00e4\u00e5-655x500.jpg 655w, https:\/\/dlf.uzh.ch\/sites\/slavicumpress\/files\/2020\/03\/\u00e0\u00b4\u00b4.14-\u00e8\u2022\u2021\u2022\u00a7\u00c6\u00a2\u2020\u00d4-\u00a8\u00c6\u00b4\u00c6\u00a7\u2022\u00b6\u00cf-\u00b7.-\u00c4\u00a8\u2022\u2021\u00ae\u2122\u2020-\u00f2\u00e0\u00e4\u00e5.jpg 1356w\" sizes=\"auto, (max-width: 1024px) 100vw, 1024px\" aria-describedby=\"figcaption-3207-3238\" itemprop=\"thumbnail\" \/><\/a><\/div>\n\t\t\t\t\t\t<figcaption id=\"figcaption-3207-3238\" class=\"gallery-caption\" itemprop=\"caption\">\u0418\u043b\u043b\u044e\u0441\u0442\u0440\u0430\u0446\u0438\u044f 14. \u041f\u0435\u0440\u0435\u0434\u043e\u0432\u0430\u044f \u043c\u043e\u043b\u043e\u0434\u0435\u0436\u044c \u0441. \u0410\u043c\u0435\u0440\u0438\u043a\u0430 \u00a9 \u0428\u0418\u041a\u041c<\/figcaption>\n\t\t\t\t\t<\/figure>\n\t\t\t<\/div><!-- .gallery -->\n\n<p>In Materialien, die von den Mitarbeitern des Schemonaicha-Museums gesammelt wurden, befinden sich zwei Versionen der Namenserkl\u00e4rung des Dorfes. Erstens: Die Deutschen, die die Kolonie gr\u00fcndeten, planten nach Amerika auszuwandern, was jedoch nicht m\u00f6glich war. Nachdem sie nach Sibirien gezogen waren und sich an einem neuen Ort niedergelassen hatten, sagte einer von ihnen angeblich: \u00abHier ist unser Amerika!\u00bb.<span class=\"tooltips \" style=\"\" title=\"&lt;em&gt;Preis L.A. Erinnerungen. Ost-Kasachstans Geschichte- Museum Schemonaichinsky Bezirk :1995. S.1&lt;\/em&gt;\"><span style=\"color: #000000\"><sup>16<\/sup><\/span><\/span> So bleibt der Traum von fernem Amerika im Namen der Kolonie. Die zweite Erkl\u00e4rung: Das Dorf war weit weg von \u00fcbrigen, kompakt gelegenen deutschen Kolonien, und so sagte man \u00fcber es und seine Bewohner: \u00abSie sind so weit weg wie nach Amerika geklettert!\u00bb.<\/p>\n<figure id=\"attachment_3239\" aria-describedby=\"caption-attachment-3239\" style=\"width: 1024px\" class=\"wp-caption aligncenter\"><img loading=\"lazy\" decoding=\"async\" class=\"wp-image-3239 size-large\" src=\"https:\/\/dlf.uzh.ch\/sites\/slavicumpress\/files\/2020\/03\/\u00e0\u00b4\u00b4.15-\u00c9\u2021\u201e\u00d8\u00d8\u2020-\u00a8\u00c6\u00b4\u00c6\u00a7\u00d2\u00b6\u00ae-\u00b7.\u00c4\u00a8\u2022\u2021\u00ae\u2122\u2020-1930-\u00f2\u00e0\u00e4\u00e5.-1024x768.jpg\" alt=\"\" width=\"1024\" height=\"768\" srcset=\"https:\/\/dlf.uzh.ch\/sites\/slavicumpress\/files\/2020\/03\/\u00e0\u00b4\u00b4.15-\u00c9\u2021\u201e\u00d8\u00d8\u2020-\u00a8\u00c6\u00b4\u00c6\u00a7\u00d2\u00b6\u00ae-\u00b7.\u00c4\u00a8\u2022\u2021\u00ae\u2122\u2020-1930-\u00f2\u00e0\u00e4\u00e5.-1024x768.jpg 1024w, https:\/\/dlf.uzh.ch\/sites\/slavicumpress\/files\/2020\/03\/\u00e0\u00b4\u00b4.15-\u00c9\u2021\u201e\u00d8\u00d8\u2020-\u00a8\u00c6\u00b4\u00c6\u00a7\u00d2\u00b6\u00ae-\u00b7.\u00c4\u00a8\u2022\u2021\u00ae\u2122\u2020-1930-\u00f2\u00e0\u00e4\u00e5.-300x225.jpg 300w, https:\/\/dlf.uzh.ch\/sites\/slavicumpress\/files\/2020\/03\/\u00e0\u00b4\u00b4.15-\u00c9\u2021\u201e\u00d8\u00d8\u2020-\u00a8\u00c6\u00b4\u00c6\u00a7\u00d2\u00b6\u00ae-\u00b7.\u00c4\u00a8\u2022\u2021\u00ae\u2122\u2020-1930-\u00f2\u00e0\u00e4\u00e5.-768x576.jpg 768w, https:\/\/dlf.uzh.ch\/sites\/slavicumpress\/files\/2020\/03\/\u00e0\u00b4\u00b4.15-\u00c9\u2021\u201e\u00d8\u00d8\u2020-\u00a8\u00c6\u00b4\u00c6\u00a7\u00d2\u00b6\u00ae-\u00b7.\u00c4\u00a8\u2022\u2021\u00ae\u2122\u2020-1930-\u00f2\u00e0\u00e4\u00e5.-1536x1151.jpg 1536w, https:\/\/dlf.uzh.ch\/sites\/slavicumpress\/files\/2020\/03\/\u00e0\u00b4\u00b4.15-\u00c9\u2021\u201e\u00d8\u00d8\u2020-\u00a8\u00c6\u00b4\u00c6\u00a7\u00d2\u00b6\u00ae-\u00b7.\u00c4\u00a8\u2022\u2021\u00ae\u2122\u2020-1930-\u00f2\u00e0\u00e4\u00e5.-2048x1535.jpg 2048w, https:\/\/dlf.uzh.ch\/sites\/slavicumpress\/files\/2020\/03\/\u00e0\u00b4\u00b4.15-\u00c9\u2021\u201e\u00d8\u00d8\u2020-\u00a8\u00c6\u00b4\u00c6\u00a7\u00d2\u00b6\u00ae-\u00b7.\u00c4\u00a8\u2022\u2021\u00ae\u2122\u2020-1930-\u00f2\u00e0\u00e4\u00e5.-465x349.jpg 465w, https:\/\/dlf.uzh.ch\/sites\/slavicumpress\/files\/2020\/03\/\u00e0\u00b4\u00b4.15-\u00c9\u2021\u201e\u00d8\u00d8\u2020-\u00a8\u00c6\u00b4\u00c6\u00a7\u00d2\u00b6\u00ae-\u00b7.\u00c4\u00a8\u2022\u2021\u00ae\u2122\u2020-1930-\u00f2\u00e0\u00e4\u00e5.-667x500.jpg 667w\" sizes=\"auto, (max-width: 1024px) 100vw, 1024px\" \/><figcaption id=\"caption-attachment-3239\" class=\"wp-caption-text\">Abbildung 15: Die Jugendlichen aus dem Dorf Amerika. \u00a9 SchemGM<\/figcaption><\/figure>\n<p>Sp\u00e4ter, im Jahr 1954, mit der Konsolidierung von Kollektivfarmen, geh\u00f6rte Amerika zu den wenig erfolgversprechenden D\u00f6rfern. Zu diesem Zeitpunkt war die Schule im Dorf bereits geschlossen. Die Familien zogen in die umliegenden D\u00f6rfer Sugatowka, Gorkunovo, K\u00f6nuchovo. Auf dem Staatsbauernhof von Schemonaicha wurden 15 Doppelh\u00e4user speziell f\u00fcr \u00abAmerikaner\u00bb gebaut. Die lokale Presse schrieb \u00fcber die Aufl\u00f6sung des Dorfes: \u00abAmerika hat keinen Platz auf sowjetischem Boden!\u00bb<span class=\"tooltips \" style=\"\" title=\"&lt;em&gt;Rayonszeitung \u201e Lenin Banner\u201c\u211643: 1954. S. 2&lt;\/em&gt;\"><span style=\"color: #000000\"><sup>17<\/sup><\/span><\/span><\/p>\n<p>Viele Deutsche lebten zusammen mit den Russen in den D\u00f6rfern Medwedka, Lugowoe, Wydricha, Kamyschinka. Die Deutschen zogen in neue Gebiete, suchten sich zum Bauen Orte an den Ufern von Fl\u00fcssen aus und wurden in einer Entfernung 10 bis 16 km kompakt platziert.<\/p>\n<p>Zu den Einwanderern geh\u00f6rten die Deutschen aus den Provinzen Saratov und Samara, der Ukraine und dem Kaukasus. Deutsche aus verschiedenen Regionen konnten in einer Kolonie untergebracht werden, aber die religi\u00f6se Zugeh\u00f6rigkeit wurde am h\u00e4ufigsten respektiert.<\/p>\n<ol start=\"7\">\n<li>\n<h3><strong>Verst\u00e4rkte Aufmerksamkeit<\/strong><\/h3>\n<\/li>\n<\/ol>\n<figure id=\"attachment_3227\" aria-describedby=\"caption-attachment-3227\" style=\"width: 1024px\" class=\"wp-caption aligncenter\"><img loading=\"lazy\" decoding=\"async\" class=\"wp-image-3227 size-large\" src=\"https:\/\/dlf.uzh.ch\/sites\/slavicumpress\/files\/2020\/03\/\u00e0\u00b4\u00b4.-16-\u00ed\u2021\u00ae-\u00d8\u00c6\u2122\u00c6\u00b4\u2022\u2260\u00ae\u00d4-\u00b7\u2022\u00a8\u00cf\u00ae-\u00eb\u2020\u00a9\u00b0\u2022\u00b4\u00cf-\u201e-\u00b7\u00a2\u00c6\u2022\u00a3\u00c6-\u00a7\u00c6\u00a8\u2020-1931\u00a3-\u00f2\u00e0\u00e4\u00e5.-1024x742.jpg\" alt=\"\" width=\"1024\" height=\"742\" srcset=\"https:\/\/dlf.uzh.ch\/sites\/slavicumpress\/files\/2020\/03\/\u00e0\u00b4\u00b4.-16-\u00ed\u2021\u00ae-\u00d8\u00c6\u2122\u00c6\u00b4\u2022\u2260\u00ae\u00d4-\u00b7\u2022\u00a8\u00cf\u00ae-\u00eb\u2020\u00a9\u00b0\u2022\u00b4\u00cf-\u201e-\u00b7\u00a2\u00c6\u2022\u00a3\u00c6-\u00a7\u00c6\u00a8\u2020-1931\u00a3-\u00f2\u00e0\u00e4\u00e5.-1024x742.jpg 1024w, https:\/\/dlf.uzh.ch\/sites\/slavicumpress\/files\/2020\/03\/\u00e0\u00b4\u00b4.-16-\u00ed\u2021\u00ae-\u00d8\u00c6\u2122\u00c6\u00b4\u2022\u2260\u00ae\u00d4-\u00b7\u2022\u00a8\u00cf\u00ae-\u00eb\u2020\u00a9\u00b0\u2022\u00b4\u00cf-\u201e-\u00b7\u00a2\u00c6\u2022\u00a3\u00c6-\u00a7\u00c6\u00a8\u2020-1931\u00a3-\u00f2\u00e0\u00e4\u00e5.-300x217.jpg 300w, https:\/\/dlf.uzh.ch\/sites\/slavicumpress\/files\/2020\/03\/\u00e0\u00b4\u00b4.-16-\u00ed\u2021\u00ae-\u00d8\u00c6\u2122\u00c6\u00b4\u2022\u2260\u00ae\u00d4-\u00b7\u2022\u00a8\u00cf\u00ae-\u00eb\u2020\u00a9\u00b0\u2022\u00b4\u00cf-\u201e-\u00b7\u00a2\u00c6\u2022\u00a3\u00c6-\u00a7\u00c6\u00a8\u2020-1931\u00a3-\u00f2\u00e0\u00e4\u00e5.-768x556.jpg 768w, https:\/\/dlf.uzh.ch\/sites\/slavicumpress\/files\/2020\/03\/\u00e0\u00b4\u00b4.-16-\u00ed\u2021\u00ae-\u00d8\u00c6\u2122\u00c6\u00b4\u2022\u2260\u00ae\u00d4-\u00b7\u2022\u00a8\u00cf\u00ae-\u00eb\u2020\u00a9\u00b0\u2022\u00b4\u00cf-\u201e-\u00b7\u00a2\u00c6\u2022\u00a3\u00c6-\u00a7\u00c6\u00a8\u2020-1931\u00a3-\u00f2\u00e0\u00e4\u00e5.-1536x1113.jpg 1536w, https:\/\/dlf.uzh.ch\/sites\/slavicumpress\/files\/2020\/03\/\u00e0\u00b4\u00b4.-16-\u00ed\u2021\u00ae-\u00d8\u00c6\u2122\u00c6\u00b4\u2022\u2260\u00ae\u00d4-\u00b7\u2022\u00a8\u00cf\u00ae-\u00eb\u2020\u00a9\u00b0\u2022\u00b4\u00cf-\u201e-\u00b7\u00a2\u00c6\u2022\u00a3\u00c6-\u00a7\u00c6\u00a8\u2020-1931\u00a3-\u00f2\u00e0\u00e4\u00e5.-2048x1484.jpg 2048w, https:\/\/dlf.uzh.ch\/sites\/slavicumpress\/files\/2020\/03\/\u00e0\u00b4\u00b4.-16-\u00ed\u2021\u00ae-\u00d8\u00c6\u2122\u00c6\u00b4\u2022\u2260\u00ae\u00d4-\u00b7\u2022\u00a8\u00cf\u00ae-\u00eb\u2020\u00a9\u00b0\u2022\u00b4\u00cf-\u201e-\u00b7\u00a2\u00c6\u2022\u00a3\u00c6-\u00a7\u00c6\u00a8\u2020-1931\u00a3-\u00f2\u00e0\u00e4\u00e5.-465x337.jpg 465w, https:\/\/dlf.uzh.ch\/sites\/slavicumpress\/files\/2020\/03\/\u00e0\u00b4\u00b4.-16-\u00ed\u2021\u00ae-\u00d8\u00c6\u2122\u00c6\u00b4\u2022\u2260\u00ae\u00d4-\u00b7\u2022\u00a8\u00cf\u00ae-\u00eb\u2020\u00a9\u00b0\u2022\u00b4\u00cf-\u201e-\u00b7\u00a2\u00c6\u2022\u00a3\u00c6-\u00a7\u00c6\u00a8\u2020-1931\u00a3-\u00f2\u00e0\u00e4\u00e5.-690x500.jpg 690w\" sizes=\"auto, (max-width: 1024px) 100vw, 1024px\" \/><figcaption id=\"caption-attachment-3227\" class=\"wp-caption-text\">Abbildung 16: Drei Generationen der Familie Seibel \u00a9 SchemGM<\/figcaption><\/figure>\n<p>Die ersten Umsiedlungsjahre waren mit einer Reihe von Problemen und Schwierigkeiten bei der Einrichtung eines neuen Ortes verbunden, wobei die \u00fcberwiegende Mehrheit der Kolonisten den \u00e4rmsten Teil der deutschen Bauernschaft darstellte. Meistens mussten sie sich nur auf ihre eigenen Kr\u00e4fte verlassen und nicht auf die Hilfe der \u201eMutter-Kolonien\u201c und noch mehr des Staates.<\/p>\n<p>Laut der Volksz\u00e4hlung von 1926 betrug die Gesamtzahl der im Gebiet, das sp\u00e4ter die Region Ostkasachstan bildete, lebenden Deutschen 1732 Personen. Die sp\u00e4ten 1920er und fr\u00fcher 1930er Jahre waren durch den Ansturm der Sowjet- und Parteibeh\u00f6rden auf das Dorf und die traditionelle Art des Bauernlebens gekennzeichnet.<span class=\"tooltips \" style=\"\" title=\"&lt;em&gt;Alexeenko A.N.V\u00f6lker Ost-Kasachstans  Ust-Kamenogorsk: 1994. S.12&lt;\/em&gt;\"><span style=\"color: #000000\"><sup>18<\/sup><\/span><\/span><\/p>\n<p>Es begann eine neue Periode in der Entwicklung deutscher Siedlungen, deren charakteristische Merkmale die erh\u00f6hte Aufmerksamkeit der Beh\u00f6rden und der zunehmende wirtschaftliche und politische Druck auf sie sind.<\/p>\n<p>In \u201eEssay \u00fcber Einwanderer\u201c von V.T. Chernikov nehmen die Erinnerungen von A.A. Bachman einen bedeutenden Platz ein: \u201eMit Beginn der Kollektivierung haben wir freiwillig-zwanghaft die Kollektivfarm betreten. Kommissar kam mit einer Waffe. Ein Deutscher ist diszipliniert \u2013 so muss es sein! Wir haben das ganze Eigentum und die Tiere an einen Ort gebracht. Der Kollektivhof wurde nach Karl Liebknecht benannt. Dieses kommunistische Experiment, besser gesagt eine Willk\u00fcr, f\u00fchrte das russische Volk zu schrecklichen Ungl\u00fccken, verursachte Hunger, entw\u00f6hnte es von der Erde, zerst\u00f6rte moralische Prinzipien. In Pruggerovo war es etwas besser, als in den umliegenden D\u00f6rfern: Das Vieh wurde gef\u00fcttert und gepflegt, die Pferde wurden angeschirrt und es wurde viel mehr selbst gemacht. Der Hunger r\u00fchrte die Dorfbewohner nicht an\u201c.<span class=\"tooltips \" style=\"\" title=\"&lt;em&gt;Tschernikow W.T. \u201e Essays \u00fcber Einwanderer\u201c Ost-Kasachstans Geschichte- Museum Schemonaichinsky Bezirk-2107. S.6 &lt;\/em&gt;\"><span style=\"color: #000000\"><sup>19<\/sup><\/span><\/span><\/p>\n<p>Der Kollektivhof von Karl Liebknecht vereinigte die beiden D\u00f6rfer Pruggerovo und Kenuchovo und bestand aus zwei Brigaden. Bei der Ausarbeitung der Organisation des Kollektivbetriebsterritoriums wurden die Tatsachen der irrationalen Entwicklung der Wirtschaft festgestellt, die insbesondere im Bereich der Fl\u00e4chennutzung erhebliche Konsequenzen hatten. Die Kollektivfarm wurde aufgel\u00f6st, die \u201eRot Front\u201c genannte Farm mit dem zentralen Gut in Kenuchovo ragte heraus.<span class=\"tooltips \" style=\"\" title=\"&lt;em&gt;Burgart L.A. \u201e Die Geschichte der Deutschen in Ost-Kasachstan\u201c. Ust-Kamenogorsk:1997. S.67&lt;\/em&gt;\"><span style=\"color: #000000\"><sup>20<\/sup><\/span><\/span><\/p>\n<p>W\u00e4hrend des Bestehens eines Kollektivbetriebs fand eine unsystematische Nutzung von Ackerland statt, und mehrere Jahre lang wurde eine Monokultur angebaut, die zu einem R\u00fcckgang der Ertr\u00e4ge und zu einem Befall mit Unkr\u00e4utern f\u00fchrte. In diesem Zusammenhang sind die Ma\u00dfnahmen f\u00fcr den \u00dcbergang zum Fruchtfolgesystem besonders wichtig geworden: Es wurden eingef\u00fchrt reines Brachland, Fruchtfolgen mit acht und f\u00fcnf Feldern sowie eine bestimmte Reihenfolge der Fruchtfolgen eingef\u00fchrt.<\/p>\n<ol start=\"8\">\n<li>\n<h3><strong> Landwirtschaftliche Siege<\/strong><\/h3>\n<\/li>\n<\/ol>\n<figure id=\"attachment_3240\" aria-describedby=\"caption-attachment-3240\" style=\"width: 417px\" class=\"wp-caption aligncenter\"><img loading=\"lazy\" decoding=\"async\" class=\"wp-image-3240\" src=\"https:\/\/dlf.uzh.ch\/sites\/slavicumpress\/files\/2020\/03\/\u00e0\u00b4\u00b4.17-\u00e8\u2020\u00a8\u00d4\u201a\u2260\u00ae\u2122-\u00c7.\u00e0.-\u00e3\u2022\u2260\u00ae\u2260\u201e-\u00a2-\u00b7.-\u00e8\u2021\u201e\u00a3\u00a3\u2022\u2021\u00c6\u00a2\u00c6\u00f2\u00e0\u00e4\u00e5-763x1024.jpg\" alt=\"\" width=\"417\" height=\"560\" srcset=\"https:\/\/dlf.uzh.ch\/sites\/slavicumpress\/files\/2020\/03\/\u00e0\u00b4\u00b4.17-\u00e8\u2020\u00a8\u00d4\u201a\u2260\u00ae\u2122-\u00c7.\u00e0.-\u00e3\u2022\u2260\u00ae\u2260\u201e-\u00a2-\u00b7.-\u00e8\u2021\u201e\u00a3\u00a3\u2022\u2021\u00c6\u00a2\u00c6\u00f2\u00e0\u00e4\u00e5-763x1024.jpg 763w, https:\/\/dlf.uzh.ch\/sites\/slavicumpress\/files\/2020\/03\/\u00e0\u00b4\u00b4.17-\u00e8\u2020\u00a8\u00d4\u201a\u2260\u00ae\u2122-\u00c7.\u00e0.-\u00e3\u2022\u2260\u00ae\u2260\u201e-\u00a2-\u00b7.-\u00e8\u2021\u201e\u00a3\u00a3\u2022\u2021\u00c6\u00a2\u00c6\u00f2\u00e0\u00e4\u00e5-224x300.jpg 224w, https:\/\/dlf.uzh.ch\/sites\/slavicumpress\/files\/2020\/03\/\u00e0\u00b4\u00b4.17-\u00e8\u2020\u00a8\u00d4\u201a\u2260\u00ae\u2122-\u00c7.\u00e0.-\u00e3\u2022\u2260\u00ae\u2260\u201e-\u00a2-\u00b7.-\u00e8\u2021\u201e\u00a3\u00a3\u2022\u2021\u00c6\u00a2\u00c6\u00f2\u00e0\u00e4\u00e5-768x1031.jpg 768w, https:\/\/dlf.uzh.ch\/sites\/slavicumpress\/files\/2020\/03\/\u00e0\u00b4\u00b4.17-\u00e8\u2020\u00a8\u00d4\u201a\u2260\u00ae\u2122-\u00c7.\u00e0.-\u00e3\u2022\u2260\u00ae\u2260\u201e-\u00a2-\u00b7.-\u00e8\u2021\u201e\u00a3\u00a3\u2022\u2021\u00c6\u00a2\u00c6\u00f2\u00e0\u00e4\u00e5-410x550.jpg 410w, https:\/\/dlf.uzh.ch\/sites\/slavicumpress\/files\/2020\/03\/\u00e0\u00b4\u00b4.17-\u00e8\u2020\u00a8\u00d4\u201a\u2260\u00ae\u2122-\u00c7.\u00e0.-\u00e3\u2022\u2260\u00ae\u2260\u201e-\u00a2-\u00b7.-\u00e8\u2021\u201e\u00a3\u00a3\u2022\u2021\u00c6\u00a2\u00c6\u00f2\u00e0\u00e4\u00e5-373x500.jpg 373w, https:\/\/dlf.uzh.ch\/sites\/slavicumpress\/files\/2020\/03\/\u00e0\u00b4\u00b4.17-\u00e8\u2020\u00a8\u00d4\u201a\u2260\u00ae\u2122-\u00c7.\u00e0.-\u00e3\u2022\u2260\u00ae\u2260\u201e-\u00a2-\u00b7.-\u00e8\u2021\u201e\u00a3\u00a3\u2022\u2021\u00c6\u00a2\u00c6\u00f2\u00e0\u00e4\u00e5.jpg 1029w\" sizes=\"auto, (max-width: 417px) 100vw, 417px\" \/><figcaption id=\"caption-attachment-3240\" class=\"wp-caption-text\">Abbildung 17: Lenin-Denkmal im Dorf Pruggerovo. \u00a9 SchemGM<\/figcaption><\/figure>\n<p>Bis 1937 wurde die Kollektivfarm nicht nur im Bezirk Schemonaicha, sondern in der gesamten Region Ostkasachstans zur f\u00fchrenden Volkswirtschaft. Die \u201eRot Front\u201c erstarkte und erhielt von den Bezirk- und Regionalbeh\u00f6rden hohe Arbeitsbewertungen.\u00a0 Nach dem Verlust ihrer Bauernh\u00f6fe und der zwanghaften Eingliederung in Kollektivfarmen arbeiteten die Deutschen hier weiter und trugen das Kreuz der \u201eflei\u00dfigen und gehorsamen Menschen\u201c. Der von vorbildlicher Landwirtschaft gepr\u00e4gte Kollektivbetrieb \u201eKarl Liebknecht\u201c erhielt das Recht, den Bezirk Schemonaicha auf der ersten All-Union-Landwirtschaftsausstellung in Moskau im Jahr 1939 zu vertreten, deren Hauptaufgabe es war, die \u00dcberlegenheit des Kollektivbetriebs gegen\u00fcber dem Einzelbetrieb zu demonstrieren. F\u00fcr den Erfolg auf dem Gebiet der Tierhaltung wurde der Kollektivbetrieb mit einem Diplom ersten Grades, einem PKW und einem Preis von 10.000 Rubel ausgezeichnet.\u00a0 Die Arbeit der Kollektivbauern wurde auch durch die Tatsache vermerkt, dass das Dorf das erste Denkmal in der Region f\u00fcr W.I. Lenin errichtete, von dem ein Foto im Museum erh\u00e4ltlich ist. Eine bemerkenswerte Ausstellung des Museums ist das Ehrenbuch der All-Union-Landwirtschaftsausstellung von 1940, auf der der Bezirk Schemonaicha in einer gro\u00dfen Ausstellung gezeigt wurde. Das Buch umfasste 27 Kollektivbetriebe, darunter zwei deutsche: \u201eRot Front\u201c und \u201eRosa Luxemburg\u201c, 176 Bauern, darunter sind viele Deutschen.<\/p>\n<p>Einige Beispiele:<\/p>\n<ul>\n<li>Allbrecht F.K., der Schmied der Kollektivfarm \u201eRosa Luxemburg\u201c, erf\u00fcllte von 1938-1939 die Produktionsnorm von 206 %.<\/li>\n<li>Bachman M.D., Schweinez\u00fcchterin der Kollektivfarm \u201eRosa Luxemburg\u201c, z\u00fcchtete zwischen 1938 und 1939 im Durchschnitt 15 Ferkel pro Sau.<\/li>\n<li>Leiman E.K., Milchmagd der Kollektivfarm \u201eRosa Luxemburg\u201c, stellte f\u00fcr 1938-1939 durchschnittlich 2.136 Liter Milch pro Futterkuh her.<span class=\"tooltips \" style=\"\" title=\"&lt;em&gt;Das Ehrenbuch der All-Union landwirtschaftliche Ausstellung von 1940 Jahre. Ost-Kasachstans Geschichte- Museum Schemonaichinsky Bezirk.&lt;\/em&gt;\"><span style=\"color: #000000\"><sup>21<\/sup><\/span><\/span><\/li>\n<\/ul>\n<figure id=\"attachment_3228\" aria-describedby=\"caption-attachment-3228\" style=\"width: 893px\" class=\"wp-caption aligncenter\"><img loading=\"lazy\" decoding=\"async\" class=\"wp-image-3228 size-full\" src=\"https:\/\/dlf.uzh.ch\/sites\/slavicumpress\/files\/2020\/03\/\u00e0\u00b4\u00b4.-18-\u00ec-\u00d8\u2022\u2021\u00a2\u00c6\u00a3\u00c6-\u201a\u2021\u2020\u2122\u201a\u00c6\u2021\u2020-\u00f2\u00e0\u00e4\u00e5.jpg\" alt=\"\" width=\"893\" height=\"656\" srcset=\"https:\/\/dlf.uzh.ch\/sites\/slavicumpress\/files\/2020\/03\/\u00e0\u00b4\u00b4.-18-\u00ec-\u00d8\u2022\u2021\u00a2\u00c6\u00a3\u00c6-\u201a\u2021\u2020\u2122\u201a\u00c6\u2021\u2020-\u00f2\u00e0\u00e4\u00e5.jpg 893w, https:\/\/dlf.uzh.ch\/sites\/slavicumpress\/files\/2020\/03\/\u00e0\u00b4\u00b4.-18-\u00ec-\u00d8\u2022\u2021\u00a2\u00c6\u00a3\u00c6-\u201a\u2021\u2020\u2122\u201a\u00c6\u2021\u2020-\u00f2\u00e0\u00e4\u00e5-300x220.jpg 300w, https:\/\/dlf.uzh.ch\/sites\/slavicumpress\/files\/2020\/03\/\u00e0\u00b4\u00b4.-18-\u00ec-\u00d8\u2022\u2021\u00a2\u00c6\u00a3\u00c6-\u201a\u2021\u2020\u2122\u201a\u00c6\u2021\u2020-\u00f2\u00e0\u00e4\u00e5-768x564.jpg 768w, https:\/\/dlf.uzh.ch\/sites\/slavicumpress\/files\/2020\/03\/\u00e0\u00b4\u00b4.-18-\u00ec-\u00d8\u2022\u2021\u00a2\u00c6\u00a3\u00c6-\u201a\u2021\u2020\u2122\u201a\u00c6\u2021\u2020-\u00f2\u00e0\u00e4\u00e5-465x342.jpg 465w, https:\/\/dlf.uzh.ch\/sites\/slavicumpress\/files\/2020\/03\/\u00e0\u00b4\u00b4.-18-\u00ec-\u00d8\u2022\u2021\u00a2\u00c6\u00a3\u00c6-\u201a\u2021\u2020\u2122\u201a\u00c6\u2021\u2020-\u00f2\u00e0\u00e4\u00e5-681x500.jpg 681w\" sizes=\"auto, (max-width: 893px) 100vw, 893px\" \/><figcaption id=\"caption-attachment-3228\" class=\"wp-caption-text\">Abbildung 18: Erster Traktor im Kollektivfarm \u201eRot Front&#187;. \u00a9 SchemGM<\/figcaption><\/figure>\n<ol start=\"9\">\n<li>\n<h3><strong> Politische Massenrepressionen<\/strong><\/h3>\n<\/li>\n<\/ol>\n<figure id=\"attachment_3241\" aria-describedby=\"caption-attachment-3241\" style=\"width: 1024px\" class=\"wp-caption aligncenter\"><img loading=\"lazy\" decoding=\"async\" class=\"wp-image-3241 size-large\" src=\"https:\/\/dlf.uzh.ch\/sites\/slavicumpress\/files\/2020\/03\/\u00e0\u00b4\u00b4.19-\u00e0\u00a2\u2020\u2260\u00ae\u00ca\u2020-\u00e8.\u00c4.\u00f2\u00e0\u00e4\u00e5--1024x700.jpg\" alt=\"\" width=\"1024\" height=\"700\" srcset=\"https:\/\/dlf.uzh.ch\/sites\/slavicumpress\/files\/2020\/03\/\u00e0\u00b4\u00b4.19-\u00e0\u00a2\u2020\u2260\u00ae\u00ca\u2020-\u00e8.\u00c4.\u00f2\u00e0\u00e4\u00e5--1024x700.jpg 1024w, https:\/\/dlf.uzh.ch\/sites\/slavicumpress\/files\/2020\/03\/\u00e0\u00b4\u00b4.19-\u00e0\u00a2\u2020\u2260\u00ae\u00ca\u2020-\u00e8.\u00c4.\u00f2\u00e0\u00e4\u00e5--300x205.jpg 300w, https:\/\/dlf.uzh.ch\/sites\/slavicumpress\/files\/2020\/03\/\u00e0\u00b4\u00b4.19-\u00e0\u00a2\u2020\u2260\u00ae\u00ca\u2020-\u00e8.\u00c4.\u00f2\u00e0\u00e4\u00e5--768x525.jpg 768w, https:\/\/dlf.uzh.ch\/sites\/slavicumpress\/files\/2020\/03\/\u00e0\u00b4\u00b4.19-\u00e0\u00a2\u2020\u2260\u00ae\u00ca\u2020-\u00e8.\u00c4.\u00f2\u00e0\u00e4\u00e5--1536x1049.jpg 1536w, https:\/\/dlf.uzh.ch\/sites\/slavicumpress\/files\/2020\/03\/\u00e0\u00b4\u00b4.19-\u00e0\u00a2\u2020\u2260\u00ae\u00ca\u2020-\u00e8.\u00c4.\u00f2\u00e0\u00e4\u00e5--2048x1399.jpg 2048w, https:\/\/dlf.uzh.ch\/sites\/slavicumpress\/files\/2020\/03\/\u00e0\u00b4\u00b4.19-\u00e0\u00a2\u2020\u2260\u00ae\u00ca\u2020-\u00e8.\u00c4.\u00f2\u00e0\u00e4\u00e5--465x318.jpg 465w, https:\/\/dlf.uzh.ch\/sites\/slavicumpress\/files\/2020\/03\/\u00e0\u00b4\u00b4.19-\u00e0\u00a2\u2020\u2260\u00ae\u00ca\u2020-\u00e8.\u00c4.\u00f2\u00e0\u00e4\u00e5--695x475.jpg 695w\" sizes=\"auto, (max-width: 1024px) 100vw, 1024px\" \/><figcaption id=\"caption-attachment-3241\" class=\"wp-caption-text\">Abbildung 19: P.A. Iwaniza (in Milit\u00e4runiform). \u00a9 SchemGM<\/figcaption><\/figure>\n<p>W\u00e4hrend des Prozesses der Massenkollektivierung wurde nicht nur die traditionelle Wirtschaftsstruktur gebrochen, sondern auch das Selbstverwaltungssystem, das unter den Deutschen existierte. Seit Mitte der 1920er Jahre sp\u00fcrten sie zunehmend den Druck des neuen politischen Systems, das nach einem \u201eentscheidenden Wendepunkt f\u00fcr den Stand der Arbeit in den deutschen Kolonien\u201c strebte. Dieser Prozess wurde in der zweiten H\u00e4lfte der der drei\u00dfiger Jahre noch deutlicher, als das Land von einer Welle massenhafter politischer Repressionen erfasst wurde.<\/p>\n<p>In den Memoiren von A.A. Bachman werden die unterdr\u00fcckten Bewohner des Dorfes Gorkunovo aufgelistet: f\u00fcr 60 H\u00f6fe \u2013 18 unterdr\u00fcckte, sowie eine Liste der 78 Personen, die w\u00e4hrend des Gro\u00dfen Vaterl\u00e4ndischen Krieges in die Arbeitsarmee mobilisiert wurden. Sie arbeiteten in der Stadt Ufaley, Region Tscheljabinsk, an der Abholzung und schilderten die schwierigen Arbeitsbedingungen und das Leben der Arbeitssoldaten im Lager. Nach der Verabschiedung des Erlasses zur Wiederherstellung deutscher Familien aus dem Jahr 1946, konnten viele nach Hause zur\u00fcckkehren.<span class=\"tooltips \" style=\"\" title=\"&lt;em&gt;Bachman A.A. Erinnerungen. Ost-Kasachstans Geschichte- Museum Schemonaichinsky Bezirk: 1799&lt;\/em&gt;\"><span style=\"color: #000000\"><sup>22<\/sup><\/span><\/span><\/p>\n<p>Verdr\u00e4ngte Bewohner wurden beschuldigt, \u201eMitglieder einer faschistischen Spionagegruppe zu sein, die sich mit dem Abbau von Kollektivfarmen und Sabotage befasst, insbesondere im Bereich der Tierhaltung\u201c. Der Museumsfonds listet die Namen, der zur Todesstrafe verurteilten, sowie der zu 10 Jahren Zwangsarbeit verurteilten Personen auf. Letztere starben in den Lagern in Fernost, Sibirien, was in diesem Dokument angegeben ist.<span class=\"tooltips \" style=\"\" title=\"&lt;em&gt;Informationen der Direktion des Staatssicherheitskomitees f\u00f6r die Region Ost-Kasachstan \u00fcber die unterdr\u00fcckten Bewohner des Bezirks Schemonaicha. Ost-Kasachstans Geschichte- Museum Schemonaichinsky Bezirk.&lt;\/em&gt;\"><span style=\"color: #000000\"><sup>23<\/sup><\/span><\/span><\/p>\n<p>Durch die Bestimmung des Milit\u00e4rgerichts des Turkestanischen Milit\u00e4rbezirks vom 21. Oktober 1959 wurde die Entscheidung der Drei aufgehoben. Das Strafverfahren wegen Nichtvorhandenseins wurde eingestellt, alle Opfer, deren Namen aufgef\u00fchrt sind, werden rehabilitiert.<span class=\"tooltips \" style=\"\" title=\"&lt;em&gt;Informationen der Direktion des Staatssicherheitskomitees f\u00f6r die Region Ost-Kasachstan \u00fcber die unterdr\u00fcckten Bewohner des Bezirks Schemonaicha. Ost-Kasachstans Geschichte- Museum Schemonaichinsky Bezirk.&lt;\/em&gt;\"><span style=\"color: #000000\"><sup>24<\/sup><\/span><\/span><\/p>\n<p>Die 7-seitigen Informationen enthalten auch biografische Angaben \u00fcber den sozialen Status von \u201eFeinden des Volkes\u201c: haupts\u00e4chlich Arbeiter, gew\u00f6hnliche Kollektivbauer, selten gebildete, kollektive Farmvorsitzende. Daneben einige b\u00e4uerliche Intellektuelle, zum Beispiel, Petr Andreewitsch Iwaniza, der 1896 in \u00d6sterreich geboren wurde. 1914 wurde er in die Armee eingezogen, gefangen genommen, blieb in Russland. Er war ausgebildeter Viehz\u00fcchter und arbeitete als Spezialist in der regionalen Landabteilung. Nach den Erinnerungen seines Sohnes: \u201eder Vater wurde tags\u00fcber verhaftet, 5 Personen kamen mit dem Auto an, er wurde zur Schule gebracht und die Kinder wurden auf die Stra\u00dfe vertrieben\u201c. Sein Haus wurde durchgesucht, B\u00fccher und Dokumenten wurden genommen. Er wurde nach Artikel 58 verurteilt. P.A. Iwaniza starb im Lager an Typhus und wurde posthum rehabilitiert.<span class=\"tooltips \" style=\"\" title=\"&lt;em&gt;Ost-Kasachstans Geschichte- Museum Schemonaichinsky Bezirk. Legende.\u2116111: 1991&lt;\/em&gt;\"><span style=\"color: #000000\"><sup>25<\/sup><\/span><\/span><\/p>\n<figure id=\"attachment_3242\" aria-describedby=\"caption-attachment-3242\" style=\"width: 343px\" class=\"wp-caption aligncenter\"><img loading=\"lazy\" decoding=\"async\" class=\"wp-image-3242\" src=\"https:\/\/dlf.uzh.ch\/sites\/slavicumpress\/files\/2020\/03\/\u00e0\u00b4\u00b4.20\u00e3\u2022\u00a9\u00a8\u2020\u2260-\u00e4.\u00e4.-\u00f2\u00e0\u00e4\u00e5--628x1024.jpg\" alt=\"\" width=\"343\" height=\"559\" srcset=\"https:\/\/dlf.uzh.ch\/sites\/slavicumpress\/files\/2020\/03\/\u00e0\u00b4\u00b4.20\u00e3\u2022\u00a9\u00a8\u2020\u2260-\u00e4.\u00e4.-\u00f2\u00e0\u00e4\u00e5--628x1024.jpg 628w, https:\/\/dlf.uzh.ch\/sites\/slavicumpress\/files\/2020\/03\/\u00e0\u00b4\u00b4.20\u00e3\u2022\u00a9\u00a8\u2020\u2260-\u00e4.\u00e4.-\u00f2\u00e0\u00e4\u00e5--184x300.jpg 184w, https:\/\/dlf.uzh.ch\/sites\/slavicumpress\/files\/2020\/03\/\u00e0\u00b4\u00b4.20\u00e3\u2022\u00a9\u00a8\u2020\u2260-\u00e4.\u00e4.-\u00f2\u00e0\u00e4\u00e5--768x1253.jpg 768w, https:\/\/dlf.uzh.ch\/sites\/slavicumpress\/files\/2020\/03\/\u00e0\u00b4\u00b4.20\u00e3\u2022\u00a9\u00a8\u2020\u2260-\u00e4.\u00e4.-\u00f2\u00e0\u00e4\u00e5--337x550.jpg 337w, https:\/\/dlf.uzh.ch\/sites\/slavicumpress\/files\/2020\/03\/\u00e0\u00b4\u00b4.20\u00e3\u2022\u00a9\u00a8\u2020\u2260-\u00e4.\u00e4.-\u00f2\u00e0\u00e4\u00e5--306x500.jpg 306w, https:\/\/dlf.uzh.ch\/sites\/slavicumpress\/files\/2020\/03\/\u00e0\u00b4\u00b4.20\u00e3\u2022\u00a9\u00a8\u2020\u2260-\u00e4.\u00e4.-\u00f2\u00e0\u00e4\u00e5-.jpg 817w\" sizes=\"auto, (max-width: 343px) 100vw, 343px\" \/><figcaption id=\"caption-attachment-3242\" class=\"wp-caption-text\">Abbildung 20: Karl Karlowitsch Leiman (Lehmann). \u00a9 SchemGM<\/figcaption><\/figure>\n<p>Noch ein Frontmann: Karl Karlowitsch Leiman (Lehmann). Er ist im Jahre 1888 in der Samara-Region geboren, k\u00e4mpfte im Ersten Weltkrieg, wurde verwundet, hatte milit\u00e4rische Auszeichnungen. Nach dem Krieg lie\u00df er sich mit seiner Familie im Dorf Orlowka, Uspenskaja\u00a0 Volost nieder, dann zogen sie nach Pruggerovo. 1928 trat er in die Kollektivwirtschaft ein, arbeitete als einfacher Kollektivbauer, war Vorsitzender des Vorrats, war ein guter Ofenbauer. 1937 wurde er zu 10 Jahren Zwangsarbeit verurteilt, verb\u00fc\u00dfte seine Haftstrafe im Lager am Amur, starb 1939 an einer Erk\u00e4ltung. Er schickte 5 Briefe aus der Stadt Komsomolsk am Amur nach Hause und schrieb, dass sie H\u00e4user bauen, im Schnee schlafen. Er wurde 1959 rehabilitiert.<\/p>\n<p>In der Fotografie (Abbildung 19) sieht man K.K. Leiman in Milit\u00e4runiform im Jahre 1915, einschlie\u00dflich des St.-Georgs-Kreuzes. Unter den Materialien, die von den Mitarbeitern des Schemonaicha-Museums gesammelt wurden, befindet sich eine Rehabilitierungsbescheinigung Leimans, eine Bescheinigung des Exekutivkomitees \u00fcber den Abschluss der sowjetischen Arbeiterkurse aus dem Jahr 1930 und ein Manuskript in deutscher Sprache.<span class=\"tooltips \" style=\"\" title=\"&lt;em&gt;Ost-Kasachstans Geschichte- Museum Schemonaichinsky Bezirk. Legende.\u2116121: 1991&lt;\/em&gt;\"><span style=\"color: #000000\"><sup>26<\/sup><\/span><\/span><\/p>\n<figure id=\"attachment_3243\" aria-describedby=\"caption-attachment-3243\" style=\"width: 383px\" class=\"wp-caption aligncenter\"><img loading=\"lazy\" decoding=\"async\" class=\"wp-image-3243\" src=\"https:\/\/dlf.uzh.ch\/sites\/slavicumpress\/files\/2020\/03\/\u00e0\u00b4\u00b4.21-\u00eb\u2022\u00a8\u00cf\u00d4-\u00c4\u201e\u00b7\u201a-\u00f2\u00e0\u00e4\u00e5--698x1024.jpg\" alt=\"\" width=\"383\" height=\"562\" srcset=\"https:\/\/dlf.uzh.ch\/sites\/slavicumpress\/files\/2020\/03\/\u00e0\u00b4\u00b4.21-\u00eb\u2022\u00a8\u00cf\u00d4-\u00c4\u201e\u00b7\u201a-\u00f2\u00e0\u00e4\u00e5--698x1024.jpg 698w, https:\/\/dlf.uzh.ch\/sites\/slavicumpress\/files\/2020\/03\/\u00e0\u00b4\u00b4.21-\u00eb\u2022\u00a8\u00cf\u00d4-\u00c4\u201e\u00b7\u201a-\u00f2\u00e0\u00e4\u00e5--204x300.jpg 204w, https:\/\/dlf.uzh.ch\/sites\/slavicumpress\/files\/2020\/03\/\u00e0\u00b4\u00b4.21-\u00eb\u2022\u00a8\u00cf\u00d4-\u00c4\u201e\u00b7\u201a-\u00f2\u00e0\u00e4\u00e5--768x1127.jpg 768w, https:\/\/dlf.uzh.ch\/sites\/slavicumpress\/files\/2020\/03\/\u00e0\u00b4\u00b4.21-\u00eb\u2022\u00a8\u00cf\u00d4-\u00c4\u201e\u00b7\u201a-\u00f2\u00e0\u00e4\u00e5--1047x1536.jpg 1047w, https:\/\/dlf.uzh.ch\/sites\/slavicumpress\/files\/2020\/03\/\u00e0\u00b4\u00b4.21-\u00eb\u2022\u00a8\u00cf\u00d4-\u00c4\u201e\u00b7\u201a-\u00f2\u00e0\u00e4\u00e5--375x550.jpg 375w, https:\/\/dlf.uzh.ch\/sites\/slavicumpress\/files\/2020\/03\/\u00e0\u00b4\u00b4.21-\u00eb\u2022\u00a8\u00cf\u00d4-\u00c4\u201e\u00b7\u201a-\u00f2\u00e0\u00e4\u00e5--341x500.jpg 341w, https:\/\/dlf.uzh.ch\/sites\/slavicumpress\/files\/2020\/03\/\u00e0\u00b4\u00b4.21-\u00eb\u2022\u00a8\u00cf\u00d4-\u00c4\u201e\u00b7\u201a-\u00f2\u00e0\u00e4\u00e5-.jpg 1369w\" sizes=\"auto, (max-width: 383px) 100vw, 383px\" \/><figcaption id=\"caption-attachment-3243\" class=\"wp-caption-text\">Abbildung 21: Martin Iwanowitsch Aust mit seiner Familie. \u00a9 SchemGM<\/figcaption><\/figure>\n<p>Martin Iwanowitsch Aust war der erste Lehrer im Dorf Pruggerovo. Er kam mit seiner Familie (Abbildung 20) vor dem Ersten Weltkrieg aus der Provinz Jekaterinoslaw (Dnepropetrowsk, Ukraine). Sie waren ziemlich wohlhabend. M. I. Aust gr\u00fcndete die erste 4-Klassen-Schule, besch\u00e4ftigte sich also nicht mit der Landwirtschaft.<\/p>\n<figure id=\"attachment_3244\" aria-describedby=\"caption-attachment-3244\" style=\"width: 1024px\" class=\"wp-caption aligncenter\"><img loading=\"lazy\" decoding=\"async\" class=\"wp-image-3244 size-large\" src=\"https:\/\/dlf.uzh.ch\/sites\/slavicumpress\/files\/2020\/03\/\u00e0\u00b4\u00b4.22-\u00f2\u2122\u00c6\u00b4\u2020-\u00b7.\u00e8\u2021\u201e\u00a3\u00a3\u2022\u2021\u00c6\u00a2\u00c6-\u00f2\u00e0\u00e4\u00e5-1024x739.jpg\" alt=\"\" width=\"1024\" height=\"739\" srcset=\"https:\/\/dlf.uzh.ch\/sites\/slavicumpress\/files\/2020\/03\/\u00e0\u00b4\u00b4.22-\u00f2\u2122\u00c6\u00b4\u2020-\u00b7.\u00e8\u2021\u201e\u00a3\u00a3\u2022\u2021\u00c6\u00a2\u00c6-\u00f2\u00e0\u00e4\u00e5-1024x739.jpg 1024w, https:\/\/dlf.uzh.ch\/sites\/slavicumpress\/files\/2020\/03\/\u00e0\u00b4\u00b4.22-\u00f2\u2122\u00c6\u00b4\u2020-\u00b7.\u00e8\u2021\u201e\u00a3\u00a3\u2022\u2021\u00c6\u00a2\u00c6-\u00f2\u00e0\u00e4\u00e5-300x216.jpg 300w, https:\/\/dlf.uzh.ch\/sites\/slavicumpress\/files\/2020\/03\/\u00e0\u00b4\u00b4.22-\u00f2\u2122\u00c6\u00b4\u2020-\u00b7.\u00e8\u2021\u201e\u00a3\u00a3\u2022\u2021\u00c6\u00a2\u00c6-\u00f2\u00e0\u00e4\u00e5-768x554.jpg 768w, https:\/\/dlf.uzh.ch\/sites\/slavicumpress\/files\/2020\/03\/\u00e0\u00b4\u00b4.22-\u00f2\u2122\u00c6\u00b4\u2020-\u00b7.\u00e8\u2021\u201e\u00a3\u00a3\u2022\u2021\u00c6\u00a2\u00c6-\u00f2\u00e0\u00e4\u00e5-1536x1108.jpg 1536w, https:\/\/dlf.uzh.ch\/sites\/slavicumpress\/files\/2020\/03\/\u00e0\u00b4\u00b4.22-\u00f2\u2122\u00c6\u00b4\u2020-\u00b7.\u00e8\u2021\u201e\u00a3\u00a3\u2022\u2021\u00c6\u00a2\u00c6-\u00f2\u00e0\u00e4\u00e5-2048x1478.jpg 2048w, https:\/\/dlf.uzh.ch\/sites\/slavicumpress\/files\/2020\/03\/\u00e0\u00b4\u00b4.22-\u00f2\u2122\u00c6\u00b4\u2020-\u00b7.\u00e8\u2021\u201e\u00a3\u00a3\u2022\u2021\u00c6\u00a2\u00c6-\u00f2\u00e0\u00e4\u00e5-465x336.jpg 465w, https:\/\/dlf.uzh.ch\/sites\/slavicumpress\/files\/2020\/03\/\u00e0\u00b4\u00b4.22-\u00f2\u2122\u00c6\u00b4\u2020-\u00b7.\u00e8\u2021\u201e\u00a3\u00a3\u2022\u2021\u00c6\u00a2\u00c6-\u00f2\u00e0\u00e4\u00e5-693x500.jpg 693w\" sizes=\"auto, (max-width: 1024px) 100vw, 1024px\" \/><figcaption id=\"caption-attachment-3244\" class=\"wp-caption-text\">Abbildung 22: Sch\u00fcler und Lehrer der Schule in Pruggerhof aus dem Jahr 1935. \u00a9 SchemGM<\/figcaption><\/figure>\n<p>Im Oktober 1937 wurde der Lehrer festgenommen und im Januar 1938 wurde er erschossen.<span class=\"tooltips \" style=\"\" title=\"&lt;em&gt;Tschernikow W.T. \u201e Essays \u00fcber Einwanderer\u201c Ost-Kasachstans Geschichte- Museum Schemonaichinsky Bezirk-2107. &lt;\/em&gt;\"><span style=\"color: #000000\"><sup>27<\/sup><\/span><\/span> Bald erfuhr auch die deutsche Schule Repressionen: Der Deutschunterricht wurde verboten und der Unterricht auf russische Sprache umgestellt. Ein \u00e4hnliches Schicksal ereilte auch andere deutsche Schulen.<\/p>\n<p>In den fr\u00fchen 1930er Jahren wurde im Zuge der Massenkollektivierung die traditionelle Lebensweise der deutschen Kolonisten gebrochen. Trotz der schweren Sch\u00e4den, die den deutschen Bauernh\u00f6fen w\u00e4hrend der Kollektivierung zugef\u00fcgt wurden, geh\u00f6rten Ende der drei\u00dfiger Jahre die deutschen Kollektivbauernh\u00f6fe\u00a0 dank des unglaublichen Einsatzes der Menschen und der traditionellen Mentalit\u00e4t zu den besten Bauernh\u00f6fen.<\/p>\n<p>Ende der 1930er Jahre kam eine Reihe von \u201epolitischen\u201c Deutschen nach Ostkasachstan, die w\u00e4hrend einer Reihe von Anklagen in anderen Regionen des Landes hierher verbannt wurden. Der Hauptartikel der Staatsanwaltschaft war \u201ekonterrevolution\u00e4re Aktivit\u00e4t in faschistischen Organisationen.\u201c<span class=\"tooltips \" style=\"\" title=\"&lt;em&gt;Alexeenko A.N.V\u00f6lker Ost-Kasachstans  Ust-Kamenogorsk: 1994. S.44&lt;\/em&gt;\"><span style=\"color: #000000\"><sup>28<\/sup><\/span><\/span><\/p>\n<p>Die Volksz\u00e4hlung von 1939 zeigt, dass der Bezirk Schemonaicha eines der Hauptgebiete der Deutschen in der Region Ostkasachstan war. Die gr\u00f6\u00dfte Konzentration von Menschen deutscher Nationalit\u00e4t wurde auf seinem Territorium beobachtet: 1.406 Menschen, was 3,4 % der Bev\u00f6lkerung entsprach.<\/p>\n<p>So erschienen zu Beginn des 20 Jahrhunderts vier deutsche D\u00f6rfer auf dem Territorium des Bezirks Schemonaicha in der Region Ostkasachstan: Prugerovo, Gorkunovo, Kenuchovo und Amerika.\u00a0\u00a0 Um die Interessen der nach Sibirien ziehenden russischen Bauern nicht zu verletzen, haben die zentrale und sibirische Regierung eine Reihe von Ma\u00dfnahmen ergriffen, um die Abwanderung der deutschen Bev\u00f6lkerung nach Osten zu begrenzen, der Umsiedlungsprozess wurde jedoch nicht gestoppt.<\/p>\n<p>Die Repressionen der 1930er Jahre waren nicht nur politisch, sondern auch national. Die deutsche Kultur und die nationale Bildung wurden erheblich geschw\u00e4cht, und dies alles in \u00dcbereinstimmung mit der Einstellung an \u201eeinem entscheidenden Wendepunkt f\u00fcr den Stand der Arbeit in den deutschen Kolonien\u201c zu arbeiten.<span class=\"tooltips \" style=\"\" title=\"&lt;em&gt;Burgart L.A. \u201e Die Geschichte der Deutschen in Ost-Kasachstan\u201c. Ust-Kamenogorsk:1997. S.121&lt;\/em&gt;\"><span style=\"color: #000000\"><sup>29<\/sup><\/span><\/span>[vc_toggle title=&#187;10. Abbildungsverzeichnis&#187;]Abbildung 1: Karte zur Auswanderung von Deutschen in das Schwarzmeer- und Wolgagebiet im 18.\/19. Jahrhundert (aus dem pers\u00f6nlichen Archiv)<br \/>\nAbbildung 2: Hochzeitsfoto von Christian Meier und Maria Ilk (aus dem Schemonaichinsky Geschichte-Museum)<br \/>\nAbbildung 3: David und Ekaterina Zweizig mit Kindern (aus dem Schemonaichinsky Geschichte-Museum)<br \/>\nAbbildung 4: Fr\u00fchling. Die deutschen Kolonisten bereiten sich auf die Feldarbeit vor. (aus dem Schemonaichinsky Geschichte-Museum)<br \/>\nAbbildung 5: A.A. Bachmann(aus dem Schemonaichinsky Geschichte-Museum)<br \/>\nAbbildung 6: Das Dorf Pruggerovo (aus dem pers\u00f6nlichen Archiv)<br \/>\nAbbildung 7: Anna Landel (Prugger) mit ihrem Sohn(aus dem Schemonaichinsky Geschichte-Museum)<br \/>\nAbbildung 8: Geburtsurkunde der Kinder von Josef Prugger(aus dem Schemonaichinsky Geschichte-Museum)<br \/>\nAbbildung 9: Die Familie Landel (aus dem Schemonaichinsky Geschichte-Museum)<br \/>\nAbbildung 10: Hochzeitsfoto der Familie Schenkel (aus dem Schemonaichinsky Geschichte-Museum)<br \/>\nAbbildung 11: Abfahrt nach Deutschland der deutschen Fachkr\u00e4fte (aus dem Schemonaichinsky Geschichte-Museum)<br \/>\nAbbildung 12: Die Familie Preis(aus dem Schemonaichinsky Geschichte-Museum)<br \/>\nAbbildung 13: Die Br\u00fcder Gaan (Hahn) (aus dem Schemonaichinsky Geschichte-Museum)<br \/>\nAbbildung 14: Fortgeschrittene Jugend aus dem Dorf Amerika. (aus dem Schemonaichinsky Geschichte-Museum)<br \/>\nAbbildung 15: Die Jugendlichen aus dem Dorf Amerika (aus dem Schemonaichinsky Geschichte-Museum)<br \/>\nAbbildung 16: Drei Generationen der Familie Seibel(aus dem Schemonaichinsky Geschichte-Museum)<br \/>\nAbbildung 17: Lenin-Denkmal im Dorf Pruggerovo(aus dem Schemonaichinsky Geschichte-Museum)<br \/>\nAbbildung 18: Erster Traktor im Kollektivfarm \u201eRot Front\u201c(aus dem Schemonaichinsky Geschichte-Museum)<br \/>\nAbbildung 19: P.A. Iwaniza (in Milit\u00e4runiform) (aus dem Schemonaichinsky Geschichte-Museum)<br \/>\nAbbildung 20: Karl Karlowitsch Leiman (Lehmann) (aus dem Schemonaichinsky Geschichte-Museum)<br \/>\nAbbildung 21: Martin Iwanowitsch Aust mit seiner Familie (aus dem Schemonaichinsky Geschichte-Museum)<br \/>\nAbbildung 22: Sch\u00fcler und Lehrer der Schule in Pruggerhof aus dem Jahr 1935 (aus dem Schemonaichinsky Geschichte-Museum)[\/vc_toggle][vc_toggle title=&#187;11. Literaturverzeichnis&#187;]Alexeenko A.N.V\u00f6lker Ost-Kasachstans\u00a0 Ust-kamenogorsk: 1996<\/p>\n<p>Bem N.R. Ausstellung des Bezirks Schemonaicha: Schemonaichinsky Bezirk des XVIII &#8211;\u00a0 XX Jahrhunderts: 1991<\/p>\n<p>Wibe P.P. Die Umsiedlung deutscher Kolonisten in der Steppenregion Ende des 19. Jahrhunderts zu Beginn des 20. Jahrhunderts. Die Geschichte der Deutschen in Zentralasien:\u00a0 Materialien einer internationalen wissenschaftlichen Konferenz.Almaty:1998<\/p>\n<p>Scheidurov W.K. Deutsche Familie im Altai Ende des 19. Jahrhunderts zu Beginn des 20. Jahrhunderts. Die Geschichte der Deutschen in Zentralasien:\u00a0 Materialien einer internationalen wissenschaftlichen Konferenz.Almaty:1998<\/p>\n<p>Koschman T.W.Die deutsche Bev\u00f6lkerung der Steppenregion Ende des 19. Jahrhunderts zu Beginn des 20. Jahrhunderts. Die Geschichte der Deutschen in Zentralasien:\u00a0 Materialien einer internationalen wissenschaftlichen Konferenz.Almaty:1998<\/p>\n<p>Bem N.R. Ausstellung des Bezirks Schemonaicha: Schemonaichinsky bezirk des XVIII &#8211;\u00a0 XX Jahrhunderts: 1991<\/p>\n<p>Notizen zur lokalen Geschichte. Ausgabe 3. Barnaul:1999<\/p>\n<p>Bachman A.A. Erinnerungen. Ost-Kasachstans Geschichte- Museum Schemonaichinsky Bezirk: 1799<\/p>\n<p>Schenhalz Ja.A. Erinnerungen. Ost-Kasachstans Geschichte- Museum Schemonaichinsky Bezirk: 1799<\/p>\n<p>Tschernikow W.T. \u201e Essays \u00fcber Einwanderer\u201c Ost-Kasachstans Geschichte- Museum Schemonaichinsky Bezirk<\/p>\n<p>Burgart L.A. \u201e Die Geschichte der Deutschen in Ost-Kasachstan\u201c. Ust-Kamenogorsk:1997<\/p>\n<p>Das Ehrenbuch der All-Union landwirtschaftliche Ausstellung von 1940 Jahre<\/p>\n<p>Seik A.P Erinnerungen. Ost-Kasachstans Geschichte- Museum Schemonaichinsky Bezirk. 2336<\/p>\n<p>Preis L.A. Erinnerungen. Ost-Kasachstans Geschichte- Museum Schemonaichinsky Bezirk :1995<\/p>\n<p>Rayonszeitung \u201e Lenin Banner\u201c\u211643: 1954[\/vc_toggle][vc_toggle title=&#187;12. Fussnoten&#187;]1 Alexeenko A.N.V\u00f6lker Ost-Kasachstans\u00a0 Ust-Kamenogorsk: 1996. S.6<br \/>\n<a href=\"https:\/\/dlf.uzh.ch\/sites\/slavicumpress\/?p=3207&amp;preview=true#_ednref2\" name=\"_edn2\"><\/a>2 \u00a0Bem N.R. Ausstellung des Bezirks Schemonaicha: Schemonaichinsky Bezirk des XVIII \u2013 \u00a0XX Jahrhunderts: 1991. S.45<br \/>\n<a href=\"https:\/\/dlf.uzh.ch\/sites\/slavicumpress\/?p=3207&amp;preview=true#_ednref3\" name=\"_edn3\"><\/a>3 Am selben Ort<br \/>\n<a href=\"https:\/\/dlf.uzh.ch\/sites\/slavicumpress\/?p=3207&amp;preview=true#_ednref4\" name=\"_edn4\"><\/a>4 Wibe P.P. Die Umsiedlung deutscher Kolonisten in der Steppenregion Ende des 19. Jahrhunderts zu Beginn des 20. Jahrhunderts. Die Geschichte der Deutschen in Zentralasien:\u00a0 Materialien einer internationalen wissenschaftlichen Konferenz.Almaty:1998. S. 20<br \/>\n5 Scheidurov W.K. Deutsche Familie im Altai Ende des 19. Jahrhunderts zu Beginn des 20. Jahrhunderts. Die Geschichte der Deutschen in Zentralasien:\u00a0 Materialien einer internationalen wissenschaftlichen Konferenz.Almaty:1998. S. 45<br \/>\n6 Am selben Ort<br \/>\n7 Koschman T.W.Die deutsche Bev\u00f6lkerung der Steppenregion Ende des 19. Jahrhunderts zu Beginn des 20. Jahrhunderts. Die Geschichte der Deutschen in Zentralasien:\u00a0 Materialien einer internationalen wissenschaftlichen Konferenz.Almaty:1998. S. 34<br \/>\n8 Notizen zur lokalen Geschichte. Ausgabe 3. Barnaul:1999. S. 135<br \/>\n9 Bem N.R. Ausstellung des Bezirks Schemonaicha: Schemonaichinsky bezirk des XVIII \u2013\u00a0 XX Jahrhunderts: 1991. S.45<br \/>\n10 Bachman A.A. Erinnerungen. Ost-Kasachstans Geschichte- Museum Schemonaichinsky Bezirk: 1799. S.3<br \/>\n11 Am selben Ort<br \/>\n12 Am selben Ort<br \/>\n13 Schenhalz Ja.A. Erinnerungen. Ost-Kasachstans Geschichte- Museum Schemonaichinsky Bezirk: 1799. S.3<br \/>\n14 Tschernikow W.T. \u201e Essays \u00fcber Einwanderer\u201c Ost-Kasachstans Geschichte- Museum Schemonaichinsky Bezirk- 2107. S.4<br \/>\n15 Seik A.P Erinnerungen. Ost-Kasachstans Geschichte- Museum Schemonaichinsky Bezirk. 2336. S.1<br \/>\n16 Preis L.A. Erinnerungen. Ost-Kasachstans Geschichte- Museum Schemonaichinsky Bezirk :1995. S.1<br \/>\n17 Rayonszeitung \u201e Lenin Banner\u201c\u211643: 1954. S. 2<br \/>\n18 Alexeenko A.N.V\u00f6lker Ost-Kasachstans\u00a0 Ust-Kamenogorsk: 1994. S.12<br \/>\n19 Tschernikow W.T. \u201e Essays \u00fcber Einwanderer\u201c Ost-Kasachstans Geschichte- Museum Schemonaichinsky Bezirk-2107. S.6<br \/>\n20 Burgart L.A. \u201e Die Geschichte der Deutschen in Ost-Kasachstan\u201c. Ust-Kamenogorsk:1997. S.67<br \/>\n21 Das Ehrenbuch der All-Union landwirtschaftliche Ausstellung von 1940 Jahre. Ost-Kasachstans Geschichte- Museum Schemonaichinsky Bezirk.<br \/>\n22 Bachman A.A. Erinnerungen. Ost-Kasachstans Geschichte- Museum Schemonaichinsky Bezirk: 1799<br \/>\n23 Informationen der Direktion des Staatssicherheitskomitees f\u00f6r die Region Ost-Kasachstan \u00fcber die unterdr\u00fcckten Bewohner des Bezirks Schemonaicha. Ost-Kasachstans Geschichte- Museum Schemonaichinsky Bezirk.<br \/>\n24 Am selben Ort<br \/>\n25 Ost-Kasachstans Geschichte- Museum Schemonaichinsky Bezirk. Legende.\u2116111: 1991<br \/>\n26 Ost-Kasachstans Geschichte- Museum Schemonaichinsky Bezirk. Legende.\u2116121: 1991<br \/>\n27 Tschernikow W.T. \u201e Essays \u00fcber Einwanderer\u201c Ost-Kasachstans Geschichte- Museum Schemonaichinsky Bezirk-2107.<br \/>\n28 Alexeenko A.N.V\u00f6lker Ost-Kasachstans\u00a0 Ust-Kamenogorsk: 1994. S.44<br \/>\n29 Burgart L.A. \u201e Die Geschichte der Deutschen in Ost-Kasachstan\u201c. Ust-Kamenogorsk:1997. S.121[\/vc_toggle][vc_row][vc_column][vc_column_text]<strong>Julia Borisova<\/strong>, Deutschkurslehrerin der regionalen Gesellschaftlichen Stiftung \u201eVereinigung der Deutschen Kasachstans \u201aWiedergeburt\u2018 \u201c, Wohnblock 4-12-50, Stadt Schemonaicha, Ost-Kasachstan, Republik Kasachstan. <a href=\"mailto:yulia.borisova.69@mail.ru\">yulia.borisova.69@mail.ru<\/a><\/p>\n<p><strong>Jakob Fischer<\/strong>, Projektleiter der Landsmannschft der Deutschen aus Russlandv.V. Raitelsbergstrasse 49, 70188 Stuttgart, Deutschland. <a href=\"mailto:j.fischer@lmdr.de\">j.fischer@lmdr.de<\/a><\/p>\n<p>Diese Wissenschaftliche Arbeit wurde in Nur-Sultan, Kasachstan im Oktober 2019 erfolgreich am I. Republikanischen Wettbewerb \u201eDeutsch im Herzen\u201c zur F\u00f6rderung der deutschen Sprache in Kasachstan vorgestellt. Sie wurde auch die Beste in der Kategorie\u00a0\u00a0 \u201eFotoreportage: denkw\u00fcrdige Aspekte der Geschichte der Deutschen in Kasachstan\u201c anerkannt.<\/p>\n<p>Die Autorin ist Julia Borisova, Deutschkurslehrerin der regionalen Gesellschaftlichen Stiftung \u201eVereinigung der Deutschen Kasachstans \u201aWiedergeburt\u2018 \u201c.[\/vc_column_text][\/vc_column][\/vc_row]<\/p>\n<\/div>","protected":false},"excerpt":{"rendered":"<p>Die Deutschen wanderten in mehr als zwei Jahrhunderten in den europ\u00e4ischen Teil Russlands aus.<span class=\"more-link\"><a href=\"https:\/\/dlf.uzh.ch\/sites\/slavicumpress\/2020\/03\/06\/julia-borisova-die-entstehung-deutscher-siedlungen-auf-dem-territorium-des-bezirks-schemonaicha\/\">Read More &rarr;<\/a><\/span><\/p>\n","protected":false},"author":484,"featured_media":3230,"comment_status":"open","ping_status":"closed","sticky":false,"template":"","format":"standard","meta":{"_acf_changed":false,"_FSMCFIC_featured_image_caption":"\u00a9 SchemGM","_FSMCFIC_featured_image_nocaption":null,"_FSMCFIC_featured_image_hide":null,"footnotes":""},"categories":[419],"tags":[115,426,371],"class_list":["entry","author-flowie","has-excerpt","post-3207","post","type-post","status-publish","format-standard","has-post-thumbnail","category-reportage","tag-german","tag-julia-borisova","tag-kazakh"],"acf":[],"_links":{"self":[{"href":"https:\/\/dlf.uzh.ch\/sites\/slavicumpress\/wp-json\/wp\/v2\/posts\/3207","targetHints":{"allow":["GET"]}}],"collection":[{"href":"https:\/\/dlf.uzh.ch\/sites\/slavicumpress\/wp-json\/wp\/v2\/posts"}],"about":[{"href":"https:\/\/dlf.uzh.ch\/sites\/slavicumpress\/wp-json\/wp\/v2\/types\/post"}],"author":[{"embeddable":true,"href":"https:\/\/dlf.uzh.ch\/sites\/slavicumpress\/wp-json\/wp\/v2\/users\/484"}],"replies":[{"embeddable":true,"href":"https:\/\/dlf.uzh.ch\/sites\/slavicumpress\/wp-json\/wp\/v2\/comments?post=3207"}],"version-history":[{"count":45,"href":"https:\/\/dlf.uzh.ch\/sites\/slavicumpress\/wp-json\/wp\/v2\/posts\/3207\/revisions"}],"predecessor-version":[{"id":9947,"href":"https:\/\/dlf.uzh.ch\/sites\/slavicumpress\/wp-json\/wp\/v2\/posts\/3207\/revisions\/9947"}],"wp:featuredmedia":[{"embeddable":true,"href":"https:\/\/dlf.uzh.ch\/sites\/slavicumpress\/wp-json\/wp\/v2\/media\/3230"}],"wp:attachment":[{"href":"https:\/\/dlf.uzh.ch\/sites\/slavicumpress\/wp-json\/wp\/v2\/media?parent=3207"}],"wp:term":[{"taxonomy":"category","embeddable":true,"href":"https:\/\/dlf.uzh.ch\/sites\/slavicumpress\/wp-json\/wp\/v2\/categories?post=3207"},{"taxonomy":"post_tag","embeddable":true,"href":"https:\/\/dlf.uzh.ch\/sites\/slavicumpress\/wp-json\/wp\/v2\/tags?post=3207"}],"curies":[{"name":"wp","href":"https:\/\/api.w.org\/{rel}","templated":true}]}}