{"id":2757,"date":"2019-12-16T15:02:14","date_gmt":"2019-12-16T14:02:14","guid":{"rendered":"https:\/\/dlf.uzh.ch\/sites\/slavicumpress\/?p=2757"},"modified":"2022-12-14T21:25:31","modified_gmt":"2022-12-14T20:25:31","slug":"andelsky-voci-cekist-ondrej-tropp","status":"publish","type":"post","link":"https:\/\/dlf.uzh.ch\/sites\/slavicumpress\/2019\/12\/16\/andelsky-voci-cekist-ondrej-tropp\/","title":{"rendered":"\u0410nd\u011blsk\u00fd vo\u010di \u2013 Ondrej Tropp"},"content":{"rendered":"<div>\n<p style=\"padding-left: 80px\"><strong>AND\u011aLSK\u00dd VO\u010cI<\/strong><\/p>\n<p style=\"padding-left: 80px\">\u0160el jsem tehdy krajinou,<\/p>\n<p style=\"padding-left: 80px\">uz\u0159el svoji jedinou.<\/p>\n<p style=\"padding-left: 80px\">Vo\u010di kr\u00e1sn\u00fd m\u011bla,<\/p>\n<p style=\"padding-left: 80px\">na tuty m\u011b cht\u011bla<\/p>\n<p style=\"padding-left: 80px\">Ref.<\/p>\n<p style=\"padding-left: 80px\">And\u011blsk\u00fd vo\u010di<\/p>\n<p style=\"padding-left: 80px\">vokolo se to\u010d\u00ed.<\/p>\n<p style=\"padding-left: 80px\">Hej! Hej! Hej!<\/p>\n<p style=\"padding-left: 80px\">R\u00e1d bych j\u00ed je vydr\u00e1pal.<\/p>\n<p style=\"padding-left: 80px\">J\u00e1 jsem Tonda Dr\u00e1pek,<\/p>\n<p style=\"padding-left: 80px\">\u00fachyln\u00fd to chl\u00e1pek.<\/p>\n<p style=\"padding-left: 80px\">O\u010di j\u00e1 si sb\u00edr\u00e1m,<\/p>\n<p style=\"padding-left: 80px\">moc r\u00e1d na n\u011b z\u00edr\u00e1m.<\/p>\n<p style=\"padding-left: 80px\">Ref.<\/p>\n<p style=\"padding-left: 80px\">And\u011blsk\u00fd vo\u010di<\/p>\n<p style=\"padding-left: 80px\">vokolo se to\u010d\u00ed.<\/p>\n<p style=\"padding-left: 80px\">Hej! Hej! Hej!<\/p>\n<p style=\"padding-left: 80px\">R\u00e1d bych j\u00ed je vydr\u00e1pal.<\/p>\n<p style=\"padding-left: 80px\">Tak jsem j\u00ed je sebral,<\/p>\n<p style=\"padding-left: 80px\">serv\u00edtky si nebral.<\/p>\n<p style=\"padding-left: 80px\">Vo\u010di jsem si ulo\u017eil,<\/p>\n<p style=\"padding-left: 80px\">do lihu je nalo\u017eil.<\/p>\n<p style=\"padding-left: 80px\">Ref.<\/p>\n<p style=\"padding-left: 80px\">And\u011blsk\u00fd vo\u010di<\/p>\n<p style=\"padding-left: 80px\">vokolo se to\u010d\u00ed.<\/p>\n<p style=\"padding-left: 80px\">Hej! Hej! Hej!<\/p>\n<p style=\"padding-left: 80px\">R\u00e1d jsem j\u00ed je vydr\u00e1pal.<\/p>\n<p style=\"padding-left: 80px\">And\u011blsk\u00fd vo\u010di<\/p>\n<p style=\"padding-left: 80px\">vokolo se to\u010d\u00ed.<\/p>\n<p style=\"padding-left: 80px\">Hej! Hej! Hej!<\/p>\n<p style=\"padding-left: 80px\">R\u00e1d jsem j\u00ed je vydr\u00e1pal.<\/p>\n<p>&nbsp;<\/p>\n<p style=\"padding-left: 80px\"><strong>\u010cEKIST<\/strong><\/p>\n<p style=\"padding-left: 80px\">Jednou ve snu sly\u0161\u00edm hlasy,<\/p>\n<p style=\"padding-left: 80px\">cosi kolem hul\u00e1k\u00e1.<\/p>\n<p style=\"padding-left: 80px\">V\u0161ude rudo, boty dun\u00ed<\/p>\n<p style=\"padding-left: 80px\">&#8211; sc\u00e9na je to divok\u00e1.<\/p>\n<p style=\"padding-left: 80px\">Sklep kolem je,<\/p>\n<p style=\"padding-left: 80px\">m\u00edstnost pln\u00e1,<\/p>\n<p style=\"padding-left: 80px\">c\u00edt\u00edm z\u00e1pach oleje.<\/p>\n<p style=\"padding-left: 80px\">Co se d\u011bje?<\/p>\n<p style=\"padding-left: 80px\">Org\u00e1ni tu pob\u00edhaj\u00ed,<\/p>\n<p style=\"padding-left: 80px\">v\u00e1\u017en\u011b, tvrd\u011b, \u0161kroben\u011b.<\/p>\n<p style=\"padding-left: 80px\">Pro\u010d tu dole v\u0161ichni jsou?<\/p>\n<p style=\"padding-left: 80px\">Co tu asi provedou?<\/p>\n<p style=\"padding-left: 80px\">\u201eKe zdi\u201c, prav\u00ed soudruh mil\u00fd<\/p>\n<p style=\"padding-left: 80px\">v \u010dern\u00fd pl\u00e1\u0161t\u00edk od\u011bn\u00fd.<\/p>\n<p style=\"padding-left: 80px\">V p\u0159edu za mnou barik\u00e1da,<\/p>\n<p style=\"padding-left: 80px\">co sov\u011btskou moc nem\u00e1 r\u00e1da<\/p>\n<p style=\"padding-left: 80px\">\u2013 tu je t\u0159eba je\u0161t\u011b dnes expedovat do nebes.<\/p>\n<p style=\"padding-left: 80px\">Barik\u00e1da je to nah\u00e1,<\/p>\n<p style=\"padding-left: 80px\">strachy cel\u00e1 posran\u00e1.<\/p>\n<p style=\"padding-left: 80px\">\u017deny, mu\u017ei, d\u011bti v n\u00ed,<\/p>\n<p style=\"padding-left: 80px\">u\u017e jsou cel\u00ed promrzl\u00ed.<\/p>\n<p style=\"padding-left: 80px\">Z chladu v\u0161ak je vysvobod\u00ed<\/p>\n<p style=\"padding-left: 80px\">za chvilenku kuli\u010dka<\/p>\n<p style=\"padding-left: 80px\">R\u00e1na tam a mozek ven,<\/p>\n<p style=\"padding-left: 80px\">v matraci je \u010f\u016fr\u010di\u010dka.<\/p>\n<p style=\"padding-left: 80px\">Te\u010f ta t\u011bla odvezou,<\/p>\n<p style=\"padding-left: 80px\">do v\u00fdkopu zahod\u00ed,<\/p>\n<p style=\"padding-left: 80px\">lizolem je zalij\u00ed.<\/p>\n<p style=\"padding-left: 80px\">Hl\u00ednou v\u0161echno zavezou.<\/p>\n<p style=\"padding-left: 80px\">A takhle to \u0161lo od ve\u010dera do r\u00e1na<\/p>\n<p style=\"padding-left: 80px\">a rok za rokem.<\/p>\n<p style=\"padding-left: 80px\">A jestli jim nep\u0159\u00e1tel\u00e9 lidu nedo\u0161li,<\/p>\n<p style=\"padding-left: 80px\">tak je st\u0159\u00edl\u00ed dodnes.<\/p>\n<p>&nbsp;<\/p>\n<p style=\"padding-left: 80px\"><strong>STRASIDELNA BASNICKA NO.1<\/strong><\/p>\n<p style=\"padding-left: 80px\">Bratr\u016fv druh se k Wi-Fi pl\u00ed\u017e\u00ed,<\/p>\n<p style=\"padding-left: 80px\">ta se kl\u00ed\u017e\u00ed, volaj\u00edc:<\/p>\n<p style=\"padding-left: 80px\">\u201eNastane-li chyba s\u00edt\u011b!<\/p>\n<p style=\"padding-left: 80px\">Je t\u0159eba utratit to zlo\u0159e\u010den\u00e9 d\u00edt\u011b!\u201c.<\/p>\n<p>&nbsp;<\/p>\n<\/div>\n<p><span style=\"float: none;background-color: #ffffff;color: #333333;cursor: text;font-family: Georgia,'Times New Roman','Bitstream Charter',Times,serif;font-size: 16px;font-style: normal;font-variant: normal;font-weight: 400;letter-spacing: normal;text-align: left;text-decoration: none;text-indent: 0px;text-transform: none\"><a href=\"https:\/\/dlf.uzh.ch\/sites\/slavicumpress\/tag\/ondrej-tropp\/\" target=\"_blank\" rel=\"noopener\"><span style=\"color: #3366ff\"><strong>Ondrej Tropp<\/strong><\/span><\/a>, Charles University in Prague<\/span><\/p>\n","protected":false},"excerpt":{"rendered":"<p>\u0160el jsem tehdy krajinou,<br \/>\nuz\u0159el svoji jedinou.<br \/>\nVo\u010di kr\u00e1sn\u00fd m\u011bla,<br \/>\nna tuty m\u011b cht\u011bla<span class=\"more-link\"><a href=\"https:\/\/dlf.uzh.ch\/sites\/slavicumpress\/2019\/12\/16\/andelsky-voci-cekist-ondrej-tropp\/\">Read More &rarr;<\/a><\/span><\/p>\n","protected":false},"author":380,"featured_media":2758,"comment_status":"open","ping_status":"closed","sticky":false,"template":"","format":"standard","meta":{"_acf_changed":false,"_FSMCFIC_featured_image_caption":"\u00a9Elena Liebich","_FSMCFIC_featured_image_nocaption":"","_FSMCFIC_featured_image_hide":"","footnotes":""},"categories":[9],"tags":[118,162],"class_list":["entry","author-slavicumpress","has-excerpt","post-2757","post","type-post","status-publish","format-standard","has-post-thumbnail","category-poetry","tag-czech","tag-ondrej-tropp"],"acf":[],"_links":{"self":[{"href":"https:\/\/dlf.uzh.ch\/sites\/slavicumpress\/wp-json\/wp\/v2\/posts\/2757","targetHints":{"allow":["GET"]}}],"collection":[{"href":"https:\/\/dlf.uzh.ch\/sites\/slavicumpress\/wp-json\/wp\/v2\/posts"}],"about":[{"href":"https:\/\/dlf.uzh.ch\/sites\/slavicumpress\/wp-json\/wp\/v2\/types\/post"}],"author":[{"embeddable":true,"href":"https:\/\/dlf.uzh.ch\/sites\/slavicumpress\/wp-json\/wp\/v2\/users\/380"}],"replies":[{"embeddable":true,"href":"https:\/\/dlf.uzh.ch\/sites\/slavicumpress\/wp-json\/wp\/v2\/comments?post=2757"}],"version-history":[{"count":22,"href":"https:\/\/dlf.uzh.ch\/sites\/slavicumpress\/wp-json\/wp\/v2\/posts\/2757\/revisions"}],"predecessor-version":[{"id":12714,"href":"https:\/\/dlf.uzh.ch\/sites\/slavicumpress\/wp-json\/wp\/v2\/posts\/2757\/revisions\/12714"}],"wp:featuredmedia":[{"embeddable":true,"href":"https:\/\/dlf.uzh.ch\/sites\/slavicumpress\/wp-json\/wp\/v2\/media\/2758"}],"wp:attachment":[{"href":"https:\/\/dlf.uzh.ch\/sites\/slavicumpress\/wp-json\/wp\/v2\/media?parent=2757"}],"wp:term":[{"taxonomy":"category","embeddable":true,"href":"https:\/\/dlf.uzh.ch\/sites\/slavicumpress\/wp-json\/wp\/v2\/categories?post=2757"},{"taxonomy":"post_tag","embeddable":true,"href":"https:\/\/dlf.uzh.ch\/sites\/slavicumpress\/wp-json\/wp\/v2\/tags?post=2757"}],"curies":[{"name":"wp","href":"https:\/\/api.w.org\/{rel}","templated":true}]}}