{"id":2605,"date":"2019-11-11T15:50:48","date_gmt":"2019-11-11T14:50:48","guid":{"rendered":"https:\/\/dlf.uzh.ch\/sites\/slavicumpress\/?p=2605"},"modified":"2022-08-22T17:35:14","modified_gmt":"2022-08-22T15:35:14","slug":"cestou-na-tramvaj-za-pozdniho-kapitalismu-sedi-naproti-tim-postovit","status":"publish","type":"post","link":"https:\/\/dlf.uzh.ch\/sites\/slavicumpress\/2019\/11\/11\/cestou-na-tramvaj-za-pozdniho-kapitalismu-sedi-naproti-tim-postovit\/","title":{"rendered":"Cestou na tramvaj \u2013 Tim Postovit"},"content":{"rendered":"<div class=\"wpb-content-wrapper\"><p>[vc_row][vc_column width=&#187;1\/3&#8243;][vc_column_text]<\/p>\n<div><strong>Cestou na tramvaj<\/strong> jsem vid\u011bl \u017eenu<br \/>\nv \u010dern\u00fdch br\u00fdl\u00edch \u2013 schylovalo se k bou\u0159i na obloze,<br \/>\nna jej\u00ed rohovce rovn\u011b\u017e.<\/div>\n<div>V tramvaji jsem vid\u011bl Ukrajince,<br \/>\nve vr\u00e1sk\u00e1ch na bronzov\u011b se\u017eehl\u00e9 pleti \u2013 prach stavby,<br \/>\npudr na obli\u010deji Gaia Julie.<\/div>\n<div>Nastoupil p\u00e1r a on m\u011bl nohy lan\u011b,<br \/>\nna lev\u00e9 tetov\u00e1n\u00ed \u2013 Tribuna sever. A ona d\u00edt\u011b v ko\u010d\u00e1\u0159e<br \/>\na \u00fasm\u011bv b\u00edl\u00fd jako k\u00e1va kardiaka.<\/div>\n<div>Naproti sed\u011bl osmadvacetilet\u00fd chrom\u00fd,<br \/>\nv ruce seri\u00e1lov\u00fd sc\u00e9n\u00e1\u0159, celkov\u00fd dojem \u2013 Paul Verlaine,<br \/>\nh\u016fl \u2013 smutek, smutek \u2013 paralen.<\/div>\n<div>Dv\u011b sestry m\u011bly ve vlasech rez,<br \/>\nsk\u0159\u00edpav\u00fd sm\u011bj\u00edc\u00ed se folklor \u2014 vr\u00e1tka morov\u00fdch h\u0159bitov\u016f.<br \/>\nNoha p\u0159es nohu jako b\u0159ezov\u00e9 k\u0159\u00ed\u017ee.<\/div>\n<div>Enrique Stanko Vr\u00e1z mezi lovci lebek,<br \/>\nvzdor v\u00ed\u0159en\u00ed bubn\u016f a dun\u011bn\u00ed gong\u016f<br \/>\nus\u00edn\u00e1 p\u0159i po\u010d\u00edt\u00e1n\u00ed m\u011bd\u011bn\u00fdch dr\u00e1t\u016f<br \/>\nkolem pas\u016f \u017een z Tabanganu<\/div>\n<div>P\u0159\u00ed\u0161t\u00ed zast\u00e1vka: Starom\u011bstsk\u00e1.<\/div>\n<div><\/div>\n<div><\/div>\n<div><\/div>\n<div><\/div>\n<div><\/div>\n<div><\/div>\n<div><\/div>\n<div><\/div>\n<p>[\/vc_column_text][\/vc_column][vc_column width=&#187;1\/3&#8243;][vc_column_text]<\/p>\n<div><strong>za pozdn\u00edho kapitalismu\u00a0<\/strong><br \/>\nby se m\u011bli lid\u00e9 rozch\u00e1zet beze slov<br \/>\nkdykoliv pochop\u00ed, \u017ee je konec<br \/>\nm\u011bli by pok\u00e1cet strom \u2013<br \/>\nzelen\u00fd a urostl\u00fd,<br \/>\nto jedin\u00e9, na \u010dem je\u0161t\u011b z\u00e1le\u017e\u00ed<\/div>\n<div>za pozdn\u00edho kapitalismu<br \/>\nned\u00fdchaj\u00ed, proto\u017ee miluj\u00ed<br \/>\na nemiluj\u00ed, proto\u017ee jsou<\/div>\n<div>ned\u00fdchaj\u00ed<br \/>\naby u\u0161et\u0159ili pr\u00e1ci strom\u016fm,<br \/>\na tak nemiluj\u00ed<\/div>\n<div>ale kdykoliv se rozch\u00e1zej\u00ed,<br \/>\nm\u011bli by pok\u00e1cet strom,<br \/>\naby ho u\u0161et\u0159ili marnotratn\u00e9 pr\u00e1ce<br \/>\na sebe d\u00fdch\u00e1n\u00ed<\/div>\n<div>aby se bezv\u00fdznamn\u00e9 gesto<br \/>\nstalo trag\u00e9di\u00ed sv\u011btov\u00e9ho rozm\u011bru<br \/>\nm\u011bli by pok\u00e1cet strom<\/div>\n<div>za ka\u017edou nel\u00e1sku<br \/>\nza ka\u017ed\u00fd nevztah<\/div>\n<div>velkou \u010dernou te\u010dku \u2014<br \/>\n\u010dern\u00fd bal\u00f3nek<br \/>\ns h\u00e9liem k nebi<br \/>\na ke v\u0161em \u010dert\u016fm<\/div>\n<div>jako d\u0159\u00edve srdce \u2013<br \/>\n\u010dern\u00e1 morem<br \/>\ns poezi\u00ed k nebi<br \/>\na ke v\u0161em Laur\u00e1m<\/div>\n<div>d\u0159\u00edve to um\u011bli<br \/>\ndnes \u2013 jen k\u00e1cet stromy<\/div>\n<p>[\/vc_column_text][\/vc_column][vc_column width=&#187;1\/3&#8243;][vc_column_text]<strong>Sed\u00ed naproti<\/strong> \u2013 na z\u00e1dech cop<br \/>\nop\u00e1len\u00e1 jako p\u016fvodn\u00ed obyvatelka Ji\u017en\u00ed Ameriky<br \/>\na \u0159\u00edk\u00e1, \u017ee krv\u00e1cen\u00ed z nosu znamen\u00e1,<br \/>\n\u017ee se du\u0161e zbavuje nep\u0159\u00edjemn\u00fdch pocit\u016f<br \/>\na opravdu<br \/>\nto tak nen\u00ed \u2013<br \/>\nkrv\u00e1cen\u00ed z nosu znamen\u00e1,<br \/>\n\u017ee jsi tvou matkou<br \/>\na Hern\u00e1nem Cort\u00e9sem z\u00e1rove\u0148<br \/>\na \u017ee jsi Oh\u0159e a mele\u0161 b\u0159ehy u Litom\u011b\u0159ic<br \/>\na \u017ee jsi ten kdo zlomil nos \u2013<br \/>\nkornoutek se zmrzlinou \u2013<br \/>\ntomu klukovi a \u017ee jsi ten kluk<br \/>\njemu\u017e se tehdy v hlav\u011b najednou rozhostilo ticho,<br \/>\njako kdy\u017e se ve t\u0159\u00edd\u011b na prvn\u00edm stupni<br \/>\nzvedne posledn\u00ed \u017eidle a za dve\u0159mi<br \/>\nztichnou hlasy d\u011bt\u00ed<br \/>\nodch\u00e1zej\u00edc\u00edch na dlouh\u00e9 pr\u00e1zdniny \u2013<br \/>\nsam\u00e9<br \/>\np\u0159\u00edjemn\u00e9<br \/>\npocity[\/vc_column_text][\/vc_column][\/vc_row][vc_row][vc_column][vc_column_text]<a href=\"https:\/\/dlf.uzh.ch\/sites\/slavicumpress\/tag\/tim-postovit\/\" target=\"_blank\" rel=\"noopener\"><strong><span style=\"color: #3366ff\">Tim Postovit<\/span><\/strong><\/a>, Charles University of Prag[\/vc_column_text][\/vc_column][\/vc_row]<\/p>\n<p>Edited by: Toma\u0161 Glanc, University of Zurich<\/p>\n<\/div>","protected":false},"excerpt":{"rendered":"<p>by se m\u011bli lid\u00e9 rozch\u00e1zet beze slov<br \/>\nkdykoliv pochop\u00ed, \u017ee je konec<br \/>\nm\u011bli by pok\u00e1cet strom \u2013<br \/>\nzelen\u00fd a urostl\u00fd<span class=\"more-link\"><a href=\"https:\/\/dlf.uzh.ch\/sites\/slavicumpress\/2019\/11\/11\/cestou-na-tramvaj-za-pozdniho-kapitalismu-sedi-naproti-tim-postovit\/\">Read More &rarr;<\/a><\/span><\/p>\n","protected":false},"author":380,"featured_media":2606,"comment_status":"open","ping_status":"closed","sticky":false,"template":"","format":"standard","meta":{"_acf_changed":false,"_FSMCFIC_featured_image_caption":"\u00a9 Tim Postovit","_FSMCFIC_featured_image_nocaption":null,"_FSMCFIC_featured_image_hide":null,"footnotes":""},"categories":[9],"tags":[118,159],"class_list":["entry","author-slavicumpress","has-excerpt","post-2605","post","type-post","status-publish","format-standard","has-post-thumbnail","category-poetry","tag-czech","tag-tim-postovit"],"acf":[],"_links":{"self":[{"href":"https:\/\/dlf.uzh.ch\/sites\/slavicumpress\/wp-json\/wp\/v2\/posts\/2605","targetHints":{"allow":["GET"]}}],"collection":[{"href":"https:\/\/dlf.uzh.ch\/sites\/slavicumpress\/wp-json\/wp\/v2\/posts"}],"about":[{"href":"https:\/\/dlf.uzh.ch\/sites\/slavicumpress\/wp-json\/wp\/v2\/types\/post"}],"author":[{"embeddable":true,"href":"https:\/\/dlf.uzh.ch\/sites\/slavicumpress\/wp-json\/wp\/v2\/users\/380"}],"replies":[{"embeddable":true,"href":"https:\/\/dlf.uzh.ch\/sites\/slavicumpress\/wp-json\/wp\/v2\/comments?post=2605"}],"version-history":[{"count":9,"href":"https:\/\/dlf.uzh.ch\/sites\/slavicumpress\/wp-json\/wp\/v2\/posts\/2605\/revisions"}],"predecessor-version":[{"id":11665,"href":"https:\/\/dlf.uzh.ch\/sites\/slavicumpress\/wp-json\/wp\/v2\/posts\/2605\/revisions\/11665"}],"wp:featuredmedia":[{"embeddable":true,"href":"https:\/\/dlf.uzh.ch\/sites\/slavicumpress\/wp-json\/wp\/v2\/media\/2606"}],"wp:attachment":[{"href":"https:\/\/dlf.uzh.ch\/sites\/slavicumpress\/wp-json\/wp\/v2\/media?parent=2605"}],"wp:term":[{"taxonomy":"category","embeddable":true,"href":"https:\/\/dlf.uzh.ch\/sites\/slavicumpress\/wp-json\/wp\/v2\/categories?post=2605"},{"taxonomy":"post_tag","embeddable":true,"href":"https:\/\/dlf.uzh.ch\/sites\/slavicumpress\/wp-json\/wp\/v2\/tags?post=2605"}],"curies":[{"name":"wp","href":"https:\/\/api.w.org\/{rel}","templated":true}]}}