{"id":1937,"date":"2019-05-10T15:40:34","date_gmt":"2019-05-10T13:40:34","guid":{"rendered":"https:\/\/dlf.uzh.ch\/sites\/slavicumpress\/?p=1937"},"modified":"2025-12-13T09:24:39","modified_gmt":"2025-12-13T08:24:39","slug":"pust-istorija-lingvistiki-ostajetsja-v-samoj-lingvistike-ekaterina-velmezova","status":"publish","type":"post","link":"https:\/\/dlf.uzh.ch\/sites\/slavicumpress\/2019\/05\/10\/pust-istorija-lingvistiki-ostajetsja-v-samoj-lingvistike-ekaterina-velmezova\/","title":{"rendered":"\u0415\u043a\u0430\u0442\u0435\u0440\u0438\u043d\u0430 \u0412\u0435\u043b\u044c\u043c\u0435\u0437\u043e\u0432\u0430: \u00ab\u041f\u0443\u0441\u0442\u044c \u0438\u0441\u0442\u043e\u0440\u0438\u044f \u043b\u0438\u043d\u0433\u0432\u0438\u0441\u0442\u0438\u043a\u0438 \u043e\u0441\u0442\u0430\u0435\u0442\u0441\u044f \u0432 \u0441\u0430\u043c\u043e\u0439 \u043b\u0438\u043d\u0433\u0432\u0438\u0441\u0442\u0438\u043a\u0435&#8230;\u00bb"},"content":{"rendered":"<p><iframe loading=\"lazy\" id=\"kaltura_player\" title=\"\u0415\u043a\u0430\u0442\u0435\u0440\u0438\u043d\u0430 \u0412\u0435\u043b\u044c\u043c\u0435\u0437\u043e\u0432\u0430: &quot;\u041f\u0443\u0441\u0442\u044c \u0438\u0441\u0442\u043e\u0440\u0438\u044f \u043b\u0438\u043d\u0433\u0432\u0438\u0441\u0442\u0438\u043a\u0438 \u043e\u0441\u0442\u0430\u0435\u0442\u0441\u044f \u0432 \u0441\u0430\u043c\u043e\u0439 \u043b\u0438\u043d\u0433\u0432\u0438\u0441\u0442\u0438\u043a\u0435...&quot;\" src=\"https:\/\/api.cast.switch.ch\/p\/106\/sp\/10600\/embedIframeJs\/uiconf_id\/23448425\/partner_id\/106?iframeembed=true&amp;playerId=kaltura_player&amp;entry_id=0_wq75f0ap&amp;flashvars[streamerType]=auto&amp;flashvars[localizationCode]=de&amp;flashvars[leadWithHTML5]=true&amp;flashvars[sideBarContainer.plugin]=true&amp;flashvars[sideBarContainer.position]=left&amp;flashvars[sideBarContainer.clickToClose]=true&amp;flashvars[chapters.plugin]=true&amp;flashvars[chapters.layout]=vertical&amp;flashvars[chapters.thumbnailRotator]=false&amp;flashvars[streamSelector.plugin]=true&amp;flashvars[EmbedPlayer.SpinnerTarget]=videoHolder&amp;flashvars[dualScreen.plugin]=true&amp;flashvars[hotspots.plugin]=1&amp;flashvars[Kaltura.addCrossoriginToIframe]=true&amp;&amp;wid=0_xud09w7n\" width=\"608\" height=\"402\" frameborder=\"0\" sandbox=\"allow-downloads allow-forms allow-same-origin allow-scripts allow-top-navigation allow-pointer-lock allow-popups allow-modals allow-orientation-lock allow-popups-to-escape-sandbox allow-presentation allow-top-navigation-by-user-activation\" allowfullscreen=\"allowfullscreen\"><\/iframe><br \/>\nDas Interview mit <a href=\"https:\/\/dlf.uzh.ch\/sites\/slavicumpress\/tag\/ekaterina-velmezova\/\" target=\"_blank\" rel=\"noopener\"><span style=\"color: #3366ff;\">Ekaterina Velmezova<\/span><\/a> hat Olga Burenina-Petrova und Anja R\u00f6misch am 9. M\u00e4rz 2019 durchgef\u00fchrt.<\/p>\n<p>Das Video wurde von Anja R\u00f6misch aufgenommen und von Malika Jara montiert.<\/p>\n","protected":false},"excerpt":{"rendered":"<p>\u0415\u043a\u0430\u0442\u0435\u0440\u0438\u043d\u0430 \u0412\u0435\u043b\u044c\u043c\u0435\u0437\u043e\u0432\u0430:<br \/>\n&#171;\u041f\u0443\u0441\u0442\u044c \u0438\u0441\u0442\u043e\u0440\u0438\u044f \u043b\u0438\u043d\u0433\u0432\u0438\u0441\u0442\u0438\u043a\u0438 \u043e\u0441\u0442\u0430\u0435\u0442\u0441\u044f<br \/>\n\u0432 \u0441\u0430\u043c\u043e\u0439 \u043b\u0438\u043d\u0433\u0432\u0438\u0441\u0442\u0438\u043a\u0435&#8230;&#187;<span class=\"more-link\"><a href=\"https:\/\/dlf.uzh.ch\/sites\/slavicumpress\/2019\/05\/10\/pust-istorija-lingvistiki-ostajetsja-v-samoj-lingvistike-ekaterina-velmezova\/\">Read More &rarr;<\/a><\/span><\/p>\n","protected":false},"author":380,"featured_media":1933,"comment_status":"open","ping_status":"closed","sticky":false,"template":"","format":"standard","meta":{"_acf_changed":false,"_FSMCFIC_featured_image_caption":"","_FSMCFIC_featured_image_nocaption":"","_FSMCFIC_featured_image_hide":"","footnotes":""},"categories":[174],"tags":[133,359,409,114],"class_list":["entry","author-slavicumpress","has-excerpt","post-1937","post","type-post","status-publish","format-standard","has-post-thumbnail","category-interview","tag-anja-roemisch","tag-ekaterina-velmezova","tag-olga-burenina-petrova","tag-russian"],"acf":[],"_links":{"self":[{"href":"https:\/\/dlf.uzh.ch\/sites\/slavicumpress\/wp-json\/wp\/v2\/posts\/1937","targetHints":{"allow":["GET"]}}],"collection":[{"href":"https:\/\/dlf.uzh.ch\/sites\/slavicumpress\/wp-json\/wp\/v2\/posts"}],"about":[{"href":"https:\/\/dlf.uzh.ch\/sites\/slavicumpress\/wp-json\/wp\/v2\/types\/post"}],"author":[{"embeddable":true,"href":"https:\/\/dlf.uzh.ch\/sites\/slavicumpress\/wp-json\/wp\/v2\/users\/380"}],"replies":[{"embeddable":true,"href":"https:\/\/dlf.uzh.ch\/sites\/slavicumpress\/wp-json\/wp\/v2\/comments?post=1937"}],"version-history":[{"count":10,"href":"https:\/\/dlf.uzh.ch\/sites\/slavicumpress\/wp-json\/wp\/v2\/posts\/1937\/revisions"}],"predecessor-version":[{"id":11000,"href":"https:\/\/dlf.uzh.ch\/sites\/slavicumpress\/wp-json\/wp\/v2\/posts\/1937\/revisions\/11000"}],"wp:featuredmedia":[{"embeddable":true,"href":"https:\/\/dlf.uzh.ch\/sites\/slavicumpress\/wp-json\/wp\/v2\/media\/1933"}],"wp:attachment":[{"href":"https:\/\/dlf.uzh.ch\/sites\/slavicumpress\/wp-json\/wp\/v2\/media?parent=1937"}],"wp:term":[{"taxonomy":"category","embeddable":true,"href":"https:\/\/dlf.uzh.ch\/sites\/slavicumpress\/wp-json\/wp\/v2\/categories?post=1937"},{"taxonomy":"post_tag","embeddable":true,"href":"https:\/\/dlf.uzh.ch\/sites\/slavicumpress\/wp-json\/wp\/v2\/tags?post=1937"}],"curies":[{"name":"wp","href":"https:\/\/api.w.org\/{rel}","templated":true}]}}