{"id":17042,"date":"2026-02-28T20:20:25","date_gmt":"2026-02-28T19:20:25","guid":{"rendered":"https:\/\/dlf.uzh.ch\/sites\/slavicumpress\/?p=17042"},"modified":"2026-02-28T20:21:29","modified_gmt":"2026-02-28T19:21:29","slug":"schweizer-polnische-literaturbegegnung-am-14-03-2026-in-zuerich-karolina-fastyn","status":"publish","type":"post","link":"https:\/\/dlf.uzh.ch\/sites\/slavicumpress\/2026\/02\/28\/schweizer-polnische-literaturbegegnung-am-14-03-2026-in-zuerich-karolina-fastyn\/","title":{"rendered":"Schweizer-Polnische Literaturbegegnung am 14.03.2026 in Z\u00fcrich \u2013 Karolina Fastyn"},"content":{"rendered":"<p>&nbsp;<\/p>\n<p style=\"text-align: center;\"><strong>SCHWEIZER-POLNISCHE LITERATURBEGEGNUNG AM 14.03.2026 IN Z\u00dcRICH<\/strong><\/p>\n<p>Der Literarische PRZYSTANEK POLSKA in Z\u00fcrich ist eine Initiative von Polinnen und Polen, die in der Schweiz leben. Die Idee entstand aus dem Bed\u00fcrfnis nach einem lebendigen Austausch mit der polnischen Kultur und der polnischen Sprache. Der Literarische PRZYSTANEK ist das einzige Festival der polnischen Literatur, das regelm\u00e4\u00dfig au\u00dferhalb der Grenzen Polens stattfindet. In neun aufeinanderfolgenden Ausgaben waren die interessantesten zeitgen\u00f6ssischen Schriftstellerinnen und Schriftsteller zu Gast, darunter Ma\u0142gorzata Szejnert, Joanna Bator, Jacek Dukaj, Tomasz R\u00f3\u017cycki und Jakub \u017bulczyk. An der Ausgabe PASMO POETYCKIE im Jahr 2025 nahm die herausragende ukrainische Lyrikerin Ha\u0142yna Kruk teil.<\/p>\n<p>Am 14.03.2026 findet in Z\u00fcrich bereits zum zehnten Mal der Literarische PRZYSTANEK POLSKA statt. Die diesj\u00e4hrige Ausgabe ist der Schweizer Literatur und ihren \u00dcbersetzungen ins Polnische gewidmet. Gemeinsam mit polnischen und schweizerischen G\u00e4sten sollen unter anderem folgende Fragen diskutiert werden:<\/p>\n<ul>\n<li>Warum lohnt es sich, die Literatur des Landes zu lesen, in dem man lebt?<\/li>\n<li>Was l\u00e4sst sich aus der Literatur erfahren, was Beh\u00f6rden, Nachbarinnen und Nachbarn oder Arbeitskolleginnen und -kollegen nicht vermitteln?<\/li>\n<li>Welches Bild der Schweiz entsteht in B\u00fcchern \u2013 und welches zeigt sich im Alltag?<\/li>\n<li>Wer ist Lukas B\u00e4rfuss und warum polarisiert er Teile der Schweizer \u00d6ffentlichkeit?<\/li>\n<li>Wer war Adelheid Duvanel \u2013 und h\u00e4tten ihre Biografie und ihr Werk anders ausgesehen, w\u00e4re sie nicht in der Schweiz geboren worden?<\/li>\n<\/ul>\n<p>Zu den eingeladenen G\u00e4sten geh\u00f6ren einer der bedeutendsten Schweizer Schriftsteller, Lukas B\u00e4rfuss, sowie Isabelle Vonlanthen, stellvertretende Direktorin des Literaturhauses Z\u00fcrich.<\/p>\n<p>Au\u00dferdem nehmen die renommierten \u00dcbersetzerinnen und \u00dcbersetzer deutschsprachiger Literatur ins Polnische teil: Dorota Stroi\u0144ska (\u00dcbersetzerin von Adelheid Duvanel) sowie Arkadiusz \u017bychli\u0144ski (\u00dcbersetzer von Lukas B\u00e4rfuss und Robert Walser).<\/p>\n<p>Die zehnte Ausgabe versteht sich als Beitrag zum Br\u00fcckenbau und zur F\u00f6rderung des interkulturellen Dialogs; ein Teil der Veranstaltungen findet daher in einem zweisprachigen Format statt.<\/p>\n<p>Erg\u00e4nzende Details sowie das vollst\u00e4ndige Programm stehen auf der offiziellen <span style=\"color: #3366ff;\"><a style=\"color: #3366ff;\" href=\"https:\/\/www.literackiprzystanekpolska.com\" target=\"_blank\" rel=\"noopener\">Veranstaltungsseite<\/a><\/span> bereit.<\/p>\n<p>&nbsp;<\/p>\n<p><img loading=\"lazy\" decoding=\"async\" class=\"aligncenter wp-image-17048 size-full\" src=\"https:\/\/dlf.uzh.ch\/sites\/slavicumpress\/files\/2026\/02\/Karolina-Fastyn.jpg\" alt=\"\" width=\"1772\" height=\"1772\" srcset=\"https:\/\/dlf.uzh.ch\/sites\/slavicumpress\/files\/2026\/02\/Karolina-Fastyn.jpg 1772w, https:\/\/dlf.uzh.ch\/sites\/slavicumpress\/files\/2026\/02\/Karolina-Fastyn-300x300.jpg 300w, https:\/\/dlf.uzh.ch\/sites\/slavicumpress\/files\/2026\/02\/Karolina-Fastyn-1024x1024.jpg 1024w, https:\/\/dlf.uzh.ch\/sites\/slavicumpress\/files\/2026\/02\/Karolina-Fastyn-150x150.jpg 150w, https:\/\/dlf.uzh.ch\/sites\/slavicumpress\/files\/2026\/02\/Karolina-Fastyn-768x768.jpg 768w, https:\/\/dlf.uzh.ch\/sites\/slavicumpress\/files\/2026\/02\/Karolina-Fastyn-1536x1536.jpg 1536w, https:\/\/dlf.uzh.ch\/sites\/slavicumpress\/files\/2026\/02\/Karolina-Fastyn-465x465.jpg 465w, https:\/\/dlf.uzh.ch\/sites\/slavicumpress\/files\/2026\/02\/Karolina-Fastyn-500x500.jpg 500w\" sizes=\"auto, (max-width: 1772px) 100vw, 1772px\" \/><\/p>\n<p>&nbsp;<\/p>\n<p><a href=\"https:\/\/dlf.uzh.ch\/sites\/slavicumpress\/tag\/karolina-fastyn\/\" target=\"_blank\" rel=\"noopener\"><span style=\"color: #3366ff;\">Karolina Fastyn<\/span><\/a>, University of Zurich &amp; University of Konstanz<\/p>\n","protected":false},"excerpt":{"rendered":"<p>Am 14.03.2026 findet in Z\u00fcrich bereits zum zehnten Mal der Literarische PRZYSTANEK POLSKA statt. Die diesj\u00e4hrige Ausgabe ist der Schweizer <span class=\"more-link\"><a href=\"https:\/\/dlf.uzh.ch\/sites\/slavicumpress\/2026\/02\/28\/schweizer-polnische-literaturbegegnung-am-14-03-2026-in-zuerich-karolina-fastyn\/\">Read More &rarr;<\/a><\/span><\/p>\n","protected":false},"author":709,"featured_media":17044,"comment_status":"open","ping_status":"closed","sticky":false,"template":"","format":"standard","meta":{"_acf_changed":false,"_FSMCFIC_featured_image_caption":"","_FSMCFIC_featured_image_nocaption":"","_FSMCFIC_featured_image_hide":"","footnotes":""},"categories":[419],"tags":[115,587,117],"class_list":["entry","author-olga","has-excerpt","post-17042","post","type-post","status-publish","format-standard","has-post-thumbnail","category-reportage","tag-german","tag-karolina-fastyn","tag-polish"],"acf":[],"_links":{"self":[{"href":"https:\/\/dlf.uzh.ch\/sites\/slavicumpress\/wp-json\/wp\/v2\/posts\/17042","targetHints":{"allow":["GET"]}}],"collection":[{"href":"https:\/\/dlf.uzh.ch\/sites\/slavicumpress\/wp-json\/wp\/v2\/posts"}],"about":[{"href":"https:\/\/dlf.uzh.ch\/sites\/slavicumpress\/wp-json\/wp\/v2\/types\/post"}],"author":[{"embeddable":true,"href":"https:\/\/dlf.uzh.ch\/sites\/slavicumpress\/wp-json\/wp\/v2\/users\/709"}],"replies":[{"embeddable":true,"href":"https:\/\/dlf.uzh.ch\/sites\/slavicumpress\/wp-json\/wp\/v2\/comments?post=17042"}],"version-history":[{"count":8,"href":"https:\/\/dlf.uzh.ch\/sites\/slavicumpress\/wp-json\/wp\/v2\/posts\/17042\/revisions"}],"predecessor-version":[{"id":17052,"href":"https:\/\/dlf.uzh.ch\/sites\/slavicumpress\/wp-json\/wp\/v2\/posts\/17042\/revisions\/17052"}],"wp:featuredmedia":[{"embeddable":true,"href":"https:\/\/dlf.uzh.ch\/sites\/slavicumpress\/wp-json\/wp\/v2\/media\/17044"}],"wp:attachment":[{"href":"https:\/\/dlf.uzh.ch\/sites\/slavicumpress\/wp-json\/wp\/v2\/media?parent=17042"}],"wp:term":[{"taxonomy":"category","embeddable":true,"href":"https:\/\/dlf.uzh.ch\/sites\/slavicumpress\/wp-json\/wp\/v2\/categories?post=17042"},{"taxonomy":"post_tag","embeddable":true,"href":"https:\/\/dlf.uzh.ch\/sites\/slavicumpress\/wp-json\/wp\/v2\/tags?post=17042"}],"curies":[{"name":"wp","href":"https:\/\/api.w.org\/{rel}","templated":true}]}}