{"id":16254,"date":"2025-08-16T20:27:02","date_gmt":"2025-08-16T18:27:02","guid":{"rendered":"https:\/\/dlf.uzh.ch\/sites\/slavicumpress\/?p=16254"},"modified":"2025-08-16T20:27:02","modified_gmt":"2025-08-16T18:27:02","slug":"legenda-anja-novak","status":"publish","type":"post","link":"https:\/\/dlf.uzh.ch\/sites\/slavicumpress\/2025\/08\/16\/legenda-anja-novak\/","title":{"rendered":"Legenda \u2013 Anja Novak"},"content":{"rendered":"<p>&nbsp;<\/p>\n<p style=\"padding-left: 120px;\"><strong>LEGENDA<\/strong><\/p>\n<p>&nbsp;<\/p>\n<p style=\"padding-left: 80px;\">Nekega dne sta se sre\u010dali Resnica in La\u017e.<\/p>\n<p style=\"padding-left: 80px;\"><em>Doberdan <\/em>je rekla La\u017e.<\/p>\n<p style=\"padding-left: 80px;\"><em>Doberdan <\/em>odgovori Resnica.<\/p>\n<p style=\"padding-left: 80px;\"><em>Lepdan <\/em>je rekla La\u017e.<\/p>\n<p style=\"padding-left: 80px;\">Resnica ga pogleda, se prepri\u010da, re\u010de <em>Lep<\/em>.<\/p>\n<p style=\"padding-left: 80px;\"><em>\u0160e lep\u0161e jezero <\/em>je rekla La\u017e.<\/p>\n<p style=\"padding-left: 80px;\">Resnica ga pogleda, se prepri\u010da, re\u010de <em>Lepo.<\/em><\/p>\n<p style=\"padding-left: 80px;\">La\u017e je stekla v vodo <em>Voda \u0161e prijetnej\u0161a, zaplavajva.<\/em><\/p>\n<p style=\"padding-left: 80px;\">Resnica se dotakne vode, je prijetna in zaplava.<\/p>\n<p style=\"padding-left: 80px;\">Nakar gre La\u017e iz vode, se oble\u010de v obleko od Resnice, gre.<\/p>\n<p style=\"padding-left: 80px;\">Resnica se ni mogla oble\u010di v obla\u010dila kolegice La\u017ei.<\/p>\n<p style=\"padding-left: 80px;\">Za\u010dela je hoditi \u010disto gola gor pa dol po svetu.<\/p>\n<p style=\"padding-left: 80px;\">Vsak, ki jo takole sre\u010da, pa se zgra\u017ea.<\/p>\n<p style=\"padding-left: 80px;\">Od nje odvra\u010da pogled.<\/p>\n<p>&nbsp;<\/p>\n<p><a href=\"https:\/\/dlf.uzh.ch\/sites\/slavicumpress\/tag\/anja-novak\/\" target=\"_blank\" rel=\"noopener\"><span style=\"color: #3366ff;\">Anja Novak<\/span><\/a>, Ljubljana<\/p>\n<p>From the book: \u00a9 Anja Novak \u2013 Anjuta: \u017dila\u017eili. Ljubljana: v samozalo\u017ebi, 2024<\/p>\n<p>&nbsp;<\/p>\n<p>Eited by: Aleksandra Krasovec, Narbonne and Bo\u0161tjan Bo\u017ei\u010d, University of Ljubljana<\/p>\n","protected":false},"excerpt":{"rendered":"<p>Nekega dne sta se sre\u010dali Resnica in La\u017e.<br \/>\nDoberdan je rekla La\u017e.<br \/>\nDoberdan odgovori Resnica.<br \/>\nLepdan je rekla La\u017e<span class=\"more-link\"><a href=\"https:\/\/dlf.uzh.ch\/sites\/slavicumpress\/2025\/08\/16\/legenda-anja-novak\/\">Read More &rarr;<\/a><\/span><\/p>\n","protected":false},"author":709,"featured_media":16402,"comment_status":"open","ping_status":"closed","sticky":false,"template":"","format":"standard","meta":{"_acf_changed":false,"_FSMCFIC_featured_image_caption":"","_FSMCFIC_featured_image_nocaption":"","_FSMCFIC_featured_image_hide":"","footnotes":""},"categories":[9],"tags":[367,286],"class_list":["entry","author-olga","has-excerpt","post-16254","post","type-post","status-publish","format-standard","has-post-thumbnail","category-poetry","tag-anja-novak","tag-slovene"],"acf":[],"_links":{"self":[{"href":"https:\/\/dlf.uzh.ch\/sites\/slavicumpress\/wp-json\/wp\/v2\/posts\/16254","targetHints":{"allow":["GET"]}}],"collection":[{"href":"https:\/\/dlf.uzh.ch\/sites\/slavicumpress\/wp-json\/wp\/v2\/posts"}],"about":[{"href":"https:\/\/dlf.uzh.ch\/sites\/slavicumpress\/wp-json\/wp\/v2\/types\/post"}],"author":[{"embeddable":true,"href":"https:\/\/dlf.uzh.ch\/sites\/slavicumpress\/wp-json\/wp\/v2\/users\/709"}],"replies":[{"embeddable":true,"href":"https:\/\/dlf.uzh.ch\/sites\/slavicumpress\/wp-json\/wp\/v2\/comments?post=16254"}],"version-history":[{"count":5,"href":"https:\/\/dlf.uzh.ch\/sites\/slavicumpress\/wp-json\/wp\/v2\/posts\/16254\/revisions"}],"predecessor-version":[{"id":16404,"href":"https:\/\/dlf.uzh.ch\/sites\/slavicumpress\/wp-json\/wp\/v2\/posts\/16254\/revisions\/16404"}],"wp:featuredmedia":[{"embeddable":true,"href":"https:\/\/dlf.uzh.ch\/sites\/slavicumpress\/wp-json\/wp\/v2\/media\/16402"}],"wp:attachment":[{"href":"https:\/\/dlf.uzh.ch\/sites\/slavicumpress\/wp-json\/wp\/v2\/media?parent=16254"}],"wp:term":[{"taxonomy":"category","embeddable":true,"href":"https:\/\/dlf.uzh.ch\/sites\/slavicumpress\/wp-json\/wp\/v2\/categories?post=16254"},{"taxonomy":"post_tag","embeddable":true,"href":"https:\/\/dlf.uzh.ch\/sites\/slavicumpress\/wp-json\/wp\/v2\/tags?post=16254"}],"curies":[{"name":"wp","href":"https:\/\/api.w.org\/{rel}","templated":true}]}}