{"id":15375,"date":"2024-06-24T16:43:15","date_gmt":"2024-06-24T14:43:15","guid":{"rendered":"https:\/\/dlf.uzh.ch\/sites\/slavicumpress\/?p=15375"},"modified":"2024-06-24T16:43:15","modified_gmt":"2024-06-24T14:43:15","slug":"tri-pesme-jana-drobnjakovic","status":"publish","type":"post","link":"https:\/\/dlf.uzh.ch\/sites\/slavicumpress\/2024\/06\/24\/tri-pesme-jana-drobnjakovic\/","title":{"rendered":"Tri pesme \u2013 Jana Drobnjakovi\u0107"},"content":{"rendered":"<p>&nbsp;<\/p>\n<p style=\"padding-left: 120px;\"><strong>TRI PESME<\/strong><\/p>\n<p>&nbsp;<\/p>\n<p style=\"padding-left: 120px;\"><strong>29.5.2024. 01:21<\/strong><\/p>\n<p style=\"padding-left: 120px;\"><strong>ne pitaj<\/strong><\/p>\n<p>&nbsp;<\/p>\n<p style=\"padding-left: 120px;\">plavo i \u017eu\u0107kasto<\/p>\n<p style=\"padding-left: 120px;\">miri\u0161e na kuhinju<\/p>\n<p style=\"padding-left: 120px;\">\u0161ta \u0107emo jutros<\/p>\n<p style=\"padding-left: 120px;\">mo\u017eemo kafu<\/p>\n<p style=\"padding-left: 120px;\">mo\u017eemo preko puta<\/p>\n<p style=\"padding-left: 120px;\">mo\u017eemo putovanje<\/p>\n<p style=\"padding-left: 120px;\">li\u0161\u0107e i \u017eubor<\/p>\n<p style=\"padding-left: 120px;\">pljosnato odskakuje<\/p>\n<p style=\"padding-left: 120px;\">po povr\u0161ini vode<\/p>\n<p style=\"padding-left: 120px;\">bicikl i krevet<\/p>\n<p style=\"padding-left: 120px;\">omek\u0161iva\u010d<\/p>\n<p style=\"padding-left: 120px;\">ajde da pravimo pala\u010dinke<\/p>\n<p style=\"padding-left: 120px;\">mo\u017eda ba\u0161 sada<\/p>\n<p style=\"padding-left: 120px;\">da stanemo<\/p>\n<p style=\"padding-left: 120px;\">da pri\u010damo<\/p>\n<p style=\"padding-left: 120px;\">o breskvama<\/p>\n<p style=\"padding-left: 120px;\">a mo\u017eemo i putovanje<\/p>\n<p style=\"padding-left: 120px;\">tik tak<\/p>\n<p style=\"padding-left: 120px;\">i odjednom je mra\u010dno<\/p>\n<p style=\"padding-left: 120px;\">a mi smo jo\u0161 u vo\u0107u<\/p>\n<p style=\"padding-left: 120px;\">i smehu<\/p>\n<p style=\"padding-left: 120px;\">i u slu\u010dajnom zagrljaju u prolazu<\/p>\n<p style=\"padding-left: 120px;\">u koji se slio svaki zagrljaj svakog \u017eivota<\/p>\n<p style=\"padding-left: 120px;\">suton i smiraj<\/p>\n<p style=\"padding-left: 120px;\">smiraj je prava re\u010d<\/p>\n<p style=\"padding-left: 120px;\">za danas toliko<\/p>\n<p style=\"padding-left: 120px;\">ne pitaj gde boli<\/p>\n<p style=\"padding-left: 120px;\">jer je slatko<\/p>\n<p style=\"padding-left: 120px;\">i ne umem da ka\u017eem<\/p>\n<p>&nbsp;<\/p>\n<p style=\"padding-left: 120px;\"><strong>25.9.2023., 23:16<\/strong><\/p>\n<p style=\"padding-left: 120px;\"><strong>podsetnik<\/strong><\/p>\n<p>&nbsp;<\/p>\n<p style=\"padding-left: 120px;\">danas<\/p>\n<p style=\"padding-left: 120px;\">sam od porcelana<\/p>\n<p>&nbsp;<\/p>\n<p style=\"padding-left: 120px;\">!ko je kod ku\u0107e<\/p>\n<p style=\"padding-left: 120px;\">neka me stavi u zastakljenu vitrinu!<\/p>\n<p>&nbsp;<\/p>\n<p style=\"padding-left: 120px;\">ina\u010de \u0107e mi se slomiti lice<\/p>\n<p style=\"padding-left: 120px;\">pa vi\u0161e ne\u0107u mo\u0107i da gutam<\/p>\n<p style=\"padding-left: 120px;\">i napravi\u0107u poplavu<\/p>\n<p>&nbsp;<\/p>\n<p style=\"padding-left: 120px;\"><strong>25.9.2023, 22:58<\/strong><\/p>\n<p style=\"padding-left: 120px;\"><strong>razgovor<\/strong><\/p>\n<p>&nbsp;<\/p>\n<p style=\"padding-left: 120px;\">pri\u010damo o gro\u017e\u0111u<\/p>\n<p style=\"padding-left: 120px;\">iz piljare pored zgrade<\/p>\n<p style=\"padding-left: 120px;\">vla\u017eno se presijava na suncu<\/p>\n<p style=\"padding-left: 120px;\">i so\u010dno je, slatko<\/p>\n<p style=\"padding-left: 120px;\">dobro je jer je sad sezona<\/p>\n<p>&nbsp;<\/p>\n<p style=\"padding-left: 120px;\">voda te\u010de niz zagrljaj<\/p>\n<p style=\"padding-left: 120px;\">odranjaju se komadi<\/p>\n<p style=\"padding-left: 120px;\">iza tebe izviri opro\u0161taj na horizontu<\/p>\n<p>&nbsp;<\/p>\n<p style=\"padding-left: 120px;\">ono u Suncu je isto dobro<\/p>\n<p style=\"padding-left: 120px;\">ali belo je bolje nego crno<\/p>\n<p style=\"padding-left: 120px;\">ve\u0107a su zrna<\/p>\n<p style=\"padding-left: 120px;\">mora dugo da se pere<\/p>\n<p style=\"padding-left: 120px;\">sva\u0161ta prskaju<\/p>\n<p style=\"padding-left: 120px;\">a dobro je, treba da se jede sad<\/p>\n<p style=\"padding-left: 120px;\">dok je sezona<\/p>\n<p>&nbsp;<\/p>\n<p style=\"padding-left: 120px;\">pla\u010de\u0161, cipele i vrata<\/p>\n<p style=\"padding-left: 120px;\">vrata i cipele<\/p>\n<p style=\"padding-left: 120px;\">i ja pla\u010dem iza lica<\/p>\n<p>&nbsp;<\/p>\n<p style=\"padding-left: 120px;\">na Kipru je ipak najbolje gro\u017e\u0111e<\/p>\n<p style=\"padding-left: 120px;\">jo\u0161 kad je iz fri\u017eidera, milina<\/p>\n<p style=\"padding-left: 120px;\">bo\u017ee, koliko smo jeli<\/p>\n<p style=\"padding-left: 120px;\">zrna onako pucaju u ustima<\/p>\n<p style=\"padding-left: 120px;\">i so\u010dna su, a spolja \u010dvrsta<\/p>\n<p style=\"padding-left: 120px;\">i glatka<\/p>\n<p style=\"padding-left: 120px;\">ako je hrapavo, nekako je neprijatno<\/p>\n<p style=\"padding-left: 120px;\">ali je kilo 4 evra<\/p>\n<p style=\"padding-left: 120px;\">ovde kod nas dvesta pedeset<\/p>\n<p>&nbsp;<\/p>\n<p style=\"padding-left: 120px;\">odjednom je i gro\u017e\u0111e tu\u017eno<\/p>\n<p>&nbsp;<\/p>\n<p><strong><span style=\"color: #3366ff;\">Jana Drobnjakovi\u0107<\/span><\/strong>, University of Belgrade<\/p>\n<p>&nbsp;<\/p>\n<p>Edited by: Vasilisa \u0160ljivar, University of Belgrade and Olga Burenina-Petrova, University of Zurich &amp; University of Konstanz<\/p>\n<p>&nbsp;<\/p>\n","protected":false},"excerpt":{"rendered":"<p>plavo i \u017eu\u0107kasto<br \/>\nmiri\u0161e na kuhinju<br \/>\n\u0161ta \u0107emo jutros<br \/>\nmo\u017eemo kafu<span class=\"more-link\"><a href=\"https:\/\/dlf.uzh.ch\/sites\/slavicumpress\/2024\/06\/24\/tri-pesme-jana-drobnjakovic\/\">Read More &rarr;<\/a><\/span><\/p>\n","protected":false},"author":709,"featured_media":15388,"comment_status":"open","ping_status":"closed","sticky":false,"template":"","format":"standard","meta":{"_acf_changed":false,"_FSMCFIC_featured_image_caption":"","_FSMCFIC_featured_image_nocaption":"","_FSMCFIC_featured_image_hide":"","footnotes":""},"categories":[9],"tags":[564,120],"class_list":["entry","author-olga","has-excerpt","post-15375","post","type-post","status-publish","format-standard","has-post-thumbnail","category-poetry","tag-jana-drobnjakovic","tag-serbian"],"acf":[],"_links":{"self":[{"href":"https:\/\/dlf.uzh.ch\/sites\/slavicumpress\/wp-json\/wp\/v2\/posts\/15375","targetHints":{"allow":["GET"]}}],"collection":[{"href":"https:\/\/dlf.uzh.ch\/sites\/slavicumpress\/wp-json\/wp\/v2\/posts"}],"about":[{"href":"https:\/\/dlf.uzh.ch\/sites\/slavicumpress\/wp-json\/wp\/v2\/types\/post"}],"author":[{"embeddable":true,"href":"https:\/\/dlf.uzh.ch\/sites\/slavicumpress\/wp-json\/wp\/v2\/users\/709"}],"replies":[{"embeddable":true,"href":"https:\/\/dlf.uzh.ch\/sites\/slavicumpress\/wp-json\/wp\/v2\/comments?post=15375"}],"version-history":[{"count":3,"href":"https:\/\/dlf.uzh.ch\/sites\/slavicumpress\/wp-json\/wp\/v2\/posts\/15375\/revisions"}],"predecessor-version":[{"id":15378,"href":"https:\/\/dlf.uzh.ch\/sites\/slavicumpress\/wp-json\/wp\/v2\/posts\/15375\/revisions\/15378"}],"wp:featuredmedia":[{"embeddable":true,"href":"https:\/\/dlf.uzh.ch\/sites\/slavicumpress\/wp-json\/wp\/v2\/media\/15388"}],"wp:attachment":[{"href":"https:\/\/dlf.uzh.ch\/sites\/slavicumpress\/wp-json\/wp\/v2\/media?parent=15375"}],"wp:term":[{"taxonomy":"category","embeddable":true,"href":"https:\/\/dlf.uzh.ch\/sites\/slavicumpress\/wp-json\/wp\/v2\/categories?post=15375"},{"taxonomy":"post_tag","embeddable":true,"href":"https:\/\/dlf.uzh.ch\/sites\/slavicumpress\/wp-json\/wp\/v2\/tags?post=15375"}],"curies":[{"name":"wp","href":"https:\/\/api.w.org\/{rel}","templated":true}]}}