{"id":14453,"date":"2024-01-03T09:37:22","date_gmt":"2024-01-03T08:37:22","guid":{"rendered":"https:\/\/dlf.uzh.ch\/sites\/slavicumpress\/?p=14453"},"modified":"2024-01-03T09:37:22","modified_gmt":"2024-01-03T08:37:22","slug":"nauka-kolorow-jacek-dehnel-z-jezyka-polskiego-na-slowenski-przelozyla-sara-hocevar-mucic","status":"publish","type":"post","link":"https:\/\/dlf.uzh.ch\/sites\/slavicumpress\/2024\/01\/03\/nauka-kolorow-jacek-dehnel-z-jezyka-polskiego-na-slowenski-przelozyla-sara-hocevar-mucic\/","title":{"rendered":"Nauka kolor\u00f3w \u2013 Jacek Dehnel, z j\u0119zyka polskiego na s\u0142owe\u0144ski prze\u0142o\u017cy\u0142a Sara Ho\u010devar Muci\u0107"},"content":{"rendered":"<div class=\"wpb-content-wrapper\"><p>&nbsp;<\/p>\n<p>[vc_row][vc_column width=&#187;1\/2&#8243;][vc_column_text css_animation=&#187;left-to-right&#187;]<strong>NAUKA KOLOR\u00d3W<\/strong><\/p>\n<p>&nbsp;<\/p>\n<p>Po malowaniu zmy\u0142em farb\u0119,<\/p>\n<p>a by\u0142a to czerwie\u0144 pi\u0119kna, soczysta,<\/p>\n<p>czerwie\u0144 laki i krwi,<\/p>\n<p>cadillak\u00f3w i lod\u00f3wek z lat pi\u0119\u0107dziesi\u0105tych.<\/p>\n<p>&nbsp;<\/p>\n<p>I pi\u0119knie te\u017c schodzi\u0142a z p\u0119dzla i z r\u0105k,<\/p>\n<p>znika\u0142a w odp\u0142ywie malinowymi stru\u017ckami,<\/p>\n<p>a\u017c spod niej ukaza\u0142a si\u0119 ta sama czerwie\u0144,<\/p>\n<p>nietkni\u0119ta,<\/p>\n<p>spod sk\u00f3ry, ze zdartego odcisku od p\u0119dzla,<\/p>\n<p>i powiedzia\u0142a:<\/p>\n<p>&nbsp;<\/p>\n<p>nigdy mnie nie zmyjesz,<\/p>\n<p>jestem kolorem twojego \u015brodka.<\/p>\n<p style=\"padding-left: 120px;\"><em>Berlin, 8 VII 2022<\/em><\/p>\n<p>[\/vc_column_text][\/vc_column][vc_column width=&#187;1\/2&#8243;][vc_column_text css_animation=&#187;right-to-left&#187;]<strong>U\u010cNA URA BARV<\/strong><\/p>\n<p>&nbsp;<\/p>\n<p>Ko sem nehal slikati, sem spral barvo,<\/p>\n<p>in bila je to lepa, so\u010dna rde\u010da,<\/p>\n<p>barva laka in krvi,<\/p>\n<p>kadilakov in hladilnikov iz petdesetih.<\/p>\n<p>&nbsp;<\/p>\n<p>Prav lepo je \u0161la s \u010dopi\u010da in z rok,<\/p>\n<p>v ro\u017enatorde\u010dih curkih je izginjala v odtoku,<\/p>\n<p>dokler se izpod nje ni prikazala ista rde\u010da,<\/p>\n<p>nedotaknjena,<\/p>\n<p>izpod ko\u017ee, iz predrtega \u017eulja od \u010dopi\u010da,<\/p>\n<p>in rekla:<\/p>\n<p>&nbsp;<\/p>\n<p>nikoli me ne bo\u0161 spral,<\/p>\n<p>sem barva tvoje notranjosti.<\/p>\n<p style=\"padding-left: 120px;\"><em>\u00a0<\/em><em>Berlin, 8. julij 2022<\/em><\/p>\n<p>[\/vc_column_text][\/vc_column][\/vc_row][vc_row][vc_column][vc_column_text][\/vc_column_text][\/vc_column][\/vc_row]<\/p>\n<p><strong><span style=\"color: #3366ff;\"><a style=\"color: #3366ff;\" href=\"https:\/\/dlf.uzh.ch\/sites\/slavicumpress\/2021\/03\/23\/kolysanka-kozacka-michail-lermontov-tlum-sara-hocevar-mucic\/\" target=\"_blank\" rel=\"noopener\">Sara Ho\u010devar\u00a0Muci\u0107<\/a><\/span><\/strong>, University of Ljubljana<\/p>\n<div class=\"vc_row wpb_row vc_row-fluid\">\n<div class=\"wpb_column vc_column_container vc_col-sm-12\">\n<div class=\"vc_column-inner\">\n<div class=\"wpb_wrapper\">\n<div class=\"wpb_text_column wpb_content_element \">\n<div class=\"wpb_wrapper\"><\/div>\n<\/div>\n<\/div>\n<\/div>\n<\/div>\n<\/div>\n<p>Edited by: Nikolaj Je\u017e, University of Ljubljana and Malgorzata Gerber, University of Zurich<\/p>\n<\/div>","protected":false},"excerpt":{"rendered":"<p>Po slikanju sem izmil barvo,<br \/>\nbila je to lepa rde\u010dina, so\u010dna,<br \/>\nrde\u010dina laka in krvi,<br \/>\nkadilakov in hladilnikov iz petdesetih<span class=\"more-link\"><a href=\"https:\/\/dlf.uzh.ch\/sites\/slavicumpress\/2024\/01\/03\/nauka-kolorow-jacek-dehnel-z-jezyka-polskiego-na-slowenski-przelozyla-sara-hocevar-mucic\/\">Read More &rarr;<\/a><\/span><\/p>\n","protected":false},"author":709,"featured_media":14462,"comment_status":"open","ping_status":"closed","sticky":false,"template":"","format":"standard","meta":{"_acf_changed":false,"_FSMCFIC_featured_image_caption":"","_FSMCFIC_featured_image_nocaption":"","_FSMCFIC_featured_image_hide":"","footnotes":""},"categories":[82],"tags":[117,326,286],"class_list":["entry","author-olga","has-excerpt","post-14453","post","type-post","status-publish","format-standard","has-post-thumbnail","category-transfer","tag-polish","tag-sara-hocevar-mucic","tag-slovene"],"acf":[],"_links":{"self":[{"href":"https:\/\/dlf.uzh.ch\/sites\/slavicumpress\/wp-json\/wp\/v2\/posts\/14453","targetHints":{"allow":["GET"]}}],"collection":[{"href":"https:\/\/dlf.uzh.ch\/sites\/slavicumpress\/wp-json\/wp\/v2\/posts"}],"about":[{"href":"https:\/\/dlf.uzh.ch\/sites\/slavicumpress\/wp-json\/wp\/v2\/types\/post"}],"author":[{"embeddable":true,"href":"https:\/\/dlf.uzh.ch\/sites\/slavicumpress\/wp-json\/wp\/v2\/users\/709"}],"replies":[{"embeddable":true,"href":"https:\/\/dlf.uzh.ch\/sites\/slavicumpress\/wp-json\/wp\/v2\/comments?post=14453"}],"version-history":[{"count":10,"href":"https:\/\/dlf.uzh.ch\/sites\/slavicumpress\/wp-json\/wp\/v2\/posts\/14453\/revisions"}],"predecessor-version":[{"id":14659,"href":"https:\/\/dlf.uzh.ch\/sites\/slavicumpress\/wp-json\/wp\/v2\/posts\/14453\/revisions\/14659"}],"wp:featuredmedia":[{"embeddable":true,"href":"https:\/\/dlf.uzh.ch\/sites\/slavicumpress\/wp-json\/wp\/v2\/media\/14462"}],"wp:attachment":[{"href":"https:\/\/dlf.uzh.ch\/sites\/slavicumpress\/wp-json\/wp\/v2\/media?parent=14453"}],"wp:term":[{"taxonomy":"category","embeddable":true,"href":"https:\/\/dlf.uzh.ch\/sites\/slavicumpress\/wp-json\/wp\/v2\/categories?post=14453"},{"taxonomy":"post_tag","embeddable":true,"href":"https:\/\/dlf.uzh.ch\/sites\/slavicumpress\/wp-json\/wp\/v2\/tags?post=14453"}],"curies":[{"name":"wp","href":"https:\/\/api.w.org\/{rel}","templated":true}]}}