{"id":13851,"date":"2023-05-14T12:49:20","date_gmt":"2023-05-14T10:49:20","guid":{"rendered":"https:\/\/dlf.uzh.ch\/sites\/slavicumpress\/?p=13851"},"modified":"2023-05-14T12:49:20","modified_gmt":"2023-05-14T10:49:20","slug":"ali-onda-me-zasvrbe-leda-lara-mitrakovic","status":"publish","type":"post","link":"https:\/\/dlf.uzh.ch\/sites\/slavicumpress\/2023\/05\/14\/ali-onda-me-zasvrbe-leda-lara-mitrakovic\/","title":{"rendered":"ali onda me zasvrbe le\u0111a \u2013 Lara Mitrakovi\u0107"},"content":{"rendered":"<p>&nbsp;<\/p>\n<p style=\"padding-left: 120px\"><strong>ALI ONDA ME ZASVRBE LE\u0110A<\/strong><\/p>\n<p>&nbsp;<\/p>\n<p style=\"padding-left: 120px\">no\u0107u dok zami\u0161ljam na\u0161e razgovore<\/p>\n<p style=\"padding-left: 120px\">oko nas je snijeg<\/p>\n<p style=\"padding-left: 120px\">a ja imam ruke nevinije od svojih<\/p>\n<p style=\"padding-left: 120px\">ka\u017eem ti da me nisi stigao upoznati<\/p>\n<p style=\"padding-left: 120px\">ali da ja tebe poznajem od malena<\/p>\n<p style=\"padding-left: 120px\">bio si u mojoj prvoj pjesmi kao sjeme<\/p>\n<p style=\"padding-left: 120px\">do na\u0161eg prvog susreta narastao u stablo sekvoje<\/p>\n<p style=\"padding-left: 120px\">ka\u017eem tebi bih oprostila i sme\u0111e hla\u010de<\/p>\n<p style=\"padding-left: 120px\">spavanje na desnoj strani kreveta<\/p>\n<p style=\"padding-left: 120px\">ako mi ukrade\u0161 anatomski jastuk<\/p>\n<p style=\"padding-left: 120px\">jer kad legne\u0161 pored mene sve je \u017euto<\/p>\n<p style=\"padding-left: 120px\">i sunce nas gleda kroz rupe u roletama<\/p>\n<p style=\"padding-left: 120px\">iako je no\u0107 iako je ve\u0107 mjesecima prosinac<\/p>\n<p style=\"padding-left: 120px\">kad god zaustim ni\u0161ta ti ne ka\u017eem<\/p>\n<p style=\"padding-left: 120px\">jer \u0107e\u0161 zaboraviti da smo se sreli<\/p>\n<p style=\"padding-left: 120px\">jer ne \u017eelim da me nosi\u0161 sa sobom<\/p>\n<p style=\"padding-left: 120px\">ponekad no\u0107u dok imam vi\u0161e hrabrosti<\/p>\n<p style=\"padding-left: 120px\">ka\u017eem ti da si sredina mjeseca<\/p>\n<p style=\"padding-left: 120px\">iako te sre\u0107em samo no\u0107u ti si rano jutro<\/p>\n<p style=\"padding-left: 120px\">i tvoje su o\u010di zapele u djetinjstvu<\/p>\n<p style=\"padding-left: 120px\">poku\u0161ao si iza\u0107i iz moje pjesme<\/p>\n<p style=\"padding-left: 120px\">kao iz kafi\u0107a u fajrunt<\/p>\n<p style=\"padding-left: 120px\">pljesnuo rukama i rekao kamo dalje<\/p>\n<p style=\"padding-left: 120px\">\u010dekala sam te na kraju stranice<\/p>\n<p style=\"padding-left: 120px\">i rekla ti ja sam lara mitrakovi\u0107<\/p>\n<p style=\"padding-left: 120px\">to je moje ime<\/p>\n<p style=\"padding-left: 120px\">ali molim te zaboravi ga zaboravi ga<\/p>\n<p style=\"padding-left: 120px\">s tobom sam ionako samo dodir<\/p>\n<p style=\"padding-left: 120px\">ovaj krevet je pla\u017ea i ako za\u017emiri\u0161<\/p>\n<p style=\"padding-left: 120px\">mo\u017eda \u0107e\u0161 vidjeti kako plutam<\/p>\n<p style=\"padding-left: 120px\">jednom kad zaronim ispri\u010dat \u0107u ti<\/p>\n<p style=\"padding-left: 120px\">koliko sam puta htjela napisati:<\/p>\n<p style=\"padding-left: 120px\">sve je u redu<\/p>\n<p style=\"padding-left: 120px\">i dobro mi je kad sam sama<\/p>\n<p style=\"padding-left: 120px\">ali onda me zasvrbe le\u0111a na mjestu<\/p>\n<p style=\"padding-left: 120px\">koje ne mogu dose\u0107i<\/p>\n<p style=\"padding-left: 120px\">pa bi bilo dobro da su ovdje<\/p>\n<p style=\"padding-left: 120px\">ba\u0161 tvoje ruke<\/p>\n<p>&nbsp;<\/p>\n<p><a href=\"https:\/\/dlf.uzh.ch\/sites\/slavicumpress\/tag\/lara-mitrakovic\/\" target=\"_blank\" rel=\"noopener\"><strong><span style=\"color: #3366ff\">Lara Mitrakovi\u0107<\/span><\/strong><\/a>, Zagreb<\/p>\n<p>&nbsp;<\/p>\n<p>Edited by: Jasmina Vojvodi\u0107, University of Zagreb and Tea Radovi\u0107, University of Zagreb<\/p>\n<p>&nbsp;<\/p>\n","protected":false},"excerpt":{"rendered":"<p>no\u0107u dok zami\u0161ljam na\u0161e razgovore<br \/>\noko nas je snijeg<br \/>\na ja imam ruke nevinije od svojih<br \/>\nka\u017eem ti da me nisi stigao upoznati<span class=\"more-link\"><a href=\"https:\/\/dlf.uzh.ch\/sites\/slavicumpress\/2023\/05\/14\/ali-onda-me-zasvrbe-leda-lara-mitrakovic\/\">Read More &rarr;<\/a><\/span><\/p>\n","protected":false},"author":709,"featured_media":7109,"comment_status":"open","ping_status":"closed","sticky":false,"template":"","format":"standard","meta":{"_acf_changed":false,"_FSMCFIC_featured_image_caption":"","_FSMCFIC_featured_image_nocaption":"","_FSMCFIC_featured_image_hide":"","footnotes":""},"categories":[9],"tags":[127,526],"class_list":["entry","author-olga","has-excerpt","post-13851","post","type-post","status-publish","format-standard","has-post-thumbnail","category-poetry","tag-croatian","tag-lara-mitrakovic"],"acf":[],"_links":{"self":[{"href":"https:\/\/dlf.uzh.ch\/sites\/slavicumpress\/wp-json\/wp\/v2\/posts\/13851","targetHints":{"allow":["GET"]}}],"collection":[{"href":"https:\/\/dlf.uzh.ch\/sites\/slavicumpress\/wp-json\/wp\/v2\/posts"}],"about":[{"href":"https:\/\/dlf.uzh.ch\/sites\/slavicumpress\/wp-json\/wp\/v2\/types\/post"}],"author":[{"embeddable":true,"href":"https:\/\/dlf.uzh.ch\/sites\/slavicumpress\/wp-json\/wp\/v2\/users\/709"}],"replies":[{"embeddable":true,"href":"https:\/\/dlf.uzh.ch\/sites\/slavicumpress\/wp-json\/wp\/v2\/comments?post=13851"}],"version-history":[{"count":5,"href":"https:\/\/dlf.uzh.ch\/sites\/slavicumpress\/wp-json\/wp\/v2\/posts\/13851\/revisions"}],"predecessor-version":[{"id":13856,"href":"https:\/\/dlf.uzh.ch\/sites\/slavicumpress\/wp-json\/wp\/v2\/posts\/13851\/revisions\/13856"}],"wp:featuredmedia":[{"embeddable":true,"href":"https:\/\/dlf.uzh.ch\/sites\/slavicumpress\/wp-json\/wp\/v2\/media\/7109"}],"wp:attachment":[{"href":"https:\/\/dlf.uzh.ch\/sites\/slavicumpress\/wp-json\/wp\/v2\/media?parent=13851"}],"wp:term":[{"taxonomy":"category","embeddable":true,"href":"https:\/\/dlf.uzh.ch\/sites\/slavicumpress\/wp-json\/wp\/v2\/categories?post=13851"},{"taxonomy":"post_tag","embeddable":true,"href":"https:\/\/dlf.uzh.ch\/sites\/slavicumpress\/wp-json\/wp\/v2\/tags?post=13851"}],"curies":[{"name":"wp","href":"https:\/\/api.w.org\/{rel}","templated":true}]}}