{"id":12478,"date":"2022-11-16T23:28:13","date_gmt":"2022-11-16T22:28:13","guid":{"rendered":"https:\/\/dlf.uzh.ch\/sites\/slavicumpress\/?p=12478"},"modified":"2022-11-19T21:02:27","modified_gmt":"2022-11-19T20:02:27","slug":"bezvucje-nikola-radic","status":"publish","type":"post","link":"https:\/\/dlf.uzh.ch\/sites\/slavicumpress\/2022\/11\/16\/bezvucje-nikola-radic\/","title":{"rendered":"Bezvu\u010dje \u2013 Nikola Radi\u0107"},"content":{"rendered":"<p>&nbsp;<\/p>\n<p style=\"padding-left: 80px\"><strong>BEZVU\u010cJE<\/strong><\/p>\n<p>&nbsp;<\/p>\n<p style=\"padding-left: 80px\"><strong>s.<\/strong><\/p>\n<p style=\"padding-left: 80px\">na kratke staze vi\u0161e ne tr\u010di\u0161<\/p>\n<p style=\"padding-left: 80px\">i osvrti te pla\u0161e<\/p>\n<p style=\"padding-left: 80px\">42 kilometra pre\u010dice<\/p>\n<p style=\"padding-left: 80px\">gde prepreke nisu drvene, ni \u010detvrtaste<\/p>\n<p style=\"padding-left: 80px\">ne miri\u0161u na sve\u017eu farbu<\/p>\n<p style=\"padding-left: 80px\">proizvoljni oblici dodaju im na te\u017eini<\/p>\n<p style=\"padding-left: 80px\">dok po dijagonali krati\u0161 ju\u017eni pojas<\/p>\n<p style=\"padding-left: 80px\">shvata\u0161 da zemlja samo iz pokreta ra\u0111a preokret<\/p>\n<p style=\"padding-left: 80px\">svici ispravljaju svece<\/p>\n<p style=\"padding-left: 80px\">narodi ispravljaju sredozemna le\u0111a<\/p>\n<p style=\"padding-left: 80px\">zajedno te\u017eite neispitanom<\/p>\n<p style=\"padding-left: 80px\">sve osnove razgra\u0111ujete<\/p>\n<p style=\"padding-left: 80px\">ti tra\u017ei\u0161 dalje<\/p>\n<p style=\"padding-left: 80px\">oni tra\u017ee dublje<\/p>\n<p>&nbsp;<\/p>\n<p style=\"padding-left: 80px\"><strong>d.<\/strong><\/p>\n<p style=\"padding-left: 80px\">kroz uspavano podru\u010dje kojim se nekada<\/p>\n<p style=\"padding-left: 80px\">prostirala vatra, odse\u010dna i gusta<\/p>\n<p style=\"padding-left: 80px\">sada hodaju devojke sa reke<\/p>\n<p style=\"padding-left: 80px\">sve \u0161to nose u pletenoj korpi \u010dini se poznatim<\/p>\n<p style=\"padding-left: 80px\">li\u010di na rano preplitanje tela<\/p>\n<p style=\"padding-left: 80px\">dopusti\u0107e sebi da ti ka\u017eu<\/p>\n<p style=\"padding-left: 80px\">da tvoje lice, kao i druge povr\u0161i pune \u010dvorova, otvara vrata<\/p>\n<p style=\"padding-left: 80px\">pro\u010dita\u0107e da je jednom nasulo <em>beaujolais<\/em><\/p>\n<p style=\"padding-left: 80px\">u odlaze\u0107a jedra<\/p>\n<p style=\"padding-left: 80px\">posmatra\u0107e, sa izvesnim uzbu\u0111enjem<\/p>\n<p style=\"padding-left: 80px\">kako lete kratki rezovi<\/p>\n<p style=\"padding-left: 80px\">i reljef, do sada neizmi\u0161ljen<\/p>\n<p style=\"padding-left: 80px\">nepoznat graditeljima i posetiocima<\/p>\n<p style=\"padding-left: 80px\">a ko bi se tek smeo upustiti u svaku sitnicu<\/p>\n<p style=\"padding-left: 80px\">u njeno zna\u010denje, poreklo i budu\u0107nost<\/p>\n<p style=\"padding-left: 80px\">to se lice premi\u0161ljalo, selilo, umivalo planinom<\/p>\n<p style=\"padding-left: 80px\">su\u0161ilo mesecom, u\u010dilo da objasni<\/p>\n<p style=\"padding-left: 80px\">naprezalo da se izgubi<\/p>\n<p style=\"padding-left: 80px\">gubilo u prozra\u010dju<\/p>\n<p style=\"padding-left: 80px\">[jednom je napravilo trouglast prorez u jezeru<\/p>\n<p style=\"padding-left: 80px\">i u njemu naivno tra\u017eilo iskupljenje]<\/p>\n<p style=\"padding-left: 80px\">na obodu podru\u010dja kojim se nekada<\/p>\n<p style=\"padding-left: 80px\">prostirala vatra, odse\u010dna i gusta<\/p>\n<p style=\"padding-left: 80px\">u krugu sede devojke sa reke<\/p>\n<p style=\"padding-left: 80px\">i \u0107ute naspram tvog ko\u0161\u010datog tela<\/p>\n<p>&nbsp;<\/p>\n<p style=\"padding-left: 80px\"><strong>g2.<\/strong><\/p>\n<p style=\"padding-left: 80px\">gwern, to sam ja<\/p>\n<p style=\"padding-left: 80px\">zapleten u grmlje i sa\u0107e i zaglavlja poreskih po\u0161iljki<\/p>\n<p style=\"padding-left: 80px\">u predsoblju zami\u0161ljen kuckam po svojim plu\u0107ima<\/p>\n<p style=\"padding-left: 80px\">a ti, gwern, \u010duje\u0161 li da alge distorziraju<\/p>\n<p style=\"padding-left: 80px\">da ti sinuse cepaju destilovane jabuke?<\/p>\n<p style=\"padding-left: 80px\">iza \u017eive ograde<\/p>\n<p style=\"padding-left: 80px\">iza natpisa <em>privatna svojina<\/em><\/p>\n<p style=\"padding-left: 80px\">iza dvanaest brava letnjikovca<\/p>\n<p style=\"padding-left: 80px\">bretonci se kremiraju u bezvu\u010dju<\/p>\n<p style=\"padding-left: 80px\">sa \u010detkom u jednoj i psom u drugoj ruci<\/p>\n<p>&nbsp;<\/p>\n<p><a href=\"https:\/\/dlf.uzh.ch\/sites\/slavicumpress\/tag\/nikola-radic\/\" target=\"_blank\" rel=\"noopener\"><strong><span style=\"color: #3366ff\">Nikola Radi\u0107<\/span><\/strong><\/a>, University of Zurich<\/p>\n<p>&nbsp;<\/p>\n<p>Edited by: Vasilisa \u0160ljivar, University of Belgrade and Olga Burenina-Petrova, University of Zurich &amp; University of Konstanz<\/p>\n<p>&nbsp;<\/p>\n<p>&nbsp;<\/p>\n<p>&nbsp;<\/p>\n<p>&nbsp;<\/p>\n<p>&nbsp;<\/p>\n<p>&nbsp;<\/p>\n<p>&nbsp;<\/p>\n<p>&nbsp;<\/p>\n<p>&nbsp;<\/p>\n<p>&nbsp;<\/p>\n<p>&nbsp;<\/p>\n<p>&nbsp;<\/p>\n<p>&nbsp;<\/p>\n<p>&nbsp;<\/p>\n<p>&nbsp;<\/p>\n<p>&nbsp;<\/p>\n<p>&nbsp;<\/p>\n<p>&nbsp;<\/p>\n<p>&nbsp;<\/p>\n<p>&nbsp;<\/p>\n<p>&nbsp;<\/p>\n<p>&nbsp;<\/p>\n<p>&nbsp;<\/p>\n","protected":false},"excerpt":{"rendered":"<p>na kratke staze vi\u0161e ne tr\u010di\u0161<br \/>\ni osvrti te pla\u0161e<br \/>\n42 kilometra pre\u010dice<br \/>\ngde prepreke nisu drvene<span class=\"more-link\"><a href=\"https:\/\/dlf.uzh.ch\/sites\/slavicumpress\/2022\/11\/16\/bezvucje-nikola-radic\/\">Read More &rarr;<\/a><\/span><\/p>\n","protected":false},"author":709,"featured_media":12548,"comment_status":"open","ping_status":"closed","sticky":false,"template":"","format":"standard","meta":{"_acf_changed":false,"_FSMCFIC_featured_image_caption":"","_FSMCFIC_featured_image_nocaption":"","_FSMCFIC_featured_image_hide":"","footnotes":""},"categories":[9],"tags":[499,120],"class_list":["entry","author-olga","has-excerpt","post-12478","post","type-post","status-publish","format-standard","has-post-thumbnail","category-poetry","tag-nikola-radic","tag-serbian"],"acf":[],"_links":{"self":[{"href":"https:\/\/dlf.uzh.ch\/sites\/slavicumpress\/wp-json\/wp\/v2\/posts\/12478","targetHints":{"allow":["GET"]}}],"collection":[{"href":"https:\/\/dlf.uzh.ch\/sites\/slavicumpress\/wp-json\/wp\/v2\/posts"}],"about":[{"href":"https:\/\/dlf.uzh.ch\/sites\/slavicumpress\/wp-json\/wp\/v2\/types\/post"}],"author":[{"embeddable":true,"href":"https:\/\/dlf.uzh.ch\/sites\/slavicumpress\/wp-json\/wp\/v2\/users\/709"}],"replies":[{"embeddable":true,"href":"https:\/\/dlf.uzh.ch\/sites\/slavicumpress\/wp-json\/wp\/v2\/comments?post=12478"}],"version-history":[{"count":10,"href":"https:\/\/dlf.uzh.ch\/sites\/slavicumpress\/wp-json\/wp\/v2\/posts\/12478\/revisions"}],"predecessor-version":[{"id":12567,"href":"https:\/\/dlf.uzh.ch\/sites\/slavicumpress\/wp-json\/wp\/v2\/posts\/12478\/revisions\/12567"}],"wp:featuredmedia":[{"embeddable":true,"href":"https:\/\/dlf.uzh.ch\/sites\/slavicumpress\/wp-json\/wp\/v2\/media\/12548"}],"wp:attachment":[{"href":"https:\/\/dlf.uzh.ch\/sites\/slavicumpress\/wp-json\/wp\/v2\/media?parent=12478"}],"wp:term":[{"taxonomy":"category","embeddable":true,"href":"https:\/\/dlf.uzh.ch\/sites\/slavicumpress\/wp-json\/wp\/v2\/categories?post=12478"},{"taxonomy":"post_tag","embeddable":true,"href":"https:\/\/dlf.uzh.ch\/sites\/slavicumpress\/wp-json\/wp\/v2\/tags?post=12478"}],"curies":[{"name":"wp","href":"https:\/\/api.w.org\/{rel}","templated":true}]}}