{"id":12367,"date":"2022-11-01T09:15:15","date_gmt":"2022-11-01T08:15:15","guid":{"rendered":"https:\/\/dlf.uzh.ch\/sites\/slavicumpress\/?p=12367"},"modified":"2022-11-01T09:17:36","modified_gmt":"2022-11-01T08:17:36","slug":"clovek-vinsent-vilcnik","status":"publish","type":"post","link":"https:\/\/dlf.uzh.ch\/sites\/slavicumpress\/2022\/11\/01\/clovek-vinsent-vilcnik\/","title":{"rendered":"\u010clovek \u2013 Vinsent Vil\u010dnik"},"content":{"rendered":"<div class=\"wpb-content-wrapper\"><p>&nbsp;<\/p>\n<p style=\"text-align: left;padding-left: 200px\"><strong>\u010cLOVEK<\/strong><\/p>\n<p style=\"padding-left: 120px\">Ta krik, ta krik, ukazujo\u010d ti\u0161ini naj umolkne,<\/p>\n<p style=\"padding-left: 120px\">je v meni spro\u017eil tektonski premik. Izzval je<\/p>\n<p style=\"padding-left: 120px\">kri, da se je vzvalovila v cunami in mi<\/p>\n<p style=\"padding-left: 120px\">pljusknila v srce. Zdaj me ta zlati rez po<\/p>\n<p style=\"padding-left: 120px\">odreti ko\u017ei tako neznansko mami in o\u010di mi<\/p>\n<p style=\"padding-left: 120px\">ledenijo v nekaj motnega. Zjutraj bo na<\/p>\n<p style=\"padding-left: 120px\">postelji ostala le \u0161e zgodnja slana in<\/p>\n<p style=\"padding-left: 120px\">stopinja mojega telesa. Kaos me je zbodel<\/p>\n<p style=\"padding-left: 120px\">in gnev zabodel, ko sem se umirjeno<\/p>\n<p style=\"padding-left: 120px\">sprehajala po cesti svojega neba. Bojim se<\/p>\n<p style=\"padding-left: 120px\">vsakr\u0161nega slovesa in alergijska reakcija se<\/p>\n<p style=\"padding-left: 120px\">spro\u017ei ob dotiku srca z napa\u010dno besedo.<\/p>\n<p style=\"padding-left: 120px\">Odhajam. Globlje vase. V to \u010drno luknjo<\/p>\n<p style=\"padding-left: 120px\">vsemirja. Malodu\u0161nost ali termodinami\u010dna<\/p>\n<p style=\"padding-left: 120px\">koli\u010dina, ki nastane iz ni\u010d pri ireverzibilnih<\/p>\n<p style=\"padding-left: 120px\">spremembah in se ne da uni\u010diti, se zrcali v<\/p>\n<p style=\"padding-left: 120px\">soju dolg\u010dasa in prepi\u010diti bi morala ta \u017eulj,<\/p>\n<p style=\"padding-left: 120px\">ki nastal je na \u017ee tolikokrat podo\u017eivljenem<\/p>\n<p style=\"padding-left: 120px\">spominu \u2012 boli! Ko je prepih v dnevu, ko se<\/p>\n<p style=\"padding-left: 120px\">pore, izlo\u010dajo\u010de sanje v realnost, zama\u0161ijo.<\/p>\n<p style=\"padding-left: 120px\">Ko zavore popustijo in tr\u010di\u0161 ob skalo stoletja<\/p>\n<p style=\"padding-left: 120px\">\u2012 v starikavo podobo sebe in v razbrazdano,<\/p>\n<p style=\"padding-left: 120px\">zarjavelo sliko tega, kar bil si neko\u010d: meso<\/p>\n<p style=\"padding-left: 120px\">in kri \u2012 razvpiti homo sapiens. Zdaj pa<\/p>\n<p style=\"padding-left: 120px\">pobira\u0161 \u010drepinje svoje biti in gleda\u0161, kako<\/p>\n<p style=\"padding-left: 120px\">razpada\u0161 in se razkraja\u0161 na milijone ve\u010dnih<\/p>\n<p style=\"padding-left: 120px\">galaksij. Lepo je biti \u010dlovek.<\/p>\n<p>&nbsp;<\/p>\n<div class=\"vc_row wpb_row vc_row-fluid\">\n<div class=\"wpb_column vc_column_container vc_col-sm-12\">\n<div class=\"vc_column-inner\">\n<div class=\"wpb_wrapper\">\n<div class=\"wpb_text_column wpb_content_element \">\n<div class=\"wpb_wrapper\">\n<p><a href=\"https:\/\/dlf.uzh.ch\/sites\/slavicumpress\/tag\/vinsent-vilcnik\/\" target=\"_blank\" rel=\"noopener\"><strong><span style=\"color: #3366ff\">Vinsent Vil\u010dnik<\/span><\/strong><\/a>, University of Ljubljana<\/p>\n<p>Edited by: Polonca Pirnat, University of Ljubljana and Aleksandra Krasovec, Institute of Slavic Studies of the Russian Academy of Sciences<\/p>\n<\/div>\n<\/div>\n<\/div>\n<\/div>\n<\/div>\n<\/div>\n<p>&nbsp;<\/p>\n<p>&nbsp;<\/p>\n<p>&nbsp;<\/p>\n<\/div>","protected":false},"excerpt":{"rendered":"<p>Ta krik, ta krik, ukazujo\u010d ti\u0161ini naj umolkne,<br \/>\nje v meni spro\u017eil tektonski premik. Izzval je<br \/>\nkri, da se je vzvalovila v cunami in mi<br \/>\npljusknila v srce<span class=\"more-link\"><a href=\"https:\/\/dlf.uzh.ch\/sites\/slavicumpress\/2022\/11\/01\/clovek-vinsent-vilcnik\/\">Read More &rarr;<\/a><\/span><\/p>\n","protected":false},"author":709,"featured_media":12492,"comment_status":"open","ping_status":"closed","sticky":false,"template":"","format":"standard","meta":{"_acf_changed":false,"_FSMCFIC_featured_image_caption":"","_FSMCFIC_featured_image_nocaption":"","_FSMCFIC_featured_image_hide":"","footnotes":""},"categories":[9],"tags":[286,309],"class_list":["entry","author-olga","has-excerpt","post-12367","post","type-post","status-publish","format-standard","has-post-thumbnail","category-poetry","tag-slovene","tag-vinsent-vilcnik"],"acf":[],"_links":{"self":[{"href":"https:\/\/dlf.uzh.ch\/sites\/slavicumpress\/wp-json\/wp\/v2\/posts\/12367","targetHints":{"allow":["GET"]}}],"collection":[{"href":"https:\/\/dlf.uzh.ch\/sites\/slavicumpress\/wp-json\/wp\/v2\/posts"}],"about":[{"href":"https:\/\/dlf.uzh.ch\/sites\/slavicumpress\/wp-json\/wp\/v2\/types\/post"}],"author":[{"embeddable":true,"href":"https:\/\/dlf.uzh.ch\/sites\/slavicumpress\/wp-json\/wp\/v2\/users\/709"}],"replies":[{"embeddable":true,"href":"https:\/\/dlf.uzh.ch\/sites\/slavicumpress\/wp-json\/wp\/v2\/comments?post=12367"}],"version-history":[{"count":7,"href":"https:\/\/dlf.uzh.ch\/sites\/slavicumpress\/wp-json\/wp\/v2\/posts\/12367\/revisions"}],"predecessor-version":[{"id":12494,"href":"https:\/\/dlf.uzh.ch\/sites\/slavicumpress\/wp-json\/wp\/v2\/posts\/12367\/revisions\/12494"}],"wp:featuredmedia":[{"embeddable":true,"href":"https:\/\/dlf.uzh.ch\/sites\/slavicumpress\/wp-json\/wp\/v2\/media\/12492"}],"wp:attachment":[{"href":"https:\/\/dlf.uzh.ch\/sites\/slavicumpress\/wp-json\/wp\/v2\/media?parent=12367"}],"wp:term":[{"taxonomy":"category","embeddable":true,"href":"https:\/\/dlf.uzh.ch\/sites\/slavicumpress\/wp-json\/wp\/v2\/categories?post=12367"},{"taxonomy":"post_tag","embeddable":true,"href":"https:\/\/dlf.uzh.ch\/sites\/slavicumpress\/wp-json\/wp\/v2\/tags?post=12367"}],"curies":[{"name":"wp","href":"https:\/\/api.w.org\/{rel}","templated":true}]}}