{"id":12115,"date":"2023-01-18T13:05:32","date_gmt":"2023-01-18T12:05:32","guid":{"rendered":"https:\/\/dlf.uzh.ch\/sites\/slavicumpress\/?p=12115"},"modified":"2023-05-05T20:06:01","modified_gmt":"2023-05-05T18:06:01","slug":"zvestobo-se-da-obljubit-anja-novak","status":"publish","type":"post","link":"https:\/\/dlf.uzh.ch\/sites\/slavicumpress\/2023\/01\/18\/zvestobo-se-da-obljubit-anja-novak\/","title":{"rendered":"Zvestobo se da obljubit \u2013 Anja Novak"},"content":{"rendered":"<p>&nbsp;<\/p>\n<p style=\"padding-left: 80px\"><strong>ZVESTOBO SE <\/strong><strong>DA OBLJUBIT<\/strong><\/p>\n<p style=\"padding-left: 80px\">ljubezni ne.<\/p>\n<p>&nbsp;<\/p>\n<p>&nbsp;<\/p>\n<p><iframe loading=\"lazy\" id=\"kaltura_player\" src=\"https:\/\/api.cast.switch.ch\/p\/106\/sp\/10600\/embedIframeJs\/uiconf_id\/23448425\/partner_id\/106?iframeembed=true&#038;playerId=kaltura_player&#038;entry_id=0_prf4t4yt&#038;flashvars[streamerType]=auto&amp;flashvars[localizationCode]=de&amp;flashvars[leadWithHTML5]=true&amp;flashvars[sideBarContainer.plugin]=true&amp;flashvars[sideBarContainer.position]=left&amp;flashvars[sideBarContainer.clickToClose]=true&amp;flashvars[chapters.plugin]=true&amp;flashvars[chapters.layout]=vertical&amp;flashvars[chapters.thumbnailRotator]=false&amp;flashvars[streamSelector.plugin]=true&amp;flashvars[EmbedPlayer.SpinnerTarget]=videoHolder&amp;flashvars[dualScreen.plugin]=true&amp;flashvars[hotspots.plugin]=1&amp;flashvars[Kaltura.addCrossoriginToIframe]=true&amp;&#038;wid=0_uassbkg4\" width=\"608\" height=\"402\" allowfullscreen webkitallowfullscreen mozAllowFullScreen allow=\"autoplay *; fullscreen *; encrypted-media *\" sandbox=\"allow-downloads allow-forms allow-same-origin allow-scripts allow-top-navigation allow-pointer-lock allow-popups allow-modals allow-orientation-lock allow-popups-to-escape-sandbox allow-presentation allow-top-navigation-by-user-activation\" frameborder=\"0\" title=\"Zvestobo se da obljubit \u2013 Anja Novak\"><\/iframe><\/p>\n<p><strong><a href=\"https:\/\/dlf.uzh.ch\/sites\/slavicumpress\/tag\/anja-novak\/\" target=\"_blank\" rel=\"noopener\"><span style=\"color: #3366ff\">Anja Novak<\/span><\/a><\/strong>, <a href=\"https:\/\/ranerane.si\/zvestobo-se-da-obljubit\/\" target=\"_blank\" rel=\"noopener\"><strong><span style=\"color: #ff6600\">rane rane<\/span><\/strong><\/a>, Ljubljana<\/p>\n<p>&nbsp;<\/p>\n<p>Eited by: Aleksandra Krasovec, Institute of Slavic Studies of the Russian Academy of Sciences and Bo\u0161tjan Bo\u017ei\u010d, University of Ljubljana<\/p>\n<p>&nbsp;<\/p>\n<p style=\"padding-left: 80px\">\n","protected":false},"excerpt":{"rendered":"<p>Zvestobo se<br \/>\nda obljubit<br \/>\nljubezni ne<span class=\"more-link\"><a href=\"https:\/\/dlf.uzh.ch\/sites\/slavicumpress\/2023\/01\/18\/zvestobo-se-da-obljubit-anja-novak\/\">Read More &rarr;<\/a><\/span><\/p>\n","protected":false},"author":709,"featured_media":12971,"comment_status":"open","ping_status":"closed","sticky":false,"template":"","format":"standard","meta":{"_acf_changed":false,"_FSMCFIC_featured_image_caption":"","_FSMCFIC_featured_image_nocaption":"","_FSMCFIC_featured_image_hide":"","footnotes":""},"categories":[99],"tags":[367,286],"class_list":["entry","author-olga","has-excerpt","post-12115","post","type-post","status-publish","format-standard","has-post-thumbnail","category-audiotext","tag-anja-novak","tag-slovene"],"acf":[],"_links":{"self":[{"href":"https:\/\/dlf.uzh.ch\/sites\/slavicumpress\/wp-json\/wp\/v2\/posts\/12115","targetHints":{"allow":["GET"]}}],"collection":[{"href":"https:\/\/dlf.uzh.ch\/sites\/slavicumpress\/wp-json\/wp\/v2\/posts"}],"about":[{"href":"https:\/\/dlf.uzh.ch\/sites\/slavicumpress\/wp-json\/wp\/v2\/types\/post"}],"author":[{"embeddable":true,"href":"https:\/\/dlf.uzh.ch\/sites\/slavicumpress\/wp-json\/wp\/v2\/users\/709"}],"replies":[{"embeddable":true,"href":"https:\/\/dlf.uzh.ch\/sites\/slavicumpress\/wp-json\/wp\/v2\/comments?post=12115"}],"version-history":[{"count":10,"href":"https:\/\/dlf.uzh.ch\/sites\/slavicumpress\/wp-json\/wp\/v2\/posts\/12115\/revisions"}],"predecessor-version":[{"id":13786,"href":"https:\/\/dlf.uzh.ch\/sites\/slavicumpress\/wp-json\/wp\/v2\/posts\/12115\/revisions\/13786"}],"wp:featuredmedia":[{"embeddable":true,"href":"https:\/\/dlf.uzh.ch\/sites\/slavicumpress\/wp-json\/wp\/v2\/media\/12971"}],"wp:attachment":[{"href":"https:\/\/dlf.uzh.ch\/sites\/slavicumpress\/wp-json\/wp\/v2\/media?parent=12115"}],"wp:term":[{"taxonomy":"category","embeddable":true,"href":"https:\/\/dlf.uzh.ch\/sites\/slavicumpress\/wp-json\/wp\/v2\/categories?post=12115"},{"taxonomy":"post_tag","embeddable":true,"href":"https:\/\/dlf.uzh.ch\/sites\/slavicumpress\/wp-json\/wp\/v2\/tags?post=12115"}],"curies":[{"name":"wp","href":"https:\/\/api.w.org\/{rel}","templated":true}]}}