{"id":12112,"date":"2022-10-14T21:42:16","date_gmt":"2022-10-14T19:42:16","guid":{"rendered":"https:\/\/dlf.uzh.ch\/sites\/slavicumpress\/?p=12112"},"modified":"2022-12-18T15:11:10","modified_gmt":"2022-12-18T14:11:10","slug":"tisina-anja-novak","status":"publish","type":"post","link":"https:\/\/dlf.uzh.ch\/sites\/slavicumpress\/2022\/10\/14\/tisina-anja-novak\/","title":{"rendered":"Ti\u0161ina \u2013 Anja Novak"},"content":{"rendered":"<p>&nbsp;<\/p>\n<p style=\"text-align: left;padding-left: 80px\"><strong>TI\u0160INA\u00a0\u00a0\u00a0\u00a0\u00a0\u00a0\u00a0\u00a0\u00a0\u00a0\u00a0\u00a0\u00a0\u00a0\u00a0\u00a0\u00a0\u00a0\u00a0\u00a0\u00a0 <\/strong><\/p>\n<p style=\"text-align: left;padding-left: 80px\"><strong>\u00a0<\/strong><\/p>\n<p style=\"text-align: left;padding-left: 80px\">Nebeseda<\/p>\n<p style=\"text-align: left;padding-left: 80px\">je tudi<\/p>\n<p style=\"text-align: left;padding-left: 80px\">beseda.<\/p>\n<p>&nbsp;<\/p>\n<p><strong><a href=\"https:\/\/dlf.uzh.ch\/sites\/slavicumpress\/tag\/anja-novak\/\" target=\"_blank\" rel=\"noopener\"><span style=\"color: #3366ff\">Anja Novak<\/span><\/a><\/strong>, <a href=\"https:\/\/ranerane.si\/tisina\/\" target=\"_blank\" rel=\"noopener\"><strong><span style=\"color: #ff9900\"><span style=\"color: #ff6600\">rane rane<\/span><\/span><\/strong><\/a>, Ljubljana<\/p>\n<p>Eited by: Aleksandra Krasovec, Institute of Slavic Studies of the Russian Academy of Sciences and Bo\u0161tjan Bo\u017ei\u010d, University of Ljubljana<\/p>\n<p>&nbsp;<\/p>\n<p>&nbsp;<\/p>\n","protected":false},"excerpt":{"rendered":"<p>Nebeseda<br \/>\nje tudi<br \/>\nbeseda<span class=\"more-link\"><a href=\"https:\/\/dlf.uzh.ch\/sites\/slavicumpress\/2022\/10\/14\/tisina-anja-novak\/\">Read More &rarr;<\/a><\/span><\/p>\n","protected":false},"author":709,"featured_media":12313,"comment_status":"open","ping_status":"closed","sticky":false,"template":"","format":"standard","meta":{"_acf_changed":false,"_FSMCFIC_featured_image_caption":"","_FSMCFIC_featured_image_nocaption":"","_FSMCFIC_featured_image_hide":"","footnotes":""},"categories":[9],"tags":[367,286],"class_list":["entry","author-olga","has-excerpt","post-12112","post","type-post","status-publish","format-standard","has-post-thumbnail","category-poetry","tag-anja-novak","tag-slovene"],"acf":[],"_links":{"self":[{"href":"https:\/\/dlf.uzh.ch\/sites\/slavicumpress\/wp-json\/wp\/v2\/posts\/12112","targetHints":{"allow":["GET"]}}],"collection":[{"href":"https:\/\/dlf.uzh.ch\/sites\/slavicumpress\/wp-json\/wp\/v2\/posts"}],"about":[{"href":"https:\/\/dlf.uzh.ch\/sites\/slavicumpress\/wp-json\/wp\/v2\/types\/post"}],"author":[{"embeddable":true,"href":"https:\/\/dlf.uzh.ch\/sites\/slavicumpress\/wp-json\/wp\/v2\/users\/709"}],"replies":[{"embeddable":true,"href":"https:\/\/dlf.uzh.ch\/sites\/slavicumpress\/wp-json\/wp\/v2\/comments?post=12112"}],"version-history":[{"count":7,"href":"https:\/\/dlf.uzh.ch\/sites\/slavicumpress\/wp-json\/wp\/v2\/posts\/12112\/revisions"}],"predecessor-version":[{"id":12758,"href":"https:\/\/dlf.uzh.ch\/sites\/slavicumpress\/wp-json\/wp\/v2\/posts\/12112\/revisions\/12758"}],"wp:featuredmedia":[{"embeddable":true,"href":"https:\/\/dlf.uzh.ch\/sites\/slavicumpress\/wp-json\/wp\/v2\/media\/12313"}],"wp:attachment":[{"href":"https:\/\/dlf.uzh.ch\/sites\/slavicumpress\/wp-json\/wp\/v2\/media?parent=12112"}],"wp:term":[{"taxonomy":"category","embeddable":true,"href":"https:\/\/dlf.uzh.ch\/sites\/slavicumpress\/wp-json\/wp\/v2\/categories?post=12112"},{"taxonomy":"post_tag","embeddable":true,"href":"https:\/\/dlf.uzh.ch\/sites\/slavicumpress\/wp-json\/wp\/v2\/tags?post=12112"}],"curies":[{"name":"wp","href":"https:\/\/api.w.org\/{rel}","templated":true}]}}