{"id":1181,"date":"2018-11-28T12:42:28","date_gmt":"2018-11-28T11:42:28","guid":{"rendered":"http:\/\/www.phil.uzh.ch\/elearning\/blog\/slavicumpress\/?p=1181"},"modified":"2025-11-19T23:41:08","modified_gmt":"2025-11-19T22:41:08","slug":"wieczor-literacki-z-publicystka-justyna-sobolewska-larissa-neumayer-dejan-waeckerlin-diana-masaeli-malgorzata-gerber","status":"publish","type":"post","link":"https:\/\/dlf.uzh.ch\/sites\/slavicumpress\/2018\/11\/28\/wieczor-literacki-z-publicystka-justyna-sobolewska-larissa-neumayer-dejan-waeckerlin-diana-masaeli-malgorzata-gerber\/","title":{"rendered":"Wiecz\u00f3r literacki z publicystk\u0105 Justyn\u0105 Sobolewsk\u0105 \u2013 Larissa Neumayer, Dejan W\u00e4ckerlin, Diana Masaeli, Malgorzata Gerber"},"content":{"rendered":"<p>&nbsp;<\/p>\n<p style=\"text-align: center;\"><strong>WIECZ\u00d3R LITERACKI Z PUBLICYSTK\u0104 JUSTYN\u0104 SOBOLEWSK\u0104<\/strong><\/p>\n<p>W poniedzia\u0142ek 05.11.2018 odby\u0142 si\u0119 w naszym instytucie wiecz\u00f3r literacki z publicystk\u0105 Justyn\u0105 Sobolewsk\u0105. Tytu\u0142 spotkania brzmia\u0142: \u201eLiteratura polska po 1989 roku. Co czyta\u0107?\u201d Przyby\u0142a bardzo liczna grupa student\u00f3w i audytor\u00f3w aktualnych kurs\u00f3w j\u0119zyka polskiego. Obecni byli tak\u017ce absolwenci kurs\u00f3w oraz wsp\u00f3\u0142organizatorzy wieczoru czyli Polenverein Winterthur. S\u0142owo wst\u0119pne i prowadzenie spotkania przej\u0119\u0142a Ma\u0142gorzata Gerber.<\/p>\n\n\t\t\t<div id=\"1181-1\" class=\"gallery gallery-1181 gallery-col-3 gallery-columns-3 gallery-size-full\" itemscope itemtype=\"https:\/\/schema.org\/ImageGallery\">\n\t\t\t\t\t<figure class='gallery-item col-3' itemprop='associatedMedia' itemscope itemtype='https:\/\/schema.org\/ImageObject'>\n\t\t\t\t\t\t<div class='gallery-icon landscape'><a href='https:\/\/dlf.uzh.ch\/sites\/slavicumpress\/w9ztwpba\/' itemprop=\"contentURL\"><img loading=\"lazy\" decoding=\"async\" width=\"1600\" height=\"1067\" src=\"https:\/\/dlf.uzh.ch\/sites\/slavicumpress\/files\/2018\/11\/W9ZTWpBA.jpeg\" class=\"attachment-full size-full\" alt=\"\" srcset=\"https:\/\/dlf.uzh.ch\/sites\/slavicumpress\/files\/2018\/11\/W9ZTWpBA.jpeg 1600w, https:\/\/dlf.uzh.ch\/sites\/slavicumpress\/files\/2018\/11\/W9ZTWpBA-300x200.jpeg 300w, https:\/\/dlf.uzh.ch\/sites\/slavicumpress\/files\/2018\/11\/W9ZTWpBA-768x512.jpeg 768w, https:\/\/dlf.uzh.ch\/sites\/slavicumpress\/files\/2018\/11\/W9ZTWpBA-1024x683.jpeg 1024w, https:\/\/dlf.uzh.ch\/sites\/slavicumpress\/files\/2018\/11\/W9ZTWpBA-465x310.jpeg 465w, https:\/\/dlf.uzh.ch\/sites\/slavicumpress\/files\/2018\/11\/W9ZTWpBA-695x463.jpeg 695w\" sizes=\"auto, (max-width: 1600px) 100vw, 1600px\" itemprop=\"thumbnail\" \/><\/a><\/div>\n\t\t\t\t\t<\/figure>\n\t\t\t\t\t<figure class='gallery-item col-3' itemprop='associatedMedia' itemscope itemtype='https:\/\/schema.org\/ImageObject'>\n\t\t\t\t\t\t<div class='gallery-icon landscape'><a href='https:\/\/dlf.uzh.ch\/sites\/slavicumpress\/iax0ph_g\/' itemprop=\"contentURL\"><img loading=\"lazy\" decoding=\"async\" width=\"1600\" height=\"1067\" src=\"https:\/\/dlf.uzh.ch\/sites\/slavicumpress\/files\/2018\/11\/Iax0ph_g.jpeg\" class=\"attachment-full size-full\" alt=\"\" srcset=\"https:\/\/dlf.uzh.ch\/sites\/slavicumpress\/files\/2018\/11\/Iax0ph_g.jpeg 1600w, https:\/\/dlf.uzh.ch\/sites\/slavicumpress\/files\/2018\/11\/Iax0ph_g-300x200.jpeg 300w, https:\/\/dlf.uzh.ch\/sites\/slavicumpress\/files\/2018\/11\/Iax0ph_g-768x512.jpeg 768w, https:\/\/dlf.uzh.ch\/sites\/slavicumpress\/files\/2018\/11\/Iax0ph_g-1024x683.jpeg 1024w, https:\/\/dlf.uzh.ch\/sites\/slavicumpress\/files\/2018\/11\/Iax0ph_g-465x310.jpeg 465w, https:\/\/dlf.uzh.ch\/sites\/slavicumpress\/files\/2018\/11\/Iax0ph_g-695x463.jpeg 695w\" sizes=\"auto, (max-width: 1600px) 100vw, 1600px\" itemprop=\"thumbnail\" \/><\/a><\/div>\n\t\t\t\t\t<\/figure>\n\t\t\t\t\t<figure class='gallery-item col-3' itemprop='associatedMedia' itemscope itemtype='https:\/\/schema.org\/ImageObject'>\n\t\t\t\t\t\t<div class='gallery-icon landscape'><a href='https:\/\/dlf.uzh.ch\/sites\/slavicumpress\/pn4vdisa\/' itemprop=\"contentURL\"><img loading=\"lazy\" decoding=\"async\" width=\"1600\" height=\"1067\" src=\"https:\/\/dlf.uzh.ch\/sites\/slavicumpress\/files\/2018\/11\/PN4vDIsA.jpeg\" class=\"attachment-full size-full\" alt=\"\" srcset=\"https:\/\/dlf.uzh.ch\/sites\/slavicumpress\/files\/2018\/11\/PN4vDIsA.jpeg 1600w, https:\/\/dlf.uzh.ch\/sites\/slavicumpress\/files\/2018\/11\/PN4vDIsA-300x200.jpeg 300w, https:\/\/dlf.uzh.ch\/sites\/slavicumpress\/files\/2018\/11\/PN4vDIsA-768x512.jpeg 768w, https:\/\/dlf.uzh.ch\/sites\/slavicumpress\/files\/2018\/11\/PN4vDIsA-1024x683.jpeg 1024w, https:\/\/dlf.uzh.ch\/sites\/slavicumpress\/files\/2018\/11\/PN4vDIsA-465x310.jpeg 465w, https:\/\/dlf.uzh.ch\/sites\/slavicumpress\/files\/2018\/11\/PN4vDIsA-695x463.jpeg 695w\" sizes=\"auto, (max-width: 1600px) 100vw, 1600px\" itemprop=\"thumbnail\" \/><\/a><\/div>\n\t\t\t\t\t<\/figure>\n\t\t\t<\/div><!-- .gallery -->\n\n<p>Oto wra\u017cenia z wieczoru zaprezentowane przez kilkoro uczestnik\u00f3w:<br \/>\nPrezentacja publicystki trwa\u0142a oko\u0142o jednej godziny i by\u0142a bardzo ciekawa. M\u00f3wi\u0142a o najwa\u017cniejszych tendencjach w literaturze w Polsce po 1989 roku. Te tendencje to by\u0142y na przyk\u0142ad: powr\u00f3t wsi w literaturze i wyp\u0142yw prowincji na styl poet\u00f3w, znaczenia r\u00f3\u017cnych dialekt\u00f3w a tak\u017ce przejawy kultu \u00e0 la \u201e polskie dziady\u201dczyli wspominanie \u015bmierci i umar\u0142ych. Dyskusja podczas wyk\u0142adu o wulgaryzacji j\u0119zyka polskiego (w zwi\u0105zku z autork\u0105 Dorot\u0105 Mas\u0142owsk\u0105) r\u00f3wnie\u017c by\u0142a interesuj\u0105ca.Opr\u00f3cz tego dowiedzia\u0142am si\u0119, \u017ce Andrzej Stasiuk napisa\u0142 ksi\u0105\u017ck\u0119 o Dukli. By\u0142am w Dukli w ostatnie wakacje, dlatego znam to ma\u0142e miasto. Mo\u017ce spr\u00f3buj\u0119 przeczyta\u0107 t\u0119 ksi\u0105\u017ck\u0119. Uwa\u017cam, \u017ce spos\u00f3b prezentacji Justyny Sobolewskiej by\u0142 przekonuj\u0105cy (mimo \u017ce nie wszystko zrozumia\u0142am).<\/p>\n<p style=\"padding-left: 440px;\">Larissa Neumayer, doktorantka wydzia\u0142u prawa, Polnisch 2 A<\/p>\n<p>Publicystka prezentowa\u0142a literatur\u0119 polsk\u0105 z czas\u00f3w postkomunistycznych. M\u00f3wi\u0142a o autorach wsp\u00f3\u0142czesnych ksi\u0105\u017cek na przyk\u0142ad o Zygmuncie Mi\u0142oszewskim, Marku Bie\u0144czyku czy Dorocie Mas\u0142owskiej. Korzy\u015bci\u0105 ze spotkania by\u0142o to, \u017ce mog\u0142em s\u0142ucha\u0107 referatu oraz dyskusji po polsku. Niestety, mia\u0142em problemy ze zrozumieniem, zw\u0142aszcza dyskusji. Zdziwi\u0142o mnie, \u017ce sala by\u0142a pe\u0142na, dlatego \u017ce oczekiwa\u0142em ma\u0142ej grupy.<\/p>\n<p style=\"padding-left: 320px;\">Dejan W\u00e4ckerlin, student j\u0119zykoznawstwa og\u00f3lnego oraz informatyki, Polnisch 2A.<\/p>\n<p>&nbsp;<\/p>\n<p>Justyna Sobolewska jest publicystk\u0105, recenzentk\u0105 i autork\u0105 ksi\u0105\u017cek. Pisze mi\u0119dzy innymi dla tygodnika \u201ePolityka\u201d i \u201eGazety Wyborczej\u201d.<br \/>\nPodczas spotkania m\u00f3wi\u0142a o tendencjach w literaturze polskiej po 1989 roku. Dowiedzia\u0142am si\u0119, \u017ce wtedy autorzy pisali o tematach wiejskich, u\u017cywali wyra\u017ce\u0144 gwarowych, intensywnie zajmowali si\u0119 tematyk\u0105 \u015bmierci. Spodoba\u0142a mi si\u0119 komunikatywno\u015b\u0107, z jak\u0105 referentka prezentowa\u0142a sw\u00f3j wyk\u0142ad, wolno m\u00f3wi\u0105c. Po prezentacji, w czasie dyskusji by\u0142o wida\u0107 jej ogromn\u0105 wiedz\u0119 o literaturze polskiej i obcej.<\/p>\n<p style=\"padding-left: 200px;\">Diana Masaeli, studentka kultur popularnych i filmoznawstwa, pochodzenia polskiego, Polnisch 1A<\/p>\n<p>Justyna Sobolewska, krytyk literatury, przedstawi\u0142a kr\u00f3tki zarys literatury polskiej po 1989 roku. Nazwisko publicystki oraz nazwiska pisarzy i tytu\u0142y omawianych przez ni\u0105 tekst\u00f3w literackich sk\u0142oni\u0142y mnie do poszukiwa\u0144 w internecie, celem uzupe\u0142nienia informacji o autorach i ich utworach. Zainteresowa\u0142am si\u0119 zw\u0142aszcza tekstami \u201eGugu\u0142y\u201d Wioletty Grzegorzewskiej, \u201ePo trochu\u201d Weroniki Gogoli oraz \u201eSkoru\u0144\u201d Macieja P\u0142azuna.<\/p>\n<p style=\"padding-left: 600px;\">Hilde Brun, audytorka kursu lektur polskich<\/p>\n\n\t\t\t<div id=\"1181-2\" class=\"gallery gallery-1181 gallery-col-3 gallery-columns-3 gallery-size-full\" itemscope itemtype=\"https:\/\/schema.org\/ImageGallery\">\n\t\t\t\t\t<figure class='gallery-item col-3' itemprop='associatedMedia' itemscope itemtype='https:\/\/schema.org\/ImageObject'>\n\t\t\t\t\t\t<div class='gallery-icon landscape'><a href='https:\/\/dlf.uzh.ch\/sites\/slavicumpress\/reiyugdq\/' itemprop=\"contentURL\"><img loading=\"lazy\" decoding=\"async\" width=\"1600\" height=\"1067\" src=\"https:\/\/dlf.uzh.ch\/sites\/slavicumpress\/files\/2018\/11\/ReIyUgDQ.jpeg\" class=\"attachment-full size-full\" alt=\"\" srcset=\"https:\/\/dlf.uzh.ch\/sites\/slavicumpress\/files\/2018\/11\/ReIyUgDQ.jpeg 1600w, https:\/\/dlf.uzh.ch\/sites\/slavicumpress\/files\/2018\/11\/ReIyUgDQ-300x200.jpeg 300w, https:\/\/dlf.uzh.ch\/sites\/slavicumpress\/files\/2018\/11\/ReIyUgDQ-768x512.jpeg 768w, https:\/\/dlf.uzh.ch\/sites\/slavicumpress\/files\/2018\/11\/ReIyUgDQ-1024x683.jpeg 1024w, https:\/\/dlf.uzh.ch\/sites\/slavicumpress\/files\/2018\/11\/ReIyUgDQ-465x310.jpeg 465w, https:\/\/dlf.uzh.ch\/sites\/slavicumpress\/files\/2018\/11\/ReIyUgDQ-695x463.jpeg 695w\" sizes=\"auto, (max-width: 1600px) 100vw, 1600px\" itemprop=\"thumbnail\" \/><\/a><\/div>\n\t\t\t\t\t<\/figure>\n\t\t\t\t\t<figure class='gallery-item col-3' itemprop='associatedMedia' itemscope itemtype='https:\/\/schema.org\/ImageObject'>\n\t\t\t\t\t\t<div class='gallery-icon landscape'><a href='https:\/\/dlf.uzh.ch\/sites\/slavicumpress\/ass9xgka\/' itemprop=\"contentURL\"><img loading=\"lazy\" decoding=\"async\" width=\"1600\" height=\"1067\" src=\"https:\/\/dlf.uzh.ch\/sites\/slavicumpress\/files\/2018\/11\/ASS9xgkA.jpeg\" class=\"attachment-full size-full\" alt=\"\" srcset=\"https:\/\/dlf.uzh.ch\/sites\/slavicumpress\/files\/2018\/11\/ASS9xgkA.jpeg 1600w, https:\/\/dlf.uzh.ch\/sites\/slavicumpress\/files\/2018\/11\/ASS9xgkA-300x200.jpeg 300w, https:\/\/dlf.uzh.ch\/sites\/slavicumpress\/files\/2018\/11\/ASS9xgkA-768x512.jpeg 768w, https:\/\/dlf.uzh.ch\/sites\/slavicumpress\/files\/2018\/11\/ASS9xgkA-1024x683.jpeg 1024w, https:\/\/dlf.uzh.ch\/sites\/slavicumpress\/files\/2018\/11\/ASS9xgkA-465x310.jpeg 465w, https:\/\/dlf.uzh.ch\/sites\/slavicumpress\/files\/2018\/11\/ASS9xgkA-695x463.jpeg 695w\" sizes=\"auto, (max-width: 1600px) 100vw, 1600px\" itemprop=\"thumbnail\" \/><\/a><\/div>\n\t\t\t\t\t<\/figure>\n\t\t\t\t\t<figure class='gallery-item col-3' itemprop='associatedMedia' itemscope itemtype='https:\/\/schema.org\/ImageObject'>\n\t\t\t\t\t\t<div class='gallery-icon landscape'><a href='https:\/\/dlf.uzh.ch\/sites\/slavicumpress\/g3xpstgw\/' itemprop=\"contentURL\"><img loading=\"lazy\" decoding=\"async\" width=\"1600\" height=\"1067\" src=\"https:\/\/dlf.uzh.ch\/sites\/slavicumpress\/files\/2018\/11\/g3XpSTgw.jpeg\" class=\"attachment-full size-full\" alt=\"\" srcset=\"https:\/\/dlf.uzh.ch\/sites\/slavicumpress\/files\/2018\/11\/g3XpSTgw.jpeg 1600w, https:\/\/dlf.uzh.ch\/sites\/slavicumpress\/files\/2018\/11\/g3XpSTgw-300x200.jpeg 300w, https:\/\/dlf.uzh.ch\/sites\/slavicumpress\/files\/2018\/11\/g3XpSTgw-768x512.jpeg 768w, https:\/\/dlf.uzh.ch\/sites\/slavicumpress\/files\/2018\/11\/g3XpSTgw-1024x683.jpeg 1024w, https:\/\/dlf.uzh.ch\/sites\/slavicumpress\/files\/2018\/11\/g3XpSTgw-465x310.jpeg 465w, https:\/\/dlf.uzh.ch\/sites\/slavicumpress\/files\/2018\/11\/g3XpSTgw-695x463.jpeg 695w\" sizes=\"auto, (max-width: 1600px) 100vw, 1600px\" itemprop=\"thumbnail\" \/><\/a><\/div>\n\t\t\t\t\t<\/figure>\n\t\t\t<\/div><!-- .gallery -->\n\n<p>&nbsp;<\/p>\n<p>&nbsp;<\/p>\n","protected":false},"excerpt":{"rendered":"<p>W poniedzia\u0142ek 05.11.2018 odby\u0142 si\u0119 w naszym instytucie wiecz\u00f3r literacki z publicystk\u0105 Justyn\u0105 Sobolewsk\u0105<span class=\"more-link\"><a href=\"https:\/\/dlf.uzh.ch\/sites\/slavicumpress\/2018\/11\/28\/wieczor-literacki-z-publicystka-justyna-sobolewska-larissa-neumayer-dejan-waeckerlin-diana-masaeli-malgorzata-gerber\/\">Read More &rarr;<\/a><\/span><\/p>\n","protected":false},"author":380,"featured_media":1187,"comment_status":"open","ping_status":"closed","sticky":false,"template":"","format":"standard","meta":{"_acf_changed":false,"_FSMCFIC_featured_image_caption":"\u00a9 Malgorzata Gerber","_FSMCFIC_featured_image_nocaption":"","_FSMCFIC_featured_image_hide":"","footnotes":""},"categories":[81],"tags":[464,466,465,463,460,117],"class_list":["entry","author-slavicumpress","has-excerpt","post-1181","post","type-post","status-publish","format-standard","has-post-thumbnail","category-review","tag-dejan-waeckerlin","tag-diana-masaeli","tag-justyna-sobolewska","tag-larissa-neumayer","tag-malgorzata-gerber","tag-polish"],"acf":[],"_links":{"self":[{"href":"https:\/\/dlf.uzh.ch\/sites\/slavicumpress\/wp-json\/wp\/v2\/posts\/1181","targetHints":{"allow":["GET"]}}],"collection":[{"href":"https:\/\/dlf.uzh.ch\/sites\/slavicumpress\/wp-json\/wp\/v2\/posts"}],"about":[{"href":"https:\/\/dlf.uzh.ch\/sites\/slavicumpress\/wp-json\/wp\/v2\/types\/post"}],"author":[{"embeddable":true,"href":"https:\/\/dlf.uzh.ch\/sites\/slavicumpress\/wp-json\/wp\/v2\/users\/380"}],"replies":[{"embeddable":true,"href":"https:\/\/dlf.uzh.ch\/sites\/slavicumpress\/wp-json\/wp\/v2\/comments?post=1181"}],"version-history":[{"count":10,"href":"https:\/\/dlf.uzh.ch\/sites\/slavicumpress\/wp-json\/wp\/v2\/posts\/1181\/revisions"}],"predecessor-version":[{"id":16757,"href":"https:\/\/dlf.uzh.ch\/sites\/slavicumpress\/wp-json\/wp\/v2\/posts\/1181\/revisions\/16757"}],"wp:featuredmedia":[{"embeddable":true,"href":"https:\/\/dlf.uzh.ch\/sites\/slavicumpress\/wp-json\/wp\/v2\/media\/1187"}],"wp:attachment":[{"href":"https:\/\/dlf.uzh.ch\/sites\/slavicumpress\/wp-json\/wp\/v2\/media?parent=1181"}],"wp:term":[{"taxonomy":"category","embeddable":true,"href":"https:\/\/dlf.uzh.ch\/sites\/slavicumpress\/wp-json\/wp\/v2\/categories?post=1181"},{"taxonomy":"post_tag","embeddable":true,"href":"https:\/\/dlf.uzh.ch\/sites\/slavicumpress\/wp-json\/wp\/v2\/tags?post=1181"}],"curies":[{"name":"wp","href":"https:\/\/api.w.org\/{rel}","templated":true}]}}