{"id":505,"date":"2020-04-29T23:12:13","date_gmt":"2020-04-29T21:12:13","guid":{"rendered":"https:\/\/dlf.uzh.ch\/sites\/repertoriomultimedia\/?p=505"},"modified":"2020-11-04T16:54:29","modified_gmt":"2020-11-04T14:54:29","slug":"ensayo","status":"publish","type":"post","link":"https:\/\/dlf.uzh.ch\/sites\/salasportugal\/ensayo\/","title":{"rendered":"Ensayos"},"content":{"rendered":"<div class=\"wpb-content-wrapper\"><p>[vc_row full_width=\u201cstretch_row_content\u201d equal_height=\u201cyes\u201d content_placement=\u201ctop\u201d css_animation=\u201cfadeInLeft\u201d][vc_column width=\u201c3\/5\u201d offset=\u201cvc_col-lg-offset\u20110 vc_\u00adcol-lg\u20113\/5 vc_\u00adcol-md-off\u00adset\u20110 vc_\u00adcol-md\u20113\/5 vc_\u00adcol-sm-off\u00adset\u20110 vc_col-xs\u20113\/5\u201d][vc_column_text css=\u201d.vc_custom_1603489561880{background-color: #fce4e3 !impor\u00adtant;}\u201d]<\/p>\n<p>&nbsp;<\/p>\n<p style=\"text-align: left\"><a href=\"https:\/\/dlf.uzh.ch\/sites\/salasportugal\/files\/2020\/07\/Crist%C3%B3bal_Armando-Salas-Tlatelolco.pdf\"><b>Las con\u00adstruc\u00adciones de la ima\u00adgen: l<\/b><strong>a serie del Con\u00adjun\u00adto Urbano Nonoal\u00adco-Tlatelol\u00adco de Arman\u00addo Salas Portugal&nbsp;<\/strong><\/a><b><br>\n<i><span style=\"font-weight: 400\">Por Crist\u00f3bal Andr\u00e9s J\u00e1come Moreno<\/span><\/i><\/b><span style=\"font-weight: 400\">&nbsp;<\/span><\/p>\n<p>[\/vc_column_text][vc_column_text css=\u201d.vc_custom_1603489575291{background-color: #fce4e3 !impor\u00adtant;}\u201d]<\/p>\n<p>&nbsp;<\/p>\n<p style=\"text-align: left\"><a href=\"https:\/\/dlf.uzh.ch\/sites\/salasportugal\/files\/2020\/07\/La-lente_Crist%C3%B3bal.pdf\"><b>El ojo, la lente y la esfera: u<\/b><strong>n autor\u00adre\u00adtra\u00adto de Arman\u00addo Salas Portugal&nbsp;<\/strong><\/a><b><br>\n<span style=\"font-weight: 400\"><i>Por Crist\u00f3bal Andr\u00e9s J\u00e1come Moreno<\/i><\/span><\/b><\/p>\n<p>[\/vc_column_text][vc_column_text css=\u201d.vc_custom_1603489595508{background-color: #fce4e3 !impor\u00adtant;}\u201d]<\/p>\n<p>&nbsp;<\/p>\n<p><a href=\"https:\/\/dlf.uzh.ch\/sites\/salasportugal\/files\/2020\/07\/Partida_Fotograf%C3%ADa-herramienta-y-comunicaci%C3%B3n.pdf\"><b>Arman\u00addo Salas Por\u00adtu\u00adgal. Fotograf\u00eda: her\u00adramien\u00adta y comunicaci\u00f3n&nbsp;<\/b><\/a><br>\n<i><span style=\"font-weight: 400\">Por Mara Partida<\/span><\/i><\/p>\n<p>[\/vc_column_text][vc_column_text css=\u201d.vc_custom_1603489629167{background-color: #fce4e3 !impor\u00adtant;}\u201d]<\/p>\n<div class=\"page\" title=\"Page 1\">\n<p>&nbsp;<\/p>\n<p class=\"layoutArea\"><strong><a href=\"https:\/\/dlf.uzh.ch\/sites\/salasportugal\/files\/2020\/09\/Del-arte-de-las-sustancias-a-la-alquimia-de-la-imagen.pdf\">Del arte de las sus\u00adtan\u00adcias a la alquimia de la ima\u00adgen. Breve man\u00adu\u00adal para un via\u00adje a \u00abLos antigu\u00ados reinos de M\u00e9xico\u00bb<\/a><\/strong><br>\n<em>Por Day\u00adron Carrillo-Morell<\/em><\/p>\n<\/div>\n<p>[\/vc_column_text][vc_column_text]<\/p>\n<p style=\"text-align: left\">[\/vc_column_text][vc_column_text][\/vc_column_text][\/vc_column][vc_column width=\u201c2\/5\u201d offset=\u201cvc_col-lg-offset\u20110 vc_\u00adcol-lg\u20112\/5 vc_\u00adcol-md-off\u00adset\u20110 vc_\u00adcol-md\u20111\/5 vc_col-sm-offset\u20110\u201d][vc_gallery type=\u201cimage_grid\u201d images=\u201c214\u201d img_size=\u201clarge\u201d onclick=\u201c\u201d][\/vc_column][\/vc_row]<\/p>\n<\/div>","protected":false},"excerpt":{"rendered":"<p>[vc_row full_width=\u201cstretch_row_content\u201d equal_height=\u201cyes\u201d content_placement=\u201ctop\u201d css_animation=\u201cfadeInLeft\u201d][vc_column width=\u201c3\/5\u201d offset=\u201cvc_col-lg-offset\u20110 vc_\u00ad\u00adcol-lg\u20113\/5 vc_\u00ad\u00adcol-md-off\u00adset\u20110 vc_\u00ad\u00adcol-md\u20113\/5 vc_\u00ad\u00adcol-sm-off\u00adset\u20110 vc_col-xs\u20113\/5\u201d][vc_column_text css=\u201d.vc_custom_1603489561880{background-color: #fce4e3 !impor\u00adtant;}\u201d] &nbsp; Las con\u00adstruc\u00adciones de la ima\u00adgen: la serie del Con\u00adjun\u00adto Urbano Nonoal\u00ad\u00adco-Tlatelol\u00ad\u00adco de Arman\u00addo Salas Por\u00adtu\u00adgal&nbsp; Por Crist\u00f3bal Andr\u00e9s J\u00e1come Moreno&nbsp; [\/vc_column_text][vc_column_text css=\u201d.vc_custom_1603489575291{background-color: #fce4e3 !impor\u00adtant;}\u201d] &nbsp; El ojo, la lente y la esfera: un autorretrato\u2026&nbsp;<\/p>\n","protected":false},"author":1,"featured_media":844,"comment_status":"closed","ping_status":"open","sticky":false,"template":"","format":"standard","meta":{"wp_typography_post_enhancements_disabled":false,"_FSMCFIC_featured_image_caption":"","_FSMCFIC_featured_image_nocaption":null,"_FSMCFIC_featured_image_hide":null,"footnotes":""},"categories":[5],"tags":[],"class_list":["post-505","post","type-post","status-publish","format-standard","has-post-thumbnail","hentry","category-repertorio"],"_links":{"self":[{"href":"https:\/\/dlf.uzh.ch\/sites\/salasportugal\/wp-json\/wp\/v2\/posts\/505","targetHints":{"allow":["GET"]}}],"collection":[{"href":"https:\/\/dlf.uzh.ch\/sites\/salasportugal\/wp-json\/wp\/v2\/posts"}],"about":[{"href":"https:\/\/dlf.uzh.ch\/sites\/salasportugal\/wp-json\/wp\/v2\/types\/post"}],"author":[{"embeddable":true,"href":"https:\/\/dlf.uzh.ch\/sites\/salasportugal\/wp-json\/wp\/v2\/users\/1"}],"replies":[{"embeddable":true,"href":"https:\/\/dlf.uzh.ch\/sites\/salasportugal\/wp-json\/wp\/v2\/comments?post=505"}],"version-history":[{"count":82,"href":"https:\/\/dlf.uzh.ch\/sites\/salasportugal\/wp-json\/wp\/v2\/posts\/505\/revisions"}],"predecessor-version":[{"id":1343,"href":"https:\/\/dlf.uzh.ch\/sites\/salasportugal\/wp-json\/wp\/v2\/posts\/505\/revisions\/1343"}],"wp:featuredmedia":[{"embeddable":true,"href":"https:\/\/dlf.uzh.ch\/sites\/salasportugal\/wp-json\/wp\/v2\/media\/844"}],"wp:attachment":[{"href":"https:\/\/dlf.uzh.ch\/sites\/salasportugal\/wp-json\/wp\/v2\/media?parent=505"}],"wp:term":[{"taxonomy":"category","embeddable":true,"href":"https:\/\/dlf.uzh.ch\/sites\/salasportugal\/wp-json\/wp\/v2\/categories?post=505"},{"taxonomy":"post_tag","embeddable":true,"href":"https:\/\/dlf.uzh.ch\/sites\/salasportugal\/wp-json\/wp\/v2\/tags?post=505"}],"curies":[{"name":"wp","href":"https:\/\/api.w.org\/{rel}","templated":true}]}}