{"id":1311,"date":"2020-10-26T20:58:12","date_gmt":"2020-10-26T18:58:12","guid":{"rendered":"https:\/\/dlf.uzh.ch\/sites\/salasportugal\/?p=1311"},"modified":"2021-03-05T14:23:17","modified_gmt":"2021-03-05T12:23:17","slug":"biografia","status":"publish","type":"post","link":"https:\/\/dlf.uzh.ch\/sites\/salasportugal\/biografia\/","title":{"rendered":"Biograf\u00eda"},"content":{"rendered":"<div class=\"wpb-content-wrapper\"><p>[vc_row css=\u201d.vc_custom_1614899477682{background-color: #fcf8e3 !important;}\u201d][vc_column][vc_column_text css_animation=\u201cfadeInLeft\u201d]<\/p>\n<p style=\"text-align: justify\"><span style=\"font-size: 12pt;font-family: 'courier new', courier, monospace\"><strong>1916:<\/strong> Nace el 29 de mayo en Mon\u00adter\u00adrey, Nue\u00advo Le\u00f3n, hijo de Daniel Salas y Rosa Portugal.<\/span><br>\n<span style=\"font-size: 12pt;font-family: 'courier new', courier, monospace\"><strong>1920:<\/strong> La famil\u00adia Salas Por\u00adtu\u00adgal se muda a la Ciu\u00addad de M\u00e9xico.<\/span><br>\n<span style=\"font-size: 12pt;font-family: 'courier new', courier, monospace\"><strong>1928:<\/strong> Comien\u00adza a prac\u00adticar alpin\u00adis\u00admo con su her\u00admano Daniel, en un primer ascen\u00adso al vol\u00adc\u00e1n Iztacc\u00edhuatl.<\/span><br>\n<span style=\"font-size: 12pt;font-family: 'courier new', courier, monospace\"><strong>1933\u20131934:<\/strong> Estu\u00addia en la Bev\u00ader\u00adly Hills High School de Los \u00c1nge\u00adles, Cal\u00adi\u00adfor\u00adnia y empieza a escribir un diario personal.<\/span><br>\n<span style=\"font-size: 12pt;font-family: 'courier new', courier, monospace\"><strong>1934:<\/strong> Via\u00adja en tren has\u00adta Mazatl\u00e1n y a cabal\u00adlo y lomo de mula lle\u00adga a la mina de la Que\u00adbra\u00adda del Gara\u00adbito en Cha\u00adpaloia, Sinaloa, donde su her\u00admano Daniel se encar\u00adga de la tien\u00adda de raya. Real\u00adiza entonces sus primeras fotograf\u00edas.<\/span><br>\n<span style=\"font-size: 12pt;font-family: 'courier new', courier, monospace\"><strong>1935\u20131937:<\/strong> Estu\u00addia en la Uni\u00adver\u00adsi\u00addad de Cal\u00adi\u00adfor\u00adnia en Los \u00c1nge\u00adles (UCLA) para qu\u00edmi\u00adco per\u00adfumista, espe\u00adcial\u00adiza\u00addo en aceites esen\u00adciales. Rompe el r\u00e9cord uni\u00adver\u00adsi\u00adtario de atletismo y entre\u00adna con John\u00adny Weiss\u00admuller en las playas de San\u00adta M\u00f3ni\u00adca. Incur\u00adsiona en el mun\u00addo de Hol\u00adly\u00adwood, donde conoce a la estrel\u00adla Lupe&nbsp;V\u00e9lez.<\/span><br>\n<span style=\"font-size: 12pt;font-family: 'courier new', courier, monospace\"><strong>1938:<\/strong> Regre\u00adsa a M\u00e9x\u00adi\u00adco e insta\u00adla un lab\u00ado\u00adra\u00adto\u00adrio de per\u00adfumer\u00eda. Via\u00adjes al Esta\u00addo de M\u00e9x\u00adi\u00adco, Ver\u00adacruz, Michoac\u00e1n, Hidal\u00adgo, Guer\u00adrero y Puebla.<\/span><br>\n<span style=\"font-size: 12pt;font-family: 'courier new', courier, monospace\"><strong>1941:<\/strong> Apare\u00adcen sus primeras fotograf\u00edas y art\u00edcu\u00adlos pub\u00adli\u00adca\u00addos en La Mon\u00adta\u00f1a, revista del Club de Explo\u00adraciones de M\u00e9x\u00adi\u00adco. \u00ab\u00a1Que los mex\u00adi\u00adcanos conoz\u00adcan M\u00e9x\u00adi\u00adco!\u00bb, es su&nbsp;lema.<\/span><br>\n<span style=\"font-size: 12pt;font-family: 'courier new', courier, monospace\"><strong>1942:<\/strong> Gana el Primer Pre\u00admio Fotogr\u00e1\u00adfi\u00adco durante el Fes\u00adti\u00adval Pop\u00adu\u00adlar de Excur\u00adsion\u00adistas. Exposi\u00adci\u00f3n de sus fotos en el Teatro de los Electricistas.<\/span><br>\n<span style=\"font-size: 12pt;font-family: 'courier new', courier, monospace\"><strong>1944:<\/strong> Primera exposi\u00adci\u00f3n indi\u00advid\u00adual \u00abPaisaje Mex\u00adi\u00adcano\u00bb en el <a href=\"http:\/\/museopalaciodebellasartes.gob.mx\">Pala\u00adcio de Bel\u00adlas Artes<\/a>. Conoce al arqui\u00adtec\u00adto Luis Bar\u00adrag\u00e1n y al pin\u00adtor Ger\u00adar\u00addo Muril\u00adlo (Dr. Atl), con quienes entablar\u00e1 una amis\u00adtad entra\u00f1able y una relaci\u00f3n lab\u00ado\u00adral de por vida. Luis Bar\u00adrag\u00e1n com\u00adpra 350 hec\u00adt\u00e1reas en el Pedre\u00adgal de San \u00c1ngel y planea un frac\u00adcionamien\u00adto de van\u00adguardia con \u00abjar\u00addines tel\u00fari\u00adcos, mis\u00adte\u00adriosos y extra\u00f1os\u00bb, invi\u00adtan\u00addo a Salas Por\u00adtu\u00adgal a participar.<\/span><br>\n<span style=\"font-size: 12pt;font-family: 'courier new', courier, monospace\"><strong>1945:<\/strong> Exposi\u00adci\u00f3n \u00abPaisaje mex\u00adi\u00adcano\u00bb, segun\u00adda mues\u00adtra en el Pala\u00adcio de Bel\u00adlas&nbsp;Artes.<\/span><br>\n<span style=\"font-size: 12pt;font-family: 'courier new', courier, monospace\"><strong>1946:<\/strong> Obtiene el Primer Pre\u00admio en el Con\u00adcur\u00adso Nacional de Paisaje Mex\u00adi\u00adcano. Fotograf\u00eda las ruinas de Chich\u00e9n Itz\u00e1. Ter\u00adcera Exposi\u00adci\u00f3n \u00abPaisaje Mex\u00adi\u00adcano\u00bb en el Pala\u00adcio de Bel\u00adlas Artes. La cr\u00edti\u00adca com\u00adpara sus paisajes con la m\u00fasi\u00adca de Sil\u00advestre Revueltas, la poes\u00eda de Manuel Jos\u00e9 Oth\u00ad\u00f3n y la nov\u00adela de Manuel Payno.<\/span><br>\n<span style=\"font-size: 12pt;font-family: 'courier new', courier, monospace\"><strong>1948:<\/strong> Expe\u00addi\u00adci\u00f3n a More\u00adlia, P\u00e1tzcuaro, Jan\u00aditzio, Uru\u00ada\u00adpan y el Paricut\u00edn.<\/span><br>\n<span style=\"font-size: 12pt;font-family: 'courier new', courier, monospace\"><strong>1949:<\/strong> Via\u00adje pio\u00adnero para fotografi\u00adar Bonam\u00adpak, Yachil\u00e1n y Palenque. Exposi\u00adci\u00f3n \u00abPaisaje chi\u00ada\u00adpaneco\u00bb, en el C\u00edr\u00adcu\u00adlo de Bel\u00adlas Artes de Ciu\u00addad de M\u00e9x\u00adi\u00adco. Exposi\u00adci\u00f3n en Tuxt\u00adla Guti\u00e9r\u00adrez, Chiapas.<\/span><br>\n<span style=\"font-size: 12pt;font-family: 'courier new', courier, monospace\"><strong>1950:<\/strong> Via\u00adje a Guatemala para fotografi\u00adar las sel\u00advas del Pet\u00e9n, Tikal y Uax\u00adan\u00adtum. En Hon\u00adduras visi\u00adta las ruinas de&nbsp;Cop\u00e1n.<\/span><br>\n<span style=\"font-size: 12pt;font-family: 'courier new', courier, monospace\"><strong>1951:<\/strong> Exposi\u00adci\u00f3n en el Casi\u00adno de Mon\u00adter\u00adrey. Segun\u00addo via\u00adje a Chiapas.<\/span><br>\n<span style=\"font-size: 12pt;font-family: 'courier new', courier, monospace\"><strong>1952:<\/strong> Fotograf\u00eda mon\u00adu\u00admen\u00adtos arque\u00adol\u00f3gi\u00adcos para la gran exposi\u00adci\u00f3n \u00abObras maes\u00adtras del arte mex\u00adi\u00adcano\u00bb, dis\u00ade\u00f1a\u00adda por Fer\u00adnan\u00addo Gam\u00adboa para el Museo de Arte Mod\u00ader\u00adno de Par\u00eds y que despu\u00e9s se mon\u00adta en Esto\u00adcol\u00admo y Londres.<\/span><br>\n<span style=\"font-size: 12pt;font-family: 'courier new', courier, monospace\"><strong>1953:<\/strong> Se casa con Olga Per\u00adal\u00adta, con quien ten\u00addr\u00e1 cua\u00adtro hijos: Clau\u00addia, Arman\u00addo, Leonar\u00addo y Daniel.<\/span><br>\n<span style=\"font-size: 12pt;font-family: 'courier new', courier, monospace\"><strong>1955:<\/strong> Exposi\u00adci\u00f3n \u00abEl paisaje mex\u00adi\u00adcano\u00bb, en la Galer\u00eda de Arte A.C. de Monterrey.<\/span><br>\n<span style=\"font-size: 12pt;font-family: 'courier new', courier, monospace\"><strong>1958:<\/strong> Agust\u00edn Y\u00e1\u00f1ez, gob\u00ader\u00adnador de Jalis\u00adco, lo invi\u00adta a fotografi\u00adar la cos\u00adta de Bar\u00adra de Navi\u00addad y Bah\u00eda de Banderas.<\/span><br>\n<span style=\"font-size: 12pt;font-family: 'courier new', courier, monospace\"><strong>1959:<\/strong> Exposi\u00adci\u00f3n \u00abLagu\u00adna, mar y sel\u00adva\u00bb, en el Museo Nacional de Arte Mod\u00ader\u00adno, Pala\u00adcio de Bel\u00adlas Artes, con tex\u00adtos in\u00e9di\u00adtos de <em>La tier\u00adra pr\u00f3di\u00adga<\/em>,de Agust\u00edn Y\u00e1\u00f1ez.<\/span><br>\n<span style=\"font-size: 12pt;font-family: 'courier new', courier, monospace\"><strong>1960:<\/strong> \u00abLagu\u00adna, mar y sel\u00adva\u00bb se pre\u00adsen\u00adta en San Anto\u00adnio,&nbsp;Texas.<\/span><br>\n<span style=\"font-size: 12pt;font-family: 'courier new', courier, monospace\"><strong>1961:<\/strong> Fotograf\u00eda el desier\u00adto de Sonora.&nbsp;<\/span><br>\n<span style=\"font-size: 12pt;font-family: 'courier new', courier, monospace\"><strong>1962\u20131964:<\/strong> Via\u00adjes a Campeche, Tabas\u00adco, Yucat\u00e1n y Quin\u00adtana Roo fotografian\u00addo para el nue\u00advo Museo Nacional de Antropolog\u00eda, que dis\u00ade\u00f1a y con\u00adstruye Pedro Ram\u00edrez V\u00e1zquez.<\/span><br>\n<span style=\"font-size: 12pt;font-family: 'courier new', courier, monospace\"><strong>1964:<\/strong> Sus fotograf\u00edas apare\u00adcen en el libro <em>Mod\u00adern Gar\u00addens and Land\u00adscape<\/em>, pub\u00adli\u00adca\u00addo por el Museo de Arte Mod\u00ader\u00adno de Nue\u00adva&nbsp;York.<\/span><br>\n<span style=\"font-size: 12pt;font-family: 'courier new', courier, monospace\"><strong>1966:<\/strong> Su obra ingre\u00adsa en la Colec\u00adci\u00f3n Gern\u00adsheim de his\u00adto\u00adria mundi\u00adal de la fotograf\u00eda en la Uni\u00adver\u00adsi\u00addad de Texas. Par\u00adtic\u00adi\u00adpa en exper\u00adi\u00admen\u00adtos de \u00abfotograf\u00eda del pen\u00adsamien\u00adto\u00bb, en la Uni\u00adver\u00adsi\u00addad de Oxford, Inglater\u00adra, y en la NASA estadounidense.<\/span><br>\n<span style=\"font-size: 12pt;font-family: 'courier new', courier, monospace\"><strong>1971:<\/strong> Exposi\u00adci\u00f3n \u00abEl paisaje de M\u00e9x\u00adi\u00adco\u00bb en Cara\u00adcas, Venezuela.<\/span><br>\n<span style=\"font-size: 12pt;font-family: 'courier new', courier, monospace\"><strong>1972:<\/strong> Exposi\u00adci\u00f3n en el Pala\u00adcio de Bel\u00adlas Artes: El uni\u00adver\u00adso de la Uni\u00adver\u00adsi\u00addad, sobre la arqui\u00adtec\u00adtura de Ciu\u00addad Universitaria.<\/span><br>\n<span style=\"font-size: 12pt;font-family: 'courier new', courier, monospace\"><strong>1973:<\/strong> Ini\u00adcia el proyec\u00adto de fotografi\u00adar la Bar\u00adran\u00adca de Oblatos, Jalis\u00adco que se pro\u00adlon\u00adgar\u00e1 durante diez&nbsp;a\u00f1os.<\/span><br>\n<span style=\"font-size: 12pt;font-family: 'courier new', courier, monospace\"><strong>1975:<\/strong> Exposi\u00adci\u00f3n \u00abEl uni\u00adver\u00adso en una bar\u00adran\u00adca\u00bb en la Uni\u00adver\u00adsi\u00addad de Guadalajara.<\/span><br>\n<span style=\"font-size: 12pt;font-family: 'courier new', courier, monospace\"><strong>1978:<\/strong> Exposi\u00adci\u00f3n \u00abHis\u00adto\u00adria de la arqui\u00adtec\u00adtura\u00bb, Pala\u00adcio de Min\u00ader\u00eda, Ciu\u00addad de M\u00e9xico.<\/span><br>\n<span style=\"font-size: 12pt;font-family: 'courier new', courier, monospace\"><strong>1979:<\/strong> A invitaci\u00f3n de Fer\u00adnan\u00addo Ben\u00edtez par\u00adtic\u00adi\u00adpa en la creaci\u00f3n de la Enci\u00adclo\u00adpe\u00addia de la Ciu\u00addad de M\u00e9x\u00adi\u00adco de la edi\u00adto\u00adr\u00adi\u00adal Salvat.<\/span><br>\n<span style=\"font-size: 12pt;font-family: 'courier new', courier, monospace\"><strong>1980:<\/strong> Exposi\u00adci\u00f3n \u00abLuis Bar\u00adrag\u00e1n. Archi\u00adtect\u00bb, Museo de Arte Mod\u00ader\u00adno de Nue\u00adva York, en ocasi\u00f3n del otorgamien\u00adto del <a href=\"https:\/\/www.pritzkerprize.com\/laureates\/1980\">Pre\u00admio Pritzk\u00ader<\/a>.<\/span><br>\n<span style=\"font-size: 12pt;font-family: 'courier new', courier, monospace\"><strong>1982:<\/strong> \u00abEl uni\u00adver\u00adso en una bar\u00adran\u00adca\u00bb se pre\u00adsen\u00adta en el Pala\u00adcio de Bel\u00adlas&nbsp;Artes.<\/span><br>\n<span style=\"font-size: 12pt;font-family: 'courier new', courier, monospace\"><strong>1983:<\/strong> Exposi\u00adci\u00f3n \u00abEl arte bar\u00adro\u00adco en la Ciu\u00addad de M\u00e9x\u00adi\u00adco\u00bb, en el Museo de la Ciudad.<\/span><br>\n<span style=\"font-size: 12pt;font-family: 'courier new', courier, monospace\"><strong>1985:<\/strong> Exposi\u00adci\u00f3n \u00abCit\u00e1 del Mes\u00adsi\u00adco\u00bb en Rim\u00adi\u00adni, Italia.<\/span><br>\n<span style=\"font-size: 12pt;font-family: 'courier new', courier, monospace\"><strong>1986:<\/strong> Exposi\u00adci\u00f3n \u00abLos antigu\u00ados reinos\u00bb, que inau\u00adgu\u00adra el Cen\u00adtro Cul\u00adtur\u00adal de Arte Con\u00adtem\u00adpor\u00e1\u00adneo en la Ciu\u00addad de M\u00e9xico.<\/span><br>\n<span style=\"font-size: 12pt;font-family: 'courier new', courier, monospace\"><strong>1989:<\/strong> Exposi\u00adci\u00f3n \u00abLuis Bar\u00adrag\u00e1n, arqui\u00adtec\u00adto. Fotograf\u00edas de Arman\u00addo Salas Por\u00adtu\u00adgal\u00bb, Museo del Pala\u00adcio de Bel\u00adlas&nbsp;Artes.<\/span><br>\n<span style=\"font-size: 12pt;font-family: 'courier new', courier, monospace\"><strong>1990:<\/strong> Exposi\u00adci\u00f3n \u00abLas comar\u00adcas sil\u00advestres y el mun\u00addo campesino del Dis\u00adtri\u00adto Fed\u00ader\u00adal\u00bb en el Museo de Arte Moderno.<\/span><br>\n<span style=\"font-size: 12pt;font-family: 'courier new', courier, monospace\"><strong>1992:<\/strong> Exposi\u00adci\u00f3n \u00abLa ser\u00adran\u00eda del Tepozteco\u00bb en el ex con\u00adven\u00adto de Tepoztl\u00e1n, Morelos.<\/span><br>\n<span style=\"font-size: 12pt;font-family: 'courier new', courier, monospace\"><strong>1995:<\/strong> Muere el 11 de enero en la Ciu\u00addad de M\u00e9xico<\/span><\/p>\n<p>&nbsp;<\/p>\n<p style=\"text-align: justify\"><span style=\"font-family: 'courier new', courier, monospace\">Otra fuente de con\u00adsul\u00adta: <a href=\"https:\/\/dlf.uzh.ch\/sites\/salasportugal\/files\/2020\/07\/Tostado_Biograf%C3%ADa-de-un-viajero.pdf\">Tosta\u00addo,&nbsp;Car\u00admen. \u201cArman\u00addo Salas Por\u00adtu\u00adgal: Biograf\u00eda de un via\u00adjero\u201d, en <em>Arman\u00addo Salas Por\u00adtu\u00adgal, M\u00e9x\u00adi\u00adco<\/em>, Barcelona: Lunwerg\/Fundaci\u00f3n Arman\u00addo Salas Por\u00adtu\u00adgal 2005, p\u00e1gs. 171\u2013205.<\/a><\/span><\/p>\n<p>[\/vc_column_text][\/vc_column][\/vc_row]<\/p>\n<\/div>","protected":false},"excerpt":{"rendered":"<p>[vc_row css=\u201d.vc_custom_1614899477682{background-color: #fcf8e3 !important;}\u201d][vc_column][vc_column_text css_animation=\u201cfadeInLeft\u201d] 1916: Nace el 29 de mayo en Mon\u00adter\u00adrey, Nue\u00advo Le\u00f3n, hijo de Daniel Salas y Rosa Por\u00adtu\u00adgal. 1920: La famil\u00adia Salas Por\u00adtu\u00adgal se muda a la Ciu\u00addad de M\u00e9x\u00adi\u00adco. 1928: Comien\u00adza a prac\u00adticar alpin\u00adis\u00admo con su her\u00admano Daniel, en un primer ascen\u00adso al vol\u00adc\u00e1n Iztacc\u00edhuatl.\u2026&nbsp;<\/p>\n","protected":false},"author":600,"featured_media":1240,"comment_status":"closed","ping_status":"open","sticky":false,"template":"","format":"standard","meta":{"wp_typography_post_enhancements_disabled":false,"_FSMCFIC_featured_image_caption":"","_FSMCFIC_featured_image_nocaption":null,"_FSMCFIC_featured_image_hide":null,"footnotes":""},"categories":[5],"tags":[],"class_list":["post-1311","post","type-post","status-publish","format-standard","has-post-thumbnail","hentry","category-repertorio"],"_links":{"self":[{"href":"https:\/\/dlf.uzh.ch\/sites\/salasportugal\/wp-json\/wp\/v2\/posts\/1311","targetHints":{"allow":["GET"]}}],"collection":[{"href":"https:\/\/dlf.uzh.ch\/sites\/salasportugal\/wp-json\/wp\/v2\/posts"}],"about":[{"href":"https:\/\/dlf.uzh.ch\/sites\/salasportugal\/wp-json\/wp\/v2\/types\/post"}],"author":[{"embeddable":true,"href":"https:\/\/dlf.uzh.ch\/sites\/salasportugal\/wp-json\/wp\/v2\/users\/600"}],"replies":[{"embeddable":true,"href":"https:\/\/dlf.uzh.ch\/sites\/salasportugal\/wp-json\/wp\/v2\/comments?post=1311"}],"version-history":[{"count":26,"href":"https:\/\/dlf.uzh.ch\/sites\/salasportugal\/wp-json\/wp\/v2\/posts\/1311\/revisions"}],"predecessor-version":[{"id":1434,"href":"https:\/\/dlf.uzh.ch\/sites\/salasportugal\/wp-json\/wp\/v2\/posts\/1311\/revisions\/1434"}],"wp:featuredmedia":[{"embeddable":true,"href":"https:\/\/dlf.uzh.ch\/sites\/salasportugal\/wp-json\/wp\/v2\/media\/1240"}],"wp:attachment":[{"href":"https:\/\/dlf.uzh.ch\/sites\/salasportugal\/wp-json\/wp\/v2\/media?parent=1311"}],"wp:term":[{"taxonomy":"category","embeddable":true,"href":"https:\/\/dlf.uzh.ch\/sites\/salasportugal\/wp-json\/wp\/v2\/categories?post=1311"},{"taxonomy":"post_tag","embeddable":true,"href":"https:\/\/dlf.uzh.ch\/sites\/salasportugal\/wp-json\/wp\/v2\/tags?post=1311"}],"curies":[{"name":"wp","href":"https:\/\/api.w.org\/{rel}","templated":true}]}}