{"id":431,"date":"2023-08-14T16:39:08","date_gmt":"2023-08-14T16:39:08","guid":{"rendered":"https:\/\/dlf.uzh.ch\/sites\/rurican\/?p=431"},"modified":"2023-08-14T16:39:08","modified_gmt":"2023-08-14T16:39:08","slug":"campana-la-gomera-2023-entrada-4","status":"publish","type":"post","link":"https:\/\/dlf.uzh.ch\/sites\/rurican\/2023\/08\/14\/campana-la-gomera-2023-entrada-4\/","title":{"rendered":"CAMPA\u00d1A LA GOMERA 2023 &#8211; ENTRADA 4"},"content":{"rendered":"\n<p><em>Del 25 de junio hasta el 1 de julio de 2023, un equipo de 35 personas de las universidades de Z\u00farich, Lausana y Humboldt de Berl\u00edn hizo una campa\u00f1a de encuestas para el proyecto Rurican en La Gomera. Algunos estudiantes de la Universidad de Z\u00farich han escrito breves testimonios del viaje: este es uno de ellos<\/em>,\u00a0<em>escrito por<\/em>\u00a0Alba Castro.<\/p>\n\n\n\n<h2 class=\"wp-block-heading has-text-color\" style=\"color:#42845c\">El parque nacional Garajonay<\/h2>\n\n\n<div class=\"wp-block-image\">\n<figure class=\"alignright size-full is-resized\"><img loading=\"lazy\" decoding=\"async\" src=\"https:\/\/dlf.uzh.ch\/sites\/rurican\/files\/2023\/08\/image-edited.png\" alt=\"\" class=\"wp-image-433\" width=\"394\" height=\"525\" srcset=\"https:\/\/dlf.uzh.ch\/sites\/rurican\/files\/2023\/08\/image-edited.png 601w, https:\/\/dlf.uzh.ch\/sites\/rurican\/files\/2023\/08\/image-edited-225x300.png 225w\" sizes=\"auto, (max-width: 394px) 100vw, 394px\" \/><\/figure><\/div>\n\n\n<p>Muchos de los nombres topogr\u00e1ficos que encontramos durante nuestra estancia en la isla de La Gomera me llamaron la atenci\u00f3n,&nbsp;nombres altamente apropiados como Vallehermoso u otros curiosos como Hern\u00eda. Sin embargo, lo que m\u00e1s me captur\u00f3 fue el nombre del espacio natural por excelencia, el Garajonay.<\/p>\n\n\n\n<p>En el parque nacional Garajonay <a href=\"https:\/\/guanchismos.ulpgc.es\/item\/12554\" target=\"_blank\" rel=\"noreferrer noopener\"><u>se encuentra el bosque laurisilva m\u00e1s grande del mundo<\/u><\/a>, es decir, <a href=\"https:\/\/www.ecologiaverde.com\/laurisilva-que-es-caracteristicas-y-ejemplos-4402.html\" target=\"_blank\" rel=\"noreferrer noopener\"><u>un bosque rico en humedad con \u00e1rboles siempreverdes y hojas similares a las de los laureles<\/u><\/a>. Pudimos apreciar que los gomeros y gomeras est\u00e1n orgullosos de sus preciosos espacios naturales, raz\u00f3n por la cual la mayor\u00eda nos recomendaban visitar <a href=\"https:\/\/rtvc.es\/el-bosque-del-cedro-un-viaje-en-el-tiempo-y-la-memoria-de-la-gomera\/\" target=\"_blank\" rel=\"noreferrer noopener\">El Cedro<\/a>, que se encuentra a los l\u00edmites del Parque Nacional de Garajonay. En este parque encontramos una red de caminos para hacer senderismo, los cuales te transportan a un pasado en el cual la naturaleza era reina.<\/p>\n\n\n\n<p>La cumbre m\u00e1s alta, que se encuentra en el centro del parque, recibe tambi\u00e9n el nombre de Garajonay. Existen m\u00faltiples teor\u00edas que explican la procedencia de este curioso nombre. Gran parte de las personas entrevistadas explicaban que el nombre procede de los antrop\u00f3nimos Gara y Jonay. La leyenda cuenta que los amantes, Gara y Jonay, quer\u00edan preservar un amor prohibido por reglas de sus pueblos: con esta meta decidieron abrazarse y atravesar su coraz\u00f3n con una rama en lo alto del monte. Se discute que&nbsp;en este caso, como tambi\u00e9n muchos otros top\u00f3nimos canarios de origen guanche, se cre\u00f3 una leyenda con la meta de explicar el top\u00f3nimo y no al contrario.<\/p>\n\n\n\n<p>Resalta la importancia cultural y religiosa de este lugar, ya que se encontraron restos animales,\u00a0los cuales indican que en este lugar <a href=\"https:\/\/guanchismos.ulpgc.es\/item\/12554\" target=\"_blank\" rel=\"noreferrer noopener\"><u>se llevaban a cabo rituales y sacrificios<\/u><\/a>.<\/p>\n\n\n\n<p>El nombre <em>Garajonay<\/em> es exclusivo de La Gomera, sin embargo, encontramos <em>gara<\/em> como componente en una gran cantidad de top\u00f3nimos de origen guanche en todas las islas Canarias, por ejemplo, <em>Belgara<\/em> o <em>Garachico<\/em>. Esto se debe a que <em>gara<\/em>o <em>guar<\/em> tiene un significado gen\u00e9rico como <em>roca, pe\u00f1asco <\/em>o <em>cerro<\/em>. El segundo componente, <em>jonay<\/em> o <em>jona, <\/em>s\u00ed que es exclusivo de La Gomera, ya que existen lugares como <em>Majona<\/em> o <em>Tajonaje<\/em>. Sin embargo, <em>jonay<\/em>es exclusivo de este top\u00f3nimo.\u00a0Se arguye la posibilidad de que este nombre tenga un origen bereber. No obstante, es posible que la palabra <em>Garajonay <\/em>haya perdido la marca morfol\u00f3gica inicial de las voces guanches debido a la tradici\u00f3n oral del castellano, por lo que se dificulta una comparaci\u00f3n directa entre el guanche y el bereber. Sin embargo, su calidad de nombre compuesto coincide con las reglas de composici\u00f3n bereber y se ha de partir de esta hip\u00f3tesis a la hora de interpretar; puede separarse el top\u00f3nimo como <em>gara+jonay<\/em>, de tal foma que tendr\u00edamos la composici\u00f3n de\u00a0nombre+nombre; o, <em>gar + ajonay<\/em>, <a href=\"https:\/\/guanchismos.ulpgc.es\/item\/12554\" target=\"_blank\" rel=\"noreferrer noopener\"><u>que nos dar\u00eda una estructura que concuerda m\u00e1s con las formas del bereber, prefijo+nombre<\/u><\/a>.<\/p>\n\n\n\n<p>El encanto con el que los entrevistados y entrevistadas contaban la leyenda me empuja a creer que el nombre del parque nacional Garajonay procede de la situaci\u00f3n en la que se encontraron los dos enamorados. Adem\u00e1s, en mi opini\u00f3n, esta leyenda va acorde con el ambiente m\u00e1gico que podemos observar en este bosque.<\/p>\n","protected":false},"excerpt":{"rendered":"<p>Del 25 de junio hasta el 1 de julio de 2023, un equipo de 35 personas de las universidades de Z\u00farich, Lausana y Humboldt de Berl\u00edn hizo una campa\u00f1a de encuestas para el proyecto Rurican en La Gomera. Algunos estudiantes de la Universidad de Z\u00farich han escrito breves testimonios del viaje: este es uno de [&hellip;]<\/p>\n","protected":false},"author":685,"featured_media":0,"comment_status":"open","ping_status":"open","sticky":false,"template":"","format":"standard","meta":{"_uag_custom_page_level_css":"","footnotes":""},"categories":[1],"tags":[16,33,36,31,8,35],"class_list":["post-431","post","type-post","status-publish","format-standard","hentry","category-uncategorized","tag-etimologia","tag-garajonay","tag-guanche","tag-la-gomera","tag-lexicografia","tag-onomastica"],"uagb_featured_image_src":{"full":false,"thumbnail":false,"medium":false,"medium_large":false,"large":false,"1536x1536":false,"2048x2048":false,"post-thumbnail":false},"uagb_author_info":{"display_name":"rurican","author_link":"https:\/\/dlf.uzh.ch\/sites\/rurican\/author\/rurican\/"},"uagb_comment_info":0,"uagb_excerpt":"Del 25 de junio hasta el 1 de julio de 2023, un equipo de 35 personas de las universidades de Z\u00farich, Lausana y Humboldt de Berl\u00edn hizo una campa\u00f1a de encuestas para el proyecto Rurican en La Gomera. Algunos estudiantes de la Universidad de Z\u00farich han escrito breves testimonios del viaje: este es uno de&hellip;","_links":{"self":[{"href":"https:\/\/dlf.uzh.ch\/sites\/rurican\/wp-json\/wp\/v2\/posts\/431","targetHints":{"allow":["GET"]}}],"collection":[{"href":"https:\/\/dlf.uzh.ch\/sites\/rurican\/wp-json\/wp\/v2\/posts"}],"about":[{"href":"https:\/\/dlf.uzh.ch\/sites\/rurican\/wp-json\/wp\/v2\/types\/post"}],"author":[{"embeddable":true,"href":"https:\/\/dlf.uzh.ch\/sites\/rurican\/wp-json\/wp\/v2\/users\/685"}],"replies":[{"embeddable":true,"href":"https:\/\/dlf.uzh.ch\/sites\/rurican\/wp-json\/wp\/v2\/comments?post=431"}],"version-history":[{"count":1,"href":"https:\/\/dlf.uzh.ch\/sites\/rurican\/wp-json\/wp\/v2\/posts\/431\/revisions"}],"predecessor-version":[{"id":434,"href":"https:\/\/dlf.uzh.ch\/sites\/rurican\/wp-json\/wp\/v2\/posts\/431\/revisions\/434"}],"wp:attachment":[{"href":"https:\/\/dlf.uzh.ch\/sites\/rurican\/wp-json\/wp\/v2\/media?parent=431"}],"wp:term":[{"taxonomy":"category","embeddable":true,"href":"https:\/\/dlf.uzh.ch\/sites\/rurican\/wp-json\/wp\/v2\/categories?post=431"},{"taxonomy":"post_tag","embeddable":true,"href":"https:\/\/dlf.uzh.ch\/sites\/rurican\/wp-json\/wp\/v2\/tags?post=431"}],"curies":[{"name":"wp","href":"https:\/\/api.w.org\/{rel}","templated":true}]}}