{"id":414,"date":"2023-08-05T12:57:09","date_gmt":"2023-08-05T12:57:09","guid":{"rendered":"https:\/\/dlf.uzh.ch\/sites\/rurican\/?p=414"},"modified":"2023-08-05T12:57:09","modified_gmt":"2023-08-05T12:57:09","slug":"campana-la-gomera-2023-entrada-1","status":"publish","type":"post","link":"https:\/\/dlf.uzh.ch\/sites\/rurican\/2023\/08\/05\/campana-la-gomera-2023-entrada-1\/","title":{"rendered":"CAMPA\u00d1A LA GOMERA 2023 &#8211; ENTRADA 1"},"content":{"rendered":"\n<p><em>Del 25 de junio hasta el 1 de julio de 2023, un equipo de 35 personas de las universidades de Z\u00farich, Lausana y Humboldt de Berl\u00edn hizo una campa\u00f1a de encuestas para el proyecto Rurican en La Gomera. Algunos estudiantes de la Universidad de Z\u00farich han escrito breves testimonios del viaje: este es uno de ellos<\/em>,\u00a0<em>escrito por<\/em> Larissa Klose.<\/p>\n\n\n<div class=\"wp-block-image\">\n<figure class=\"aligncenter size-full\"><a href=\"https:\/\/cookidoo.com.cn\/recipes\/recipe\/en-CN\/r83771\" target=\"_blank\" rel=\"noreferrer noopener\"><img loading=\"lazy\" decoding=\"async\" width=\"767\" height=\"639\" src=\"https:\/\/dlf.uzh.ch\/sites\/rurican\/files\/2023\/08\/FF1C550C-EF34-42D7-AB33-2795412B3CC9.jpg\" alt=\"\" class=\"wp-image-415\" srcset=\"https:\/\/dlf.uzh.ch\/sites\/rurican\/files\/2023\/08\/FF1C550C-EF34-42D7-AB33-2795412B3CC9.jpg 767w, https:\/\/dlf.uzh.ch\/sites\/rurican\/files\/2023\/08\/FF1C550C-EF34-42D7-AB33-2795412B3CC9-300x250.jpg 300w, https:\/\/dlf.uzh.ch\/sites\/rurican\/files\/2023\/08\/FF1C550C-EF34-42D7-AB33-2795412B3CC9-620x517.jpg 620w\" sizes=\"auto, (max-width: 767px) 100vw, 767px\" \/><\/a><\/figure><\/div>\n\n\n<h2 class=\"wp-block-heading has-text-color\" style=\"color:#42845c\">El almogrote: un emblema de la tradici\u00f3n antigua de la Gomera<\/h2>\n\n\n\n<p>En la \u00faltima semana de junio del 2023, nos fuimos de excursi\u00f3n&nbsp;a la Gomera con un grupo de m\u00e1s de 30 estudiantes de las universidades de Z\u00farich, de Lausana y de Berl\u00edn para analizar el habla, as\u00ed como las costumbres, de esta isla canaria.<\/p>\n\n\n\n<p>Un aspecto cultural que me gustar\u00eda comentar es el almogrote&nbsp;\u2014un plato t\u00edpico que no falta en ning\u00fan restaurante&nbsp;con comida tradicional gomera\u2014. M\u00e1s exactamente, se trata&nbsp;de una suerte de pasta que se unta&nbsp;al pan o que se come&nbsp;con las papas. La base de esta crema consiste en queso&nbsp;curado, mayoritariamente de cabra, el cual se ralla y se mezcla con mojo pic\u00f3n, una salsa picante que le da un color rojizo. Asimismo, se agrega ajo, as\u00ed como&nbsp;aceite de oliva a gusto de cada persona.&nbsp;<a href=\"https:\/\/www3.gobiernodecanarias.org\/medusa\/wiki\/index.php?title=Almogrote\"><u>Todos los ingredientes se mezclan hasta obtener una pasta <\/u><u>m\u00e1s o menos espesa<\/u><\/a>.&nbsp;<\/p>\n\n\n\n<p>Seg\u00fan <a href=\"https:\/\/www.hoy.es\/culturas\/gastronomia\/salsa-espanola-anos-20200411222953-ntrc.html\"><u>Ana Vega P\u00e9rez de Arlucea<\/u><\/a>&nbsp;y <a href=\"https:\/\/www3.gobiernodecanarias.org\/medusa\/wiki\/index.php?title=Almogrote\"><u>el gobierno de Canarias<\/u><\/a>,&nbsp;el almogrote constituye una de las salsas m\u00e1s antiguas de Espa\u00f1a. M\u00e1s espec\u00edficamente, ya se com\u00eda en la Edad Media, sin embargo, se conoc\u00eda bajo el nombre de&nbsp;<em>almodrot<\/em><em>e<\/em>, as\u00ed como <em>almedroch<\/em>. Este plato sobrevivi\u00f3 en la Gomera, aunque aparentemente se a\u00f1adieron, con el paso de tiempo, algunos ingredientes m\u00e1s, como el tomate.<\/p>\n\n\n\n<p>La larga historia de este unte se refleja tambi\u00e9n en su mero nombre, puesto que su etimolog\u00eda remonta al \u00e1rabe. Seg\u00fan <a href=\"https:\/\/es.wiktionary.org\/wiki\/almogrote\"><u>Wiktionary<\/u><\/a>,\u00a0la palabra \u00e1rabe originaria ser\u00eda <em>al mojrot <\/em>que significa \u2018salsa de queso\u2019.\u00a0Ahora bien, como falta una fuente exacta, hay que considerar otra. En la RAE (Real Academia Espa\u00f1ola), por ejemplo, no se encuentra la entrada <em>almogrote<\/em>. No obstante, la variante medieval <em>almodrote<\/em>s\u00ed. Esta palabra significa, seg\u00fan la RAE, <a href=\"https:\/\/dle.rae.es\/almodrote\" target=\"_blank\" rel=\"noreferrer noopener\">\u201c[s]alsa compuesta de aceite, ajos, queso y otras cosas, con la cual se sazonan las berenjenas\u201d.<\/a> Aunque el almogrote se use hoy en d\u00eda mayoritariamente para untarlo al pan o para comerlo con papas y no con berenjenas,\u00a0podemos utilizar esta entrada para establecer el origen de la palabra. Por un lado, los ingredientes son los mismos, por otro,\u00a0constituye, como acabamos de mencionar, el nombre medieval del plato. Entonces, seg\u00fan la RAE, <em>almodrote<\/em>\u00a0proviene de <em>alma\u1e6dr\u00faq<\/em>, una palabra \u00e1rabe-hisp\u00e1nica, la cual, a su vez, tiene sus ra\u00edces en la palabra\u00a0<em>ma\u1e6dr\u016bq<\/em> del \u00e1rabe cl\u00e1sico, la cual significa\u00a0\u2018majado\u2019. En resumidas cuentas, acabamos de ver que en el mismo nombre de este plato t\u00edpico y tradicional de la Gomera se refleja su antig\u00fcedad aludiendo a la influencia \u00e1rabe que persist\u00eda tambi\u00e9n durante largo tiempo de la Edad Media.\u00a0<\/p>\n","protected":false},"excerpt":{"rendered":"<p>Del 25 de junio hasta el 1 de julio de 2023, un equipo de 35 personas de las universidades de Z\u00farich, Lausana y Humboldt de Berl\u00edn hizo una campa\u00f1a de encuestas para el proyecto Rurican en La Gomera. Algunos estudiantes de la Universidad de Z\u00farich han escrito breves testimonios del viaje: este es uno de [&hellip;]<\/p>\n","protected":false},"author":685,"featured_media":0,"comment_status":"open","ping_status":"open","sticky":false,"template":"","format":"standard","meta":{"_uag_custom_page_level_css":"","footnotes":""},"categories":[1],"tags":[24,27,13,10,25,26],"class_list":["post-414","post","type-post","status-publish","format-standard","hentry","category-uncategorized","tag-almogrote","tag-comida","tag-cultura-canaria","tag-gastronomia","tag-lagomera","tag-queso"],"uagb_featured_image_src":{"full":false,"thumbnail":false,"medium":false,"medium_large":false,"large":false,"1536x1536":false,"2048x2048":false,"post-thumbnail":false},"uagb_author_info":{"display_name":"rurican","author_link":"https:\/\/dlf.uzh.ch\/sites\/rurican\/author\/rurican\/"},"uagb_comment_info":0,"uagb_excerpt":"Del 25 de junio hasta el 1 de julio de 2023, un equipo de 35 personas de las universidades de Z\u00farich, Lausana y Humboldt de Berl\u00edn hizo una campa\u00f1a de encuestas para el proyecto Rurican en La Gomera. Algunos estudiantes de la Universidad de Z\u00farich han escrito breves testimonios del viaje: este es uno de&hellip;","_links":{"self":[{"href":"https:\/\/dlf.uzh.ch\/sites\/rurican\/wp-json\/wp\/v2\/posts\/414","targetHints":{"allow":["GET"]}}],"collection":[{"href":"https:\/\/dlf.uzh.ch\/sites\/rurican\/wp-json\/wp\/v2\/posts"}],"about":[{"href":"https:\/\/dlf.uzh.ch\/sites\/rurican\/wp-json\/wp\/v2\/types\/post"}],"author":[{"embeddable":true,"href":"https:\/\/dlf.uzh.ch\/sites\/rurican\/wp-json\/wp\/v2\/users\/685"}],"replies":[{"embeddable":true,"href":"https:\/\/dlf.uzh.ch\/sites\/rurican\/wp-json\/wp\/v2\/comments?post=414"}],"version-history":[{"count":1,"href":"https:\/\/dlf.uzh.ch\/sites\/rurican\/wp-json\/wp\/v2\/posts\/414\/revisions"}],"predecessor-version":[{"id":416,"href":"https:\/\/dlf.uzh.ch\/sites\/rurican\/wp-json\/wp\/v2\/posts\/414\/revisions\/416"}],"wp:attachment":[{"href":"https:\/\/dlf.uzh.ch\/sites\/rurican\/wp-json\/wp\/v2\/media?parent=414"}],"wp:term":[{"taxonomy":"category","embeddable":true,"href":"https:\/\/dlf.uzh.ch\/sites\/rurican\/wp-json\/wp\/v2\/categories?post=414"},{"taxonomy":"post_tag","embeddable":true,"href":"https:\/\/dlf.uzh.ch\/sites\/rurican\/wp-json\/wp\/v2\/tags?post=414"}],"curies":[{"name":"wp","href":"https:\/\/api.w.org\/{rel}","templated":true}]}}