{"id":387,"date":"2022-09-30T13:05:11","date_gmt":"2022-09-30T13:05:11","guid":{"rendered":"https:\/\/dlf.uzh.ch\/sites\/rurican\/?p=387"},"modified":"2022-09-30T13:17:32","modified_gmt":"2022-09-30T13:17:32","slug":"campana-la-palma-2022-entrada-11","status":"publish","type":"post","link":"https:\/\/dlf.uzh.ch\/sites\/rurican\/2022\/09\/30\/campana-la-palma-2022-entrada-11\/","title":{"rendered":"CAMPA\u00d1A LA PALMA 2022 &#8211; ENTRADA 11"},"content":{"rendered":"\n<p><em>Del 27 de junio hasta el 3 de julio de 2022, un equipo de 40 personas de las universidades de Z\u00farich, Lausana y Humboldt de Berl\u00edn hizo una campa\u00f1a de encuestas para el proyecto Rurican en La Palma. Trece estudiantes de la Universidad de Z\u00farich han escrito breves testimonios del viaje: este es uno de ellos<\/em>,&nbsp;<em>escrito por<\/em>&nbsp;Noemi Brem.<\/p>\n\n\n\n<h2 class=\"has-text-color wp-block-heading\" style=\"color:#42845c\">Espero que no seas un <em>bamballo<\/em><\/h2>\n\n\n\n<p>\u00bfHas escuchado alguna vez la palabra <em>bamballo<\/em>? No, no me refiero a la palabra <em>bambolla<\/em><em>,<\/em> que s\u00ed existe en la Pen\u00ednsula y que conocen muchos, sino a <em>bamballo<\/em>. Si nunca la has escuchado, no te preocupes, que no eres el \u00fanico, ya que ni la RAE ni diecis\u00e9is de las diecisiete comunidades aut\u00f3nomas conocen esta palabra con la vocal <em>a<\/em> repetida dos veces. Se trata de una palabra que solo se utiliza en Canarias: solo fue registrada en la isla de La Palma. Vamos entonces a averiguar el significado y el origen de esta palabra excepcional.<\/p>\n\n\n\n<p>Para empezar con la tarea, debemos conocer el significado de bamballo. Seg\u00fan el Diccionario Hist\u00f3rico del Espa\u00f1ol de Canarias (DHECan), un bamballo es una \u2018persona de aspecto descuidado en el vestir\u2019. Bueno, lo que la palabrita permite a los palmeros opinar de nosotros es que estamos hechos unos gui\u00f1apos. Lo que resulta mucho m\u00e1s interesante es su origen, ya que nos cuenta una particularidad de la isla que, a primera vista, no es tan clara para todos.<\/p>\n\n\n\n<p>La palabra <em>bamballo<\/em> no existe en castellano, pero s\u00ed existe una palabra similar que se usa en el pa\u00eds vecino, Portugal. El portugu\u00e9s usa la palabra <em>bandalho<\/em> e incluso, como lo testifica P\u00e9rez Vidal, deber\u00eda haber existido en portugu\u00e9s antiguo una forma medieval como <em>bambalho<\/em>(DHECan). Adem\u00e1s, <em>bandalho<\/em> tambi\u00e9n existe en gallego, donde se escribe <em>bandallo<\/em>. \u00bfPero, queridos lectores, c\u00f3mo lleg\u00f3 el portugu\u00e9s o incluso el galaicoportugu\u00e9s (es decir, el gallego o portugu\u00e9s antiguo) a Canarias y, en concreto, a La Palma? Para averiguarlo, tenemos que estudiar&nbsp;un&nbsp;poco&nbsp;la&nbsp;historia&nbsp;de&nbsp;la&nbsp;isla.<\/p>\n\n\n\n<p>Si estudiamos el pasado de las islas Canarias, nos damos cuenta de que, entre el siglo XV y el siglo XVIII,&nbsp;llegaron muchos emigrantes de otros pa\u00edses europeos. Las islas Canarias atrajeron a muchos comerciantes porque constitu\u00edan, en esa \u00e9poca, un n\u00facleo importante entre Europa y Am\u00e9rica,&nbsp;como nos explica Morera en su libro <em>Espa\u00f1ol y portugu\u00e9s en Canarias: Problemas <\/em><em>interling\u00fc\u00edsticos<\/em>. Las personas que m\u00e1s emigraron a La Palma en ese tiempo fueron los portugueses,&nbsp;seg\u00fan Morera, debido tambi\u00e9n a la cercan\u00eda de la isla de Madeira&nbsp;como lo declara P\u00e9rez Vidal en su art\u00edculo \u201cLos provincialismos canarios del Diccionario de la Academia\u201d, publicado <em>Revista Hisp\u00e1nica Moderna<\/em><em>.<\/em> La influencia de los extranjeros es notable actualmente en la isla, ya que existen algunos barrios como <em>Los Gallegos<\/em> o <em>Los Franceses<\/em> cuyos nombres fueron influidos por la presencia de los emigrantes.&nbsp; La influencia del portugu\u00e9s se nota hoy en d\u00eda sobre todo en el nivel l\u00e9xico, es decir, en el vocabulario,&nbsp;como lo explica Morera en la obra mencionada,&nbsp;y <em>bambal<\/em><em>lo<\/em> es solo una palabra de muchas cuyo origen demuestra la influencia inmensa del portugu\u00e9s en la isla. Por lo tanto, queridos lectores, gracias a esta informaci\u00f3n, no nos debe sorprender que algunas palabritas m\u00e1s en La Palma procedan del portugu\u00e9s.&nbsp;Afortunados sois los que teng\u00e1is conocimiento de portugu\u00e9s o de gallego, porque cuando alguien dice una palabrita o un adjetivo dudoso, ten\u00e9is la suerte de entenderlo y responderle. Eso s\u00ed, siempre con simpat\u00eda, porque los palmeros son personas afables, hospitalarias y nunca ofensivas.<\/p>\n\n\n<div class=\"wp-block-image\">\n<figure class=\"aligncenter size-large is-resized\"><img loading=\"lazy\" decoding=\"async\" src=\"https:\/\/dlf.uzh.ch\/sites\/rurican\/files\/2022\/09\/8128E387-79C5-453C-81A7-75BBEB537BC6-684x1024.jpg\" alt=\"\" class=\"wp-image-388\" width=\"423\" height=\"634\" srcset=\"https:\/\/dlf.uzh.ch\/sites\/rurican\/files\/2022\/09\/8128E387-79C5-453C-81A7-75BBEB537BC6-684x1024.jpg 684w, https:\/\/dlf.uzh.ch\/sites\/rurican\/files\/2022\/09\/8128E387-79C5-453C-81A7-75BBEB537BC6-200x300.jpg 200w, https:\/\/dlf.uzh.ch\/sites\/rurican\/files\/2022\/09\/8128E387-79C5-453C-81A7-75BBEB537BC6-768x1151.jpg 768w, https:\/\/dlf.uzh.ch\/sites\/rurican\/files\/2022\/09\/8128E387-79C5-453C-81A7-75BBEB537BC6-1025x1536.jpg 1025w, https:\/\/dlf.uzh.ch\/sites\/rurican\/files\/2022\/09\/8128E387-79C5-453C-81A7-75BBEB537BC6-620x929.jpg 620w, https:\/\/dlf.uzh.ch\/sites\/rurican\/files\/2022\/09\/8128E387-79C5-453C-81A7-75BBEB537BC6.jpg 1367w\" sizes=\"auto, (max-width: 423px) 100vw, 423px\" \/><figcaption>Noemi en el Mirador Llano del Jable.<\/figcaption><\/figure><\/div>","protected":false},"excerpt":{"rendered":"<p>Del 27 de junio hasta el 3 de julio de 2022, un equipo de 40 personas de las universidades de Z\u00farich, Lausana y Humboldt de Berl\u00edn hizo una campa\u00f1a de encuestas para el proyecto Rurican en La Palma. Trece estudiantes de la Universidad de Z\u00farich han escrito breves testimonios del viaje: este es uno de [&hellip;]<\/p>\n","protected":false},"author":685,"featured_media":0,"comment_status":"open","ping_status":"open","sticky":false,"template":"","format":"standard","meta":{"_uag_custom_page_level_css":"","footnotes":""},"categories":[1],"tags":[9,8],"class_list":["post-387","post","type-post","status-publish","format-standard","hentry","category-uncategorized","tag-dialectologia","tag-lexicografia"],"uagb_featured_image_src":{"full":false,"thumbnail":false,"medium":false,"medium_large":false,"large":false,"1536x1536":false,"2048x2048":false,"post-thumbnail":false},"uagb_author_info":{"display_name":"rurican","author_link":"https:\/\/dlf.uzh.ch\/sites\/rurican\/author\/rurican\/"},"uagb_comment_info":0,"uagb_excerpt":"Del 27 de junio hasta el 3 de julio de 2022, un equipo de 40 personas de las universidades de Z\u00farich, Lausana y Humboldt de Berl\u00edn hizo una campa\u00f1a de encuestas para el proyecto Rurican en La Palma. Trece estudiantes de la Universidad de Z\u00farich han escrito breves testimonios del viaje: este es uno de&hellip;","_links":{"self":[{"href":"https:\/\/dlf.uzh.ch\/sites\/rurican\/wp-json\/wp\/v2\/posts\/387","targetHints":{"allow":["GET"]}}],"collection":[{"href":"https:\/\/dlf.uzh.ch\/sites\/rurican\/wp-json\/wp\/v2\/posts"}],"about":[{"href":"https:\/\/dlf.uzh.ch\/sites\/rurican\/wp-json\/wp\/v2\/types\/post"}],"author":[{"embeddable":true,"href":"https:\/\/dlf.uzh.ch\/sites\/rurican\/wp-json\/wp\/v2\/users\/685"}],"replies":[{"embeddable":true,"href":"https:\/\/dlf.uzh.ch\/sites\/rurican\/wp-json\/wp\/v2\/comments?post=387"}],"version-history":[{"count":2,"href":"https:\/\/dlf.uzh.ch\/sites\/rurican\/wp-json\/wp\/v2\/posts\/387\/revisions"}],"predecessor-version":[{"id":390,"href":"https:\/\/dlf.uzh.ch\/sites\/rurican\/wp-json\/wp\/v2\/posts\/387\/revisions\/390"}],"wp:attachment":[{"href":"https:\/\/dlf.uzh.ch\/sites\/rurican\/wp-json\/wp\/v2\/media?parent=387"}],"wp:term":[{"taxonomy":"category","embeddable":true,"href":"https:\/\/dlf.uzh.ch\/sites\/rurican\/wp-json\/wp\/v2\/categories?post=387"},{"taxonomy":"post_tag","embeddable":true,"href":"https:\/\/dlf.uzh.ch\/sites\/rurican\/wp-json\/wp\/v2\/tags?post=387"}],"curies":[{"name":"wp","href":"https:\/\/api.w.org\/{rel}","templated":true}]}}