{"id":358,"date":"2022-09-02T06:55:30","date_gmt":"2022-09-02T06:55:30","guid":{"rendered":"https:\/\/dlf.uzh.ch\/sites\/rurican\/?p=358"},"modified":"2022-09-30T15:26:26","modified_gmt":"2022-09-30T15:26:26","slug":"campana-la-palma-2022-entrada-7","status":"publish","type":"post","link":"https:\/\/dlf.uzh.ch\/sites\/rurican\/2022\/09\/02\/campana-la-palma-2022-entrada-7\/","title":{"rendered":"CAMPA\u00d1A LA PALMA 2022 &#8211; ENTRADA 7"},"content":{"rendered":"\n<p><em>Del 27 de junio hasta el 3 de julio de 2022, un equipo de 40 personas de las universidades de Z\u00farich, Lausana y Humboldt de Berl\u00edn hizo una campa\u00f1a de encuestas para el proyecto Rurican en La Palma. Trece estudiantes de la Universidad de Z\u00farich han escrito breves testimonios del viaje: este es uno de ellos<\/em>,&nbsp;<em>escrito por<\/em> Dominik Mart\u00ednez.<\/p>\n\n\n\n<hr class=\"wp-block-separator has-alpha-channel-opacity\" \/>\n\n\n\n<figure class=\"wp-block-image size-large\"><img loading=\"lazy\" decoding=\"async\" width=\"1024\" height=\"461\" src=\"https:\/\/dlf.uzh.ch\/sites\/rurican\/files\/2022\/09\/barco-1024x461.jpg\" alt=\"\" class=\"wp-image-359\" srcset=\"https:\/\/dlf.uzh.ch\/sites\/rurican\/files\/2022\/09\/barco-1024x461.jpg 1024w, https:\/\/dlf.uzh.ch\/sites\/rurican\/files\/2022\/09\/barco-300x135.jpg 300w, https:\/\/dlf.uzh.ch\/sites\/rurican\/files\/2022\/09\/barco-768x346.jpg 768w, https:\/\/dlf.uzh.ch\/sites\/rurican\/files\/2022\/09\/barco-1536x691.jpg 1536w, https:\/\/dlf.uzh.ch\/sites\/rurican\/files\/2022\/09\/barco-2048x922.jpg 2048w, https:\/\/dlf.uzh.ch\/sites\/rurican\/files\/2022\/09\/barco-620x279.jpg 620w\" sizes=\"auto, (max-width: 1024px) 100vw, 1024px\" \/><figcaption>El barco de la virgen, Santa Cruz.<\/figcaption><\/figure>\n\n\n\n<h2 class=\"has-text-color wp-block-heading\" style=\"color:#42845c\">La <em>primer <\/em>bombilla en Canarias<\/h2>\n\n\n\n<p>La historia del estudio de la electricidad y de la invenci\u00f3n de fuentes de luz artificial es algo complicada. Muchos consideran a Thomas Edison como el inventor de la luz el\u00e9ctrica porque fue el primero en patentar una bombilla incandescente que era comercialmente viable. Vale, vale,&nbsp;\u00a1dejemos las palabras t\u00e9cnicas ya! Un hecho sobre el que no se debate es que en 1893 lleg\u00f3 la luz el\u00e9ctrica a Santa Cruz de La Palma. Fue a las doce de la noche cuando se encendi\u00f3 la <em>primer<\/em> bombilla en Canarias.<\/p>\n\n\n\n<p>Eh, \u00bfla <em>primer<\/em> bombilla? \u00a1Pero est\u00e1 mal dicho, si deber\u00eda ser la <em>primera<\/em> bombilla! Pues, s\u00ed, querido lector, tienes raz\u00f3n: En espa\u00f1ol est\u00e1ndar, es totalmente normal (\u00a1y, seg\u00fan lo que se ense\u00f1a, obligatorio!) apocopar la <em>o<\/em> de <em>primero<\/em> delante de sustantivos masculinos (p. ej., el <em>primer<\/em> hombre). Sin embargo, en La Palma, se atestiguan usos de la forma apocopada de <em>primera<\/em> tambi\u00e9n delante de sustantivos femeninos.<\/p>\n\n\n\n<p>Entonces,\u00a0\u00bf<em>la primer bombilla<\/em> est\u00e1 bien dicho? Pues esta pregunta es dif\u00edcil de contestar y no pretendo prescribir c\u00f3mo hay que usar la lengua espa\u00f1ola. Tanto la <a rel=\"noreferrer noopener\" href=\"http:\/\/aplica.rae.es\/grweb\/cgi-bin\/v.cgi?i=beERUjYTAFSSpZLr\" data-type=\"URL\" data-id=\"http:\/\/aplica.rae.es\/grweb\/cgi-bin\/v.cgi?i=beERUjYTAFSSpZLr\" target=\"_blank\"><em>Nueva Gram\u00e1tica de la Lengua Espa\u00f1ola<\/em> <\/a><a href=\"#_ftn1\"><\/a>(NGLE)\u00a0como el <a rel=\"noreferrer noopener\" href=\"https:\/\/www.rae.es\/dpd\/primera\" data-type=\"URL\" data-id=\"https:\/\/www.rae.es\/dpd\/primera\" target=\"_blank\"><em>Diccionario Panhisp\u00e1nico de Dudas<\/em><\/a><a href=\"#_ftn2\"><\/a>\u00a0(DPD) constatan que <em>primer<\/em> antes de un sustantivo femenino es un arca\u00edsmo. Seg\u00fan el DPD, se debe evitar y, seg\u00fan la NGLE, la variante no apocopada\u00a0(<em>primera bombilla)<\/em>se considera preferible.<\/p>\n\n\n\n<p>Por eso, en <a href=\"https:\/\/www.eldia.es\/la-palma\/2019\/12\/26\/prendio-primera-bombilla-palma-22502702.html\" data-type=\"URL\" data-id=\"https:\/\/www.eldia.es\/la-palma\/2019\/12\/26\/prendio-primera-bombilla-palma-22502702.html\" target=\"_blank\" rel=\"noreferrer noopener\">cualquier publicaci\u00f3n<\/a> sobre la luz el\u00e9ctrica en La Palma<a href=\"#_ftn3\"><\/a>, aunque haya sido escrita en la mism\u00edsima isla, encontraremos la forma <em>primera<\/em>. Al contrario, al hacer trabajo de campo el mes de junio pasado \u2014o sea, al hablar con informantes en la isla\u2014 o\u00edamos cosas como <em>La Palma fue la primer islacon luz el\u00e9ctrica en Canarias<\/em>. Y no solo una vez, sino con una frecuencia importante. Concluimos que, aunque esta forma pueda ser considerada como un arca\u00edsmo en la variedad est\u00e1ndar, sigue viva en distintos sitios de la isla perteneciente a la provincia tinerfe\u00f1a. (Claro, habr\u00e1 que investigar el asunto con m\u00e1s detalle, pero como resultado preliminar nos sirve).<\/p>\n\n\n<div class=\"wp-block-image\">\n<figure class=\"aligncenter size-large is-resized\"><img loading=\"lazy\" decoding=\"async\" src=\"https:\/\/dlf.uzh.ch\/sites\/rurican\/files\/2022\/09\/faroles-1024x461.jpg\" alt=\"\" class=\"wp-image-360\" width=\"493\" height=\"222\" srcset=\"https:\/\/dlf.uzh.ch\/sites\/rurican\/files\/2022\/09\/faroles-1024x461.jpg 1024w, https:\/\/dlf.uzh.ch\/sites\/rurican\/files\/2022\/09\/faroles-300x135.jpg 300w, https:\/\/dlf.uzh.ch\/sites\/rurican\/files\/2022\/09\/faroles-768x346.jpg 768w, https:\/\/dlf.uzh.ch\/sites\/rurican\/files\/2022\/09\/faroles-1536x691.jpg 1536w, https:\/\/dlf.uzh.ch\/sites\/rurican\/files\/2022\/09\/faroles-2048x922.jpg 2048w, https:\/\/dlf.uzh.ch\/sites\/rurican\/files\/2022\/09\/faroles-620x279.jpg 620w\" sizes=\"auto, (max-width: 493px) 100vw, 493px\" \/><figcaption>Faroles en una calle de Barlovento<\/figcaption><\/figure><\/div>\n\n\n<p>Entonces, Santa Cruz de La Palma, la capital insular de <em>la isla bonita<\/em>, no solo fue la <em>primer<\/em> ciudad&nbsp;con luz en Canarias, <a href=\"https:\/\/web.archive.org\/web\/20141129124912\/http:\/\/www.palmerosenelmundo.com\/electr%C3%B3n\/\" data-type=\"URL\" data-id=\"https:\/\/web.archive.org\/web\/20141129124912\/http:\/\/www.palmerosenelmundo.com\/electr%C3%B3n\/\" target=\"_blank\" rel=\"noreferrer noopener\">\u00a1sino la sexta del mundo<\/a><a href=\"#_ftn4\"><\/a>! Sigui\u00f3 a ciudades tan conocidas mundialmente como Par\u00eds (1879), Nueva York (1882), Londres (1886), Barcelona (1888) y Madrid (1893). Si os fij\u00e1is, de las seis primeras ciudades iluminadas, \u00a1tres se encuentran en Espa\u00f1a! Y, adem\u00e1s, Santa Cruz fue la <em>tercer<\/em> ciudad con luz en toda Espa\u00f1a. \u00a1Ap\u00f3cope que o\u00edmos tal cual durante una entrevista en San Andr\u00e9s y Sauces!&nbsp;<\/p>\n\n\n\n<p><a href=\"_ftnref1\"><\/a><\/p>\n\n\n\n<p><a href=\"_ftnref4\"><\/a><\/p>\n","protected":false},"excerpt":{"rendered":"<p>Del 27 de junio hasta el 3 de julio de 2022, un equipo de 40 personas de las universidades de Z\u00farich, Lausana y Humboldt de Berl\u00edn hizo una campa\u00f1a de encuestas para el proyecto Rurican en La Palma. Trece estudiantes de la Universidad de Z\u00farich han escrito breves testimonios del viaje: este es uno de [&hellip;]<\/p>\n","protected":false},"author":685,"featured_media":0,"comment_status":"open","ping_status":"open","sticky":false,"template":"","format":"standard","meta":{"_uag_custom_page_level_css":"","footnotes":""},"categories":[1],"tags":[9,14,12],"class_list":["post-358","post","type-post","status-publish","format-standard","hentry","category-uncategorized","tag-dialectologia","tag-historia","tag-sintaxis-2"],"uagb_featured_image_src":{"full":false,"thumbnail":false,"medium":false,"medium_large":false,"large":false,"1536x1536":false,"2048x2048":false,"post-thumbnail":false},"uagb_author_info":{"display_name":"rurican","author_link":"https:\/\/dlf.uzh.ch\/sites\/rurican\/author\/rurican\/"},"uagb_comment_info":0,"uagb_excerpt":"Del 27 de junio hasta el 3 de julio de 2022, un equipo de 40 personas de las universidades de Z\u00farich, Lausana y Humboldt de Berl\u00edn hizo una campa\u00f1a de encuestas para el proyecto Rurican en La Palma. Trece estudiantes de la Universidad de Z\u00farich han escrito breves testimonios del viaje: este es uno de&hellip;","_links":{"self":[{"href":"https:\/\/dlf.uzh.ch\/sites\/rurican\/wp-json\/wp\/v2\/posts\/358","targetHints":{"allow":["GET"]}}],"collection":[{"href":"https:\/\/dlf.uzh.ch\/sites\/rurican\/wp-json\/wp\/v2\/posts"}],"about":[{"href":"https:\/\/dlf.uzh.ch\/sites\/rurican\/wp-json\/wp\/v2\/types\/post"}],"author":[{"embeddable":true,"href":"https:\/\/dlf.uzh.ch\/sites\/rurican\/wp-json\/wp\/v2\/users\/685"}],"replies":[{"embeddable":true,"href":"https:\/\/dlf.uzh.ch\/sites\/rurican\/wp-json\/wp\/v2\/comments?post=358"}],"version-history":[{"count":5,"href":"https:\/\/dlf.uzh.ch\/sites\/rurican\/wp-json\/wp\/v2\/posts\/358\/revisions"}],"predecessor-version":[{"id":397,"href":"https:\/\/dlf.uzh.ch\/sites\/rurican\/wp-json\/wp\/v2\/posts\/358\/revisions\/397"}],"wp:attachment":[{"href":"https:\/\/dlf.uzh.ch\/sites\/rurican\/wp-json\/wp\/v2\/media?parent=358"}],"wp:term":[{"taxonomy":"category","embeddable":true,"href":"https:\/\/dlf.uzh.ch\/sites\/rurican\/wp-json\/wp\/v2\/categories?post=358"},{"taxonomy":"post_tag","embeddable":true,"href":"https:\/\/dlf.uzh.ch\/sites\/rurican\/wp-json\/wp\/v2\/tags?post=358"}],"curies":[{"name":"wp","href":"https:\/\/api.w.org\/{rel}","templated":true}]}}