{"id":349,"date":"2022-08-29T08:37:49","date_gmt":"2022-08-29T08:37:49","guid":{"rendered":"https:\/\/dlf.uzh.ch\/sites\/rurican\/?p=349"},"modified":"2022-09-30T15:27:09","modified_gmt":"2022-09-30T15:27:09","slug":"campana-las-palmas-2022-entrada-6","status":"publish","type":"post","link":"https:\/\/dlf.uzh.ch\/sites\/rurican\/2022\/08\/29\/campana-las-palmas-2022-entrada-6\/","title":{"rendered":"CAMPA\u00d1A LA PALMA 2022 &#8211; ENTRADA 6"},"content":{"rendered":"\n<p><em>Del 27 de junio hasta el 3 de julio de 2022, un equipo de 40 personas de las universidades de Z\u00farich, Lausana y Humboldt de Berl\u00edn hizo una campa\u00f1a de encuestas para el proyecto Rurican en La Palma. Trece estudiantes de la Universidad de Z\u00farich han escrito breves testimonios del viaje: este es uno de ellos<\/em>,&nbsp;<em>escrito por<\/em> Laura Diem.<\/p>\n\n\n\n<hr class=\"wp-block-separator has-alpha-channel-opacity\" \/>\n\n\n\n<h2 class=\"has-text-color wp-block-heading\" style=\"color:#42845c\"><strong>El \u00f1ame: un tub\u00e9rculo desconocido en Europa, pero con mucha tradici\u00f3n en Canarias<\/strong><\/h2>\n\n\n<div class=\"wp-block-image\">\n<figure class=\"alignright size-full is-resized\"><a href=\"https:\/\/mdc.ulpgc.es\/utils\/getfile\/collection\/MDC\/id\/1312\/filename\/1318.pdf\" target=\"_blank\" rel=\"noreferrer noopener\"><img loading=\"lazy\" decoding=\"async\" src=\"https:\/\/dlf.uzh.ch\/sites\/rurican\/files\/2022\/08\/Unbenannt.jpg\" alt=\"\" class=\"wp-image-351\" width=\"258\" height=\"307\" srcset=\"https:\/\/dlf.uzh.ch\/sites\/rurican\/files\/2022\/08\/Unbenannt.jpg 525w, https:\/\/dlf.uzh.ch\/sites\/rurican\/files\/2022\/08\/Unbenannt-253x300.jpg 253w\" sizes=\"auto, (max-width: 258px) 100vw, 258px\" \/><\/a><\/figure><\/div>\n\n\n<p>\u201cUna papa que no es papa, pero es tan t\u00edpico&nbsp;de aqu\u00ed como la papa\u201d,&nbsp;me explican los lugare\u00f1os. Nunca hab\u00eda o\u00eddo hablar de este alimento&nbsp;que, por un lado, se suele a\u00f1adir a muchos platos t\u00edpicos de Canarias y, por otro, posee&nbsp;cualidades curativas. En varias entrevistas lo mencionaron y me&nbsp;contaron que se suele cultivar principalmente en Sauces y Barlovento.<\/p>\n\n\n\n<p>Aunque&nbsp;se parece a la papa y tambi\u00e9n&nbsp;pertenece al grupo de los tub\u00e9rculos, se diferencia, por ejemplo, por su sabor y forma m\u00e1s alargada. Adem\u00e1s, es com\u00fan en las regiones tropicales y subtropicales de todo el mundo y se cree que viene <a href=\"https:\/\/mdc.ulpgc.es\/utils\/getfile\/collection\/MDC\/id\/1312\/filename\/1318.pdf\" data-type=\"URL\" data-id=\"https:\/\/mdc.ulpgc.es\/utils\/getfile\/collection\/MDC\/id\/1312\/filename\/1318.pdf\" target=\"_blank\" rel=\"noreferrer noopener\">originariamente del suroeste&nbsp;asi\u00e1tico<\/a>.<a href=\"#_ftn1\"><\/a>&nbsp;Algunos defienden que podr\u00eda ser <a href=\"https:\/\/www.jstor.org\/stable\/pdf\/41756197.pdf?refreqid=excelsior%3A28d05e3f78aa8bad2d669c5bce1c60fd&amp;ab_segments=&amp;origin=&amp;acceptTC=1\" data-type=\"URL\" data-id=\"https:\/\/www.jstor.org\/stable\/pdf\/41756197.pdf?refreqid=excelsior%3A28d05e3f78aa8bad2d669c5bce1c60fd&amp;ab_segments=&amp;origin=&amp;acceptTC=1\" target=\"_blank\" rel=\"noreferrer noopener\">originaria de \u00c1frica,<\/a> puesto que existen indicios arqueol\u00f3gicos y ling\u00fc\u00edsticos&nbsp;que se\u00f1alan una larga tradici\u00f3n en dicho continente.<a href=\"#_ftn2\"><\/a>&nbsp;No est\u00e1 claro si <a href=\"https:\/\/mdc.ulpgc.es\/utils\/getfile\/collection\/MDC\/id\/1312\/filename\/1318.pdf\" data-type=\"URL\" data-id=\"https:\/\/mdc.ulpgc.es\/utils\/getfile\/collection\/MDC\/id\/1312\/filename\/1318.pdf\" target=\"_blank\" rel=\"noreferrer noopener\">la planta fue introducida en Canarias<\/a> por los conquistadores portugueses o si los abor\u00edgenes canarios la conoc\u00edan anteriormente.<a href=\"#_ftn3\"><\/a>&nbsp;<\/p>\n\n\n\n<p>Este tub\u00e9rculo posee una gran cantidad de nombres: en los pa\u00edses del Caribe tambi\u00e9n se llama&nbsp;<em>\u00f1ame<\/em>, pero en el resto del mundo se denomina de forma diferente: <a href=\"https:\/\/papitascon.wordpress.com\/2012\/12\/22\/historia-de-los-names-en-canarias\/\" data-type=\"URL\" data-id=\"https:\/\/papitascon.wordpress.com\/2012\/12\/22\/historia-de-los-names-en-canarias\/\" target=\"_blank\" rel=\"noreferrer noopener\">en Haw\u00e1i es <em>kalo<\/em>, en Brasil <em>car\u00e1<\/em>, en M\u00e9xico es <em>malanga<\/em>y en Venezuela se llama <em>madumbe<\/em><\/a>.<a href=\"#_ftn4\"><\/a>&nbsp;<\/p>\n\n\n<div class=\"wp-block-image\">\n<figure class=\"alignleft size-large is-resized\"><a href=\"\/\/www.elespanol.com\/ciencia\/nutricion\/20210521\/name-todas-propiedades-beneficios-primo-saludable-\" target=\"_blank\" rel=\"noreferrer noopener\"><img loading=\"lazy\" decoding=\"async\" src=\"https:\/\/dlf.uzh.ch\/sites\/rurican\/files\/2022\/08\/1-1024x588.jpg\" alt=\"\" class=\"wp-image-354\" width=\"355\" height=\"204\" srcset=\"https:\/\/dlf.uzh.ch\/sites\/rurican\/files\/2022\/08\/1-1024x588.jpg 1024w, https:\/\/dlf.uzh.ch\/sites\/rurican\/files\/2022\/08\/1-300x172.jpg 300w, https:\/\/dlf.uzh.ch\/sites\/rurican\/files\/2022\/08\/1-768x441.jpg 768w, https:\/\/dlf.uzh.ch\/sites\/rurican\/files\/2022\/08\/1-620x356.jpg 620w, https:\/\/dlf.uzh.ch\/sites\/rurican\/files\/2022\/08\/1.jpg 1045w\" sizes=\"auto, (max-width: 355px) 100vw, 355px\" \/><\/a><\/figure><\/div>\n\n\n<p><strong>Pues \u00bfc\u00f3mo puede ser que en Canarias se llame <\/strong><em><strong>\u00f1ame<\/strong><\/em><strong>?<\/strong><\/p>\n\n\n\n<p>Seg\u00fan la <a href=\"https:\/\/dle.rae.es\/%C3%B1ame\" data-type=\"URL\" data-id=\"https:\/\/dle.rae.es\/%C3%B1ame\" target=\"_blank\" rel=\"noreferrer noopener\">RAE<\/a>, la palabra tiene origen africano; en concreto, proviene del Congo.<a href=\"#_ftn5\"><\/a>&nbsp;Seg\u00fan <a href=\"https:\/\/www.jstor.org\/stable\/pdf\/41756197.pdf?refreqid=excelsior%3A28d05e3f78aa8bad2d669c5bce1c60fd&amp;ab_segments=&amp;origin=&amp;acceptTC=1\" data-type=\"URL\" data-id=\"https:\/\/www.jstor.org\/stable\/pdf\/41756197.pdf?refreqid=excelsior%3A28d05e3f78aa8bad2d669c5bce1c60fd&amp;ab_segments=&amp;origin=&amp;acceptTC=1\" target=\"_blank\" rel=\"noreferrer noopener\">un art\u00edculo<\/a> en el que se procura mostrar el origen nativo del \u00f1ame en \u00c1frica, <em>\u00f1ame<\/em> proviene de las palabras <em>niam<\/em> o <em>enyame<\/em>, que luego se adaptaron a otras lenguas.<a href=\"#_ftn6\"><\/a>&nbsp;Adem\u00e1s, existe la teor\u00eda de que podr\u00eda ser una onomatopeya, es decir, con la palabra <em>\u00f1ame<\/em>&nbsp;se podr\u00eda haber imitado el sonido que uno hace al comer:&nbsp;<em>\u00f1am, \u00f1am, \u00f1am<\/em>.&nbsp;<\/p>\n\n\n\n<p>Ahora que he aprendido tanto sobre el \u00f1ame, se me ha hecho la boca agua y&nbsp;me ha entrado&nbsp;la curiosidad, as\u00ed que me he puesto a buscar recetas para&nbsp;poder probarlo. Para mi sorpresa descubro&nbsp;que,&nbsp;seg\u00fan un blog sobre recetas canarias, la forma tradicional para preparar el \u00f1ame es la siguiente:<\/p>\n\n\n\n<blockquote class=\"wp-block-quote is-layout-flow wp-block-quote-is-layout-flow\"><p><a href=\"http:\/\/recetascanariasyloquesurja.es\/name-guisado\" data-type=\"URL\" data-id=\"http:\/\/recetascanariasyloquesurja.es\/name-guisado\" target=\"_blank\" rel=\"noreferrer noopener\">los desentierran y los dejan secar dos o tres d\u00edas, los lavan bien, luego los cocinan con un poco de sal en un fuego de le\u00f1a durante 24 horas, ech\u00e1ndole agua si lo necesitara.<\/a><a href=\"#_ftn7\"><\/a><\/p><\/blockquote>\n\n\n\n<p>En potajes&nbsp;tarda menos, pero, aun as\u00ed, la necesidad de cocerlo dos horas explica por&nbsp;qu\u00e9 se suele preparar para eventos especiales como el Carnaval,&nbsp;la Semana Santa o la Navidad.<a href=\"#_ftn8\"><sup><\/sup><\/a><\/p>\n\n\n\n<p>Al final me quedo con las ganas probar alguna vez el \u00f1ame;&nbsp;esta papa que no es papa, pero que es&nbsp;tan t\u00edpico de Canarias como la papa.<\/p>\n\n\n\n<p><a href=\"_ftnref1\"><\/a><\/p>\n\n\n\n<p><a href=\"_ftnref2\"><\/a><\/p>\n\n\n\n<p><a href=\"_ftnref3\"><\/a><\/p>\n\n\n\n<p><a href=\"_ftnref4\"><\/a><\/p>\n\n\n\n<p><a href=\"_ftnref5\"><\/a><\/p>\n\n\n\n<p><a href=\"_ftnref6\"><\/a><\/p>\n\n\n\n<p><a href=\"_ftnref7\"><\/a><\/p>\n\n\n\n<p><a href=\"_ftnref8\"><\/a><\/p>\n","protected":false},"excerpt":{"rendered":"<p>Del 27 de junio hasta el 3 de julio de 2022, un equipo de 40 personas de las universidades de Z\u00farich, Lausana y Humboldt de Berl\u00edn hizo una campa\u00f1a de encuestas para el proyecto Rurican en La Palma. Trece estudiantes de la Universidad de Z\u00farich han escrito breves testimonios del viaje: este es uno de [&hellip;]<\/p>\n","protected":false},"author":685,"featured_media":0,"comment_status":"open","ping_status":"open","sticky":false,"template":"","format":"standard","meta":{"_uag_custom_page_level_css":"","footnotes":""},"categories":[1],"tags":[15,10,8],"class_list":["post-349","post","type-post","status-publish","format-standard","hentry","category-uncategorized","tag-agricultura","tag-gastronomia","tag-lexicografia"],"uagb_featured_image_src":{"full":false,"thumbnail":false,"medium":false,"medium_large":false,"large":false,"1536x1536":false,"2048x2048":false,"post-thumbnail":false},"uagb_author_info":{"display_name":"rurican","author_link":"https:\/\/dlf.uzh.ch\/sites\/rurican\/author\/rurican\/"},"uagb_comment_info":0,"uagb_excerpt":"Del 27 de junio hasta el 3 de julio de 2022, un equipo de 40 personas de las universidades de Z\u00farich, Lausana y Humboldt de Berl\u00edn hizo una campa\u00f1a de encuestas para el proyecto Rurican en La Palma. Trece estudiantes de la Universidad de Z\u00farich han escrito breves testimonios del viaje: este es uno de&hellip;","_links":{"self":[{"href":"https:\/\/dlf.uzh.ch\/sites\/rurican\/wp-json\/wp\/v2\/posts\/349","targetHints":{"allow":["GET"]}}],"collection":[{"href":"https:\/\/dlf.uzh.ch\/sites\/rurican\/wp-json\/wp\/v2\/posts"}],"about":[{"href":"https:\/\/dlf.uzh.ch\/sites\/rurican\/wp-json\/wp\/v2\/types\/post"}],"author":[{"embeddable":true,"href":"https:\/\/dlf.uzh.ch\/sites\/rurican\/wp-json\/wp\/v2\/users\/685"}],"replies":[{"embeddable":true,"href":"https:\/\/dlf.uzh.ch\/sites\/rurican\/wp-json\/wp\/v2\/comments?post=349"}],"version-history":[{"count":7,"href":"https:\/\/dlf.uzh.ch\/sites\/rurican\/wp-json\/wp\/v2\/posts\/349\/revisions"}],"predecessor-version":[{"id":378,"href":"https:\/\/dlf.uzh.ch\/sites\/rurican\/wp-json\/wp\/v2\/posts\/349\/revisions\/378"}],"wp:attachment":[{"href":"https:\/\/dlf.uzh.ch\/sites\/rurican\/wp-json\/wp\/v2\/media?parent=349"}],"wp:term":[{"taxonomy":"category","embeddable":true,"href":"https:\/\/dlf.uzh.ch\/sites\/rurican\/wp-json\/wp\/v2\/categories?post=349"},{"taxonomy":"post_tag","embeddable":true,"href":"https:\/\/dlf.uzh.ch\/sites\/rurican\/wp-json\/wp\/v2\/tags?post=349"}],"curies":[{"name":"wp","href":"https:\/\/api.w.org\/{rel}","templated":true}]}}