{"id":338,"date":"2022-08-23T08:46:27","date_gmt":"2022-08-23T08:46:27","guid":{"rendered":"https:\/\/dlf.uzh.ch\/sites\/rurican\/?p=338"},"modified":"2022-09-30T15:28:21","modified_gmt":"2022-09-30T15:28:21","slug":"campana-la-palma-2022-entrada-4","status":"publish","type":"post","link":"https:\/\/dlf.uzh.ch\/sites\/rurican\/2022\/08\/23\/campana-la-palma-2022-entrada-4\/","title":{"rendered":"CAMPA\u00d1A LA PALMA 2022 &#8211; ENTRADA 4"},"content":{"rendered":"\n<p><em>Del 27 de junio hasta el 3 de julio de 2022, un equipo de 40 personas de las universidades de Z\u00farich, Lausana y Humboldt de Berl\u00edn hizo una campa\u00f1a de encuestas para el proyecto Rurican en La Palma. Trece estudiantes de la Universidad de Z\u00farich han escrito breves testimonios del viaje: este es uno de ellos<\/em>, <em>escrito por<\/em> Nina Kaderk.<\/p>\n\n\n\n<hr class=\"wp-block-separator has-alpha-channel-opacity\" \/>\n\n\n\n<h2 class=\"has-text-color wp-block-heading\" style=\"color:#42845c\">El carnaval en la isla de La Palma<\/h2>\n\n\n\n<p>Cuando se acerca el Mi\u00e9rcoles de Ceniza, en los pueblos de La Palma&nbsp;se escuchan voces alegres y expresiones de asombro como <em>tou<\/em>, <em>s\u00fas<\/em> o <em>\u00f1o<\/em>. \u00bfY eso? \u00bfPor qu\u00e9 ser\u00e1? Pues es f\u00e1cil de explicar\u2026 el viernes anterior empieza el famoso carnaval: \u201c\u00a1\u00f1ooo, qu\u00e9 ilusi\u00f3n!\u201d<\/p>\n\n\n\n<p>El carnaval&nbsp;palmero alberga varias actividades, como, por ejemplo, un desfile infantil, una multitud de verbenas callejeras, el Desfile de los Embajadores, la Llegada de los Indianos, as\u00ed como el Entierro de la Sardina, el cual cumple con la funci\u00f3n de acto de cierre de las festividades.<\/p>\n\n\n\n<p>El Entierro de la Sardina de San Andr\u00e9s y Sauces&nbsp;<a rel=\"noreferrer noopener\" href=\"https:\/\/www.eldiario.es\/canariasahora\/lapalmaahora\/municipios\/san_andres_y_sauces\/entierro-sardina-interes-turistico-canarias_1_1794555.html\" data-type=\"URL\" data-id=\"https:\/\/www.eldiario.es\/canariasahora\/lapalmaahora\/municipios\/san_andres_y_sauces\/entierro-sardina-interes-turistico-canarias_1_1794555.html\" target=\"_blank\">fue declarado&nbsp;Fiesta de Inter\u00e9s Tur\u00edstico Regional por el Gobierno de Canarias en 2018<\/a><a href=\"#_ftn1\"><\/a>. Consiste en un largo cortejo f\u00fanebre precedido por unos cincuenta cargadores que llevan encima de sus hombros a la protagonista de esta fiesta: una falla&nbsp;en forma de sardina, cuyas dimensiones pueden alcanzar varios metros de longitud. La principal funci\u00f3n de los cargadores&nbsp;consiste en hacer bailar al pez durante su recorrido por el pueblo. El baile concluye&nbsp;con la quema de la sardina, la cual dura&nbsp;solamente unos diez minutos y va acompa\u00f1ada de desconsolados gritos de <a href=\"https:\/\/www.visitlapalma.es\/fiestas\/carnaval\/\" data-type=\"URL\" data-id=\"https:\/\/www.visitlapalma.es\/fiestas\/carnaval\/\">\u201cdecenas de viudas [que] despiden al supuesto difunto\u201d<\/a><a href=\"#_ftn2\"><\/a>.<\/p>\n\n\n\n<p>El origen del Entierro de la Sardina \u2014una fiesta que se celebra tambi\u00e9n en otras zonas de Espa\u00f1a e Hispanoam\u00e9rica\u2014&nbsp;es m\u00e1s que opaco, pero <a href=\"https:\/\/as.com\/tikitakas\/entierro-de-la-sardina-que-es-origen-y-por-que-se-celebra-despues-de-carnaval-n\/\" data-type=\"URL\" data-id=\"https:\/\/as.com\/tikitakas\/entierro-de-la-sardina-que-es-origen-y-por-que-se-celebra-despues-de-carnaval-n\/\" target=\"_blank\" rel=\"noreferrer noopener\">las primeras documentaciones se parecen remontar al siglo XVIII<\/a>. La hip\u00f3tesis m\u00e1s difundida&nbsp;supone que Carlos II, tras haber recibido un cargamento de sardinas en mal estado, las orden\u00f3 enterrar para evitar que el tufo invadiera la ciudad<a href=\"#_ftn4\"><\/a>. \u00a1\u00d1ooo, qu\u00e9 asco!<\/p>\n\n\n<div class=\"wp-block-image\">\n<figure class=\"alignright size-full is-resized\"><img loading=\"lazy\" decoding=\"async\" src=\"https:\/\/dlf.uzh.ch\/sites\/rurican\/files\/2022\/08\/D8D5D887-5428-4F1B-AC84-C45546B249D4.jpg\" alt=\"\" class=\"wp-image-340\" width=\"372\" height=\"246\" srcset=\"https:\/\/dlf.uzh.ch\/sites\/rurican\/files\/2022\/08\/D8D5D887-5428-4F1B-AC84-C45546B249D4.jpg 553w, https:\/\/dlf.uzh.ch\/sites\/rurican\/files\/2022\/08\/D8D5D887-5428-4F1B-AC84-C45546B249D4-300x198.jpg 300w\" sizes=\"auto, (max-width: 372px) 100vw, 372px\" \/><figcaption><a href=\"https:\/\/www.eltime.es\/isla-bonita\/178-municipios\/31755-los-sauces-celebra-su-entierro-de-la-sardina-con-una-exposicion-antologica-de-la-historia-de-este-emblematico-acto.html\" data-type=\"URL\" data-id=\"https:\/\/www.eltime.es\/isla-bonita\/178-municipios\/31755-los-sauces-celebra-su-entierro-de-la-sardina-con-una-exposicion-antologica-de-la-historia-de-este-emblematico-acto.html\" target=\"_blank\" rel=\"noreferrer noopener\">El Entierro de la Sardina en Los Sauces 2020.<\/a><\/figcaption><\/figure><\/div>\n\n\n<p>Por cierto,&nbsp;el&nbsp;<em>\u00f1o<\/em> es una expresi\u00f3n canaria que se suele usar para manifestar asombro o sorpresa.&nbsp;Al indagar en el origen de la palabra se encuentran dos&nbsp;<em>\u00f1os<\/em> distintos:&nbsp;por un lado, en el&nbsp;<em>Diccionario de la lengua espa\u00f1ola<\/em>&nbsp;(DLE) aparece <a rel=\"noreferrer noopener\" href=\"https:\/\/dle.rae.es\/%C3%B1o?m=form\" data-type=\"URL\" data-id=\"https:\/\/dle.rae.es\/%C3%B1o?m=form\" target=\"_blank\">una entrada sobre un <em>\u00f1o<\/em><\/a> que es fruto de una af\u00e9resis de la palabra <em>se\u00f1or<\/em> y que se usa en la Am\u00e9rica rural como forma de tratamiento, anteponi\u00e9ndola al nombre de un hombre<a href=\"#_ftn5\"><\/a>.&nbsp;Por otro,&nbsp;en el <em>Diccionario de americanismos<\/em> se halla&nbsp;otra acepci\u00f3n que se acerca m\u00e1s al&nbsp;<em>\u00f1o<\/em> palmero. En el sudeste de Estados Unidos, en Panam\u00e1 y Cuba se conoce <a href=\"https:\/\/www.asale.org\/damer\/%C2%A1%C3%B1oo!\" data-type=\"URL\" data-id=\"https:\/\/www.asale.org\/damer\/%C2%A1%C3%B1oo!\" target=\"_blank\" rel=\"noreferrer noopener\">la interjecci\u00f3n&nbsp;<em>\u00a1\u00f1oo!<\/em><\/a> como af\u00e9resis de la palabra vulgar <em>co\u00f1o<\/em>, que se usa&nbsp;para expresar \u2018admiraci\u00f3n ante la buena calidad de algo\u2019.<a href=\"#_ftn6\"><\/a>&nbsp;<\/p>\n\n\n\n<p>Pero, volviendo al Entierro de la Sardina de Los Sauces, cabe mencionar que&nbsp;la dise\u00f1adora de las sardinas es Carmen Luisa Mart\u00edn, quien, a\u00f1o tras a\u00f1o, se ocupa de encontrar un nuevo vestido&nbsp;para la sardina. Su labor es realmente espectacular. Para que vosotres mismes os pod\u00e1is asegurar de su arte, os dejo abajo una foto. Pero \u00a1\u00f1ooo, qu\u00e9 maravilla!<\/p>\n\n\n\n<p><a href=\"_ftnref5\"><\/a><\/p>\n\n\n\n<p><a href=\"_ftnref6\"><\/a><\/p>\n","protected":false},"excerpt":{"rendered":"<p>Del 27 de junio hasta el 3 de julio de 2022, un equipo de 40 personas de las universidades de Z\u00farich, Lausana y Humboldt de Berl\u00edn hizo una campa\u00f1a de encuestas para el proyecto Rurican en La Palma. Trece estudiantes de la Universidad de Z\u00farich han escrito breves testimonios del viaje: este es uno de [&hellip;]<\/p>\n","protected":false},"author":685,"featured_media":0,"comment_status":"open","ping_status":"open","sticky":false,"template":"","format":"standard","meta":{"_uag_custom_page_level_css":"","footnotes":""},"categories":[1],"tags":[13,9,8],"class_list":["post-338","post","type-post","status-publish","format-standard","hentry","category-uncategorized","tag-cultura-canaria","tag-dialectologia","tag-lexicografia"],"uagb_featured_image_src":{"full":false,"thumbnail":false,"medium":false,"medium_large":false,"large":false,"1536x1536":false,"2048x2048":false,"post-thumbnail":false},"uagb_author_info":{"display_name":"rurican","author_link":"https:\/\/dlf.uzh.ch\/sites\/rurican\/author\/rurican\/"},"uagb_comment_info":0,"uagb_excerpt":"Del 27 de junio hasta el 3 de julio de 2022, un equipo de 40 personas de las universidades de Z\u00farich, Lausana y Humboldt de Berl\u00edn hizo una campa\u00f1a de encuestas para el proyecto Rurican en La Palma. Trece estudiantes de la Universidad de Z\u00farich han escrito breves testimonios del viaje: este es uno de&hellip;","_links":{"self":[{"href":"https:\/\/dlf.uzh.ch\/sites\/rurican\/wp-json\/wp\/v2\/posts\/338","targetHints":{"allow":["GET"]}}],"collection":[{"href":"https:\/\/dlf.uzh.ch\/sites\/rurican\/wp-json\/wp\/v2\/posts"}],"about":[{"href":"https:\/\/dlf.uzh.ch\/sites\/rurican\/wp-json\/wp\/v2\/types\/post"}],"author":[{"embeddable":true,"href":"https:\/\/dlf.uzh.ch\/sites\/rurican\/wp-json\/wp\/v2\/users\/685"}],"replies":[{"embeddable":true,"href":"https:\/\/dlf.uzh.ch\/sites\/rurican\/wp-json\/wp\/v2\/comments?post=338"}],"version-history":[{"count":5,"href":"https:\/\/dlf.uzh.ch\/sites\/rurican\/wp-json\/wp\/v2\/posts\/338\/revisions"}],"predecessor-version":[{"id":376,"href":"https:\/\/dlf.uzh.ch\/sites\/rurican\/wp-json\/wp\/v2\/posts\/338\/revisions\/376"}],"wp:attachment":[{"href":"https:\/\/dlf.uzh.ch\/sites\/rurican\/wp-json\/wp\/v2\/media?parent=338"}],"wp:term":[{"taxonomy":"category","embeddable":true,"href":"https:\/\/dlf.uzh.ch\/sites\/rurican\/wp-json\/wp\/v2\/categories?post=338"},{"taxonomy":"post_tag","embeddable":true,"href":"https:\/\/dlf.uzh.ch\/sites\/rurican\/wp-json\/wp\/v2\/tags?post=338"}],"curies":[{"name":"wp","href":"https:\/\/api.w.org\/{rel}","templated":true}]}}