{"id":279,"date":"2021-12-10T11:35:11","date_gmt":"2021-12-10T11:35:11","guid":{"rendered":"https:\/\/dlf.uzh.ch\/sites\/rurican\/?p=279"},"modified":"2022-08-10T17:07:11","modified_gmt":"2022-08-10T17:07:11","slug":"cuestionario-sobre-el-habla-de-la-palma","status":"publish","type":"post","link":"https:\/\/dlf.uzh.ch\/sites\/rurican\/2021\/12\/10\/cuestionario-sobre-el-habla-de-la-palma\/","title":{"rendered":"Cuestionario sobre el habla de La Palma"},"content":{"rendered":"\n<p><\/p>\n\n\n\n<p><\/p>\n\n\n\n<p>\u00bfC\u00f3mo hablan los palmeros?<\/p>\n\n\n\n<p>Cuestionario sobre el habla de La Palma<\/p>\n\n\n\n<p>Si usted ha nacido y vive en la isla de La Palma, le agradecer\u00edamos mucho que participe en este cuestionario con el que nos ayudar\u00e1 a conocer mejor las caracter\u00edsticas del habla de los palmeros. Entre los primeros 120 participantes sortearemos 4 cestas de productos por un valor de 30 \u20ac cada una en La Recova de Santa Cruz de La Palma.<\/p>\n\n\n\n<p>Acceda al cuestionario en este <a href=\"https:\/\/www.lingexp.uni-tuebingen.de\/OnExp2\/onexp.php?username=sentaz&amp;experimentname=Patatin&amp;status=new\">enlace<\/a>.<\/p>\n\n\n<div class=\"wp-block-image\">\n<figure class=\"aligncenter size-large is-resized\"><img loading=\"lazy\" decoding=\"async\" src=\"https:\/\/dlf.uzh.ch\/sites\/rurican\/files\/2021\/12\/IMG_2605-1-768x1024.jpg\" alt=\"\" class=\"wp-image-280\" width=\"580\" height=\"773\" srcset=\"https:\/\/dlf.uzh.ch\/sites\/rurican\/files\/2021\/12\/IMG_2605-1-768x1024.jpg 768w, https:\/\/dlf.uzh.ch\/sites\/rurican\/files\/2021\/12\/IMG_2605-1-225x300.jpg 225w, https:\/\/dlf.uzh.ch\/sites\/rurican\/files\/2021\/12\/IMG_2605-1-1152x1536.jpg 1152w, https:\/\/dlf.uzh.ch\/sites\/rurican\/files\/2021\/12\/IMG_2605-1-1536x2048.jpg 1536w, https:\/\/dlf.uzh.ch\/sites\/rurican\/files\/2021\/12\/IMG_2605-1-620x827.jpg 620w, https:\/\/dlf.uzh.ch\/sites\/rurican\/files\/2021\/12\/IMG_2605-1-scaled.jpg 1920w\" sizes=\"auto, (max-width: 580px) 100vw, 580px\" \/><figcaption>Vista de la Caldera de Taburiente.<\/figcaption><\/figure><\/div>","protected":false},"excerpt":{"rendered":"<p>\u00bfC\u00f3mo hablan los palmeros? Cuestionario sobre el habla de La Palma Si usted ha nacido y vive en la isla de La Palma, le agradecer\u00edamos mucho que participe en este cuestionario con el que nos ayudar\u00e1 a conocer mejor las caracter\u00edsticas del habla de los palmeros. Entre los primeros 120 participantes sortearemos 4 cestas de [&hellip;]<\/p>\n","protected":false},"author":685,"featured_media":0,"comment_status":"open","ping_status":"open","sticky":false,"template":"","format":"standard","meta":{"_uag_custom_page_level_css":"","footnotes":""},"categories":[1],"tags":[],"class_list":["post-279","post","type-post","status-publish","format-standard","hentry","category-uncategorized"],"uagb_featured_image_src":{"full":false,"thumbnail":false,"medium":false,"medium_large":false,"large":false,"1536x1536":false,"2048x2048":false,"post-thumbnail":false},"uagb_author_info":{"display_name":"rurican","author_link":"https:\/\/dlf.uzh.ch\/sites\/rurican\/author\/rurican\/"},"uagb_comment_info":0,"uagb_excerpt":"\u00bfC\u00f3mo hablan los palmeros? Cuestionario sobre el habla de La Palma Si usted ha nacido y vive en la isla de La Palma, le agradecer\u00edamos mucho que participe en este cuestionario con el que nos ayudar\u00e1 a conocer mejor las caracter\u00edsticas del habla de los palmeros. Entre los primeros 120 participantes sortearemos 4 cestas de&hellip;","_links":{"self":[{"href":"https:\/\/dlf.uzh.ch\/sites\/rurican\/wp-json\/wp\/v2\/posts\/279","targetHints":{"allow":["GET"]}}],"collection":[{"href":"https:\/\/dlf.uzh.ch\/sites\/rurican\/wp-json\/wp\/v2\/posts"}],"about":[{"href":"https:\/\/dlf.uzh.ch\/sites\/rurican\/wp-json\/wp\/v2\/types\/post"}],"author":[{"embeddable":true,"href":"https:\/\/dlf.uzh.ch\/sites\/rurican\/wp-json\/wp\/v2\/users\/685"}],"replies":[{"embeddable":true,"href":"https:\/\/dlf.uzh.ch\/sites\/rurican\/wp-json\/wp\/v2\/comments?post=279"}],"version-history":[{"count":3,"href":"https:\/\/dlf.uzh.ch\/sites\/rurican\/wp-json\/wp\/v2\/posts\/279\/revisions"}],"predecessor-version":[{"id":317,"href":"https:\/\/dlf.uzh.ch\/sites\/rurican\/wp-json\/wp\/v2\/posts\/279\/revisions\/317"}],"wp:attachment":[{"href":"https:\/\/dlf.uzh.ch\/sites\/rurican\/wp-json\/wp\/v2\/media?parent=279"}],"wp:term":[{"taxonomy":"category","embeddable":true,"href":"https:\/\/dlf.uzh.ch\/sites\/rurican\/wp-json\/wp\/v2\/categories?post=279"},{"taxonomy":"post_tag","embeddable":true,"href":"https:\/\/dlf.uzh.ch\/sites\/rurican\/wp-json\/wp\/v2\/tags?post=279"}],"curies":[{"name":"wp","href":"https:\/\/api.w.org\/{rel}","templated":true}]}}