{"id":500,"date":"2023-02-08T14:07:41","date_gmt":"2023-02-08T14:07:41","guid":{"rendered":"https:\/\/dlf.uzh.ch\/sites\/restos-basura-sobras\/?p=500"},"modified":"2023-02-10T13:29:13","modified_gmt":"2023-02-10T13:29:13","slug":"roberto-mejias","status":"publish","type":"post","link":"https:\/\/dlf.uzh.ch\/sites\/restos-basura-sobras\/roberto-mejias\/","title":{"rendered":"Roberto Meji\u0301as"},"content":{"rendered":"\n<p><strong>Restos del proyecto moderno: aproximaci\u00f3n ecomaterialista a la presencia de la basura en la literatura Colombiana y Venezolana del siglo XXI.<\/strong>&nbsp;<\/p>\n\n\n<div class=\"wp-block-image\">\n<figure class=\"alignleft size-large is-resized\"><img loading=\"lazy\" decoding=\"async\" src=\"https:\/\/dlf.uzh.ch\/sites\/restos-basura-sobras\/files\/2023\/02\/Roberto-Meji\u0301as-682x1024.jpg\" alt=\"\" class=\"wp-image-503\" width=\"266\" height=\"399\" srcset=\"https:\/\/dlf.uzh.ch\/sites\/restos-basura-sobras\/files\/2023\/02\/Roberto-Meji\u0301as-682x1024.jpg 682w, https:\/\/dlf.uzh.ch\/sites\/restos-basura-sobras\/files\/2023\/02\/Roberto-Meji\u0301as-200x300.jpg 200w, https:\/\/dlf.uzh.ch\/sites\/restos-basura-sobras\/files\/2023\/02\/Roberto-Meji\u0301as-768x1153.jpg 768w, https:\/\/dlf.uzh.ch\/sites\/restos-basura-sobras\/files\/2023\/02\/Roberto-Meji\u0301as.jpg 1000w\" sizes=\"auto, (max-width: 266px) 100vw, 266px\" \/><\/figure>\n<\/div>\n\n\n<p>Este proyecto busca verter luz sobre el Antropoceno en Venezuela y Colombia, a partir del an\u00e1lisis de producciones literarias del presente siglo. La elecci\u00f3n del marco temporal y de los pa\u00edses responde al hecho de que en ambas literaturas se alude a problemas sociales similares a pesar de las grandes diferencias en cuanto al contexto pol\u00edtico. Mientras que Venezuela fue una de las representantes de la izquierda sudamericana durante la avanzada de la <em>marea rosa<\/em>, Colombia fue el \u00fanico pa\u00eds sin un gobierno socialista. El prop\u00f3sito del proyecto es demostrar c\u00f3mo adem\u00e1s de constituir una alegor\u00eda de la decadencia social y pol\u00edtica -como sostiene la cr\u00edtica-, la basura tambi\u00e9n expresa una preocupaci\u00f3n ecol\u00f3gica. Con esa finalidad, esta investigaci\u00f3n plantea un an\u00e1lisis literario enfocado en la basura y un estudio cualitativo de las materialidades representadas como basura en las narraciones, caracter\u00edsticas que lo enmarcan en lo que se ha dado en llamar el ecomaterialismo. Teniendo en cuenta lo anterior, la investigaci\u00f3n planteada abrir\u00eda la posibilidad de considerar los textos que conforman el corpus documentos del Antropoceno.&nbsp;&nbsp;<\/p>\n","protected":false},"excerpt":{"rendered":"<p>Restos del proyecto moderno: aproximaci\u00f3n ecomaterialista a la presencia de la basura en la literatura Colombiana y Venezolana del siglo XXI.&nbsp; Este proyecto busca verter&hellip;<\/p>\n","protected":false},"author":581,"featured_media":503,"comment_status":"open","ping_status":"open","sticky":false,"template":"","format":"standard","meta":{"footnotes":""},"categories":[1],"tags":[],"class_list":["post-500","post","type-post","status-publish","format-standard","has-post-thumbnail","hentry","category-red-extendida"],"_links":{"self":[{"href":"https:\/\/dlf.uzh.ch\/sites\/restos-basura-sobras\/wp-json\/wp\/v2\/posts\/500","targetHints":{"allow":["GET"]}}],"collection":[{"href":"https:\/\/dlf.uzh.ch\/sites\/restos-basura-sobras\/wp-json\/wp\/v2\/posts"}],"about":[{"href":"https:\/\/dlf.uzh.ch\/sites\/restos-basura-sobras\/wp-json\/wp\/v2\/types\/post"}],"author":[{"embeddable":true,"href":"https:\/\/dlf.uzh.ch\/sites\/restos-basura-sobras\/wp-json\/wp\/v2\/users\/581"}],"replies":[{"embeddable":true,"href":"https:\/\/dlf.uzh.ch\/sites\/restos-basura-sobras\/wp-json\/wp\/v2\/comments?post=500"}],"version-history":[{"count":2,"href":"https:\/\/dlf.uzh.ch\/sites\/restos-basura-sobras\/wp-json\/wp\/v2\/posts\/500\/revisions"}],"predecessor-version":[{"id":513,"href":"https:\/\/dlf.uzh.ch\/sites\/restos-basura-sobras\/wp-json\/wp\/v2\/posts\/500\/revisions\/513"}],"wp:featuredmedia":[{"embeddable":true,"href":"https:\/\/dlf.uzh.ch\/sites\/restos-basura-sobras\/wp-json\/wp\/v2\/media\/503"}],"wp:attachment":[{"href":"https:\/\/dlf.uzh.ch\/sites\/restos-basura-sobras\/wp-json\/wp\/v2\/media?parent=500"}],"wp:term":[{"taxonomy":"category","embeddable":true,"href":"https:\/\/dlf.uzh.ch\/sites\/restos-basura-sobras\/wp-json\/wp\/v2\/categories?post=500"},{"taxonomy":"post_tag","embeddable":true,"href":"https:\/\/dlf.uzh.ch\/sites\/restos-basura-sobras\/wp-json\/wp\/v2\/tags?post=500"}],"curies":[{"name":"wp","href":"https:\/\/api.w.org\/{rel}","templated":true}]}}