{"id":278,"date":"2022-03-09T10:47:02","date_gmt":"2022-03-09T10:47:02","guid":{"rendered":"https:\/\/dlf.uzh.ch\/sites\/restos-basura-sobras\/?p=278"},"modified":"2022-03-15T18:21:53","modified_gmt":"2022-03-15T18:21:53","slug":"adriana-lopez-labourdette","status":"publish","type":"post","link":"https:\/\/dlf.uzh.ch\/sites\/restos-basura-sobras\/adriana-lopez-labourdette\/","title":{"rendered":"Adriana L\u00f3pez-Labourdette"},"content":{"rendered":"\n<p><strong>Memorias residuales. Restos y rastros en los trabajos mnem\u00f3nicos posesclavistas contempor\u00e1neas en el Caribe y sus di\u00e1sporas<\/strong><\/p>\n\n\n\n<p>Este proyecto estudia una serie de objetos est\u00e9ticos caribe\u00f1os \u2013principalmente literatura e instalaci\u00f3n\/performance\u2013 producidos en las \u00faltimas d\u00e9cadas, interrogando los mecanismos y recursos est\u00e9ticos a trav\u00e9s de los cuales se disparan, figuran y llevan adelante trabajos de memoria en torno a la esclavitud. Partiendo de la idea de William John Mitchell de la esclavitud como \u201cestorbo de memoria\u201d que impide la recuperaci\u00f3n \u2013interrumpe la narraci\u00f3n\u2013 del pasado y apoy\u00e1ndome en los estudios mnem\u00f3nicos y su reciente giro poscolonial as\u00ed como en las teor\u00edas sobre materialidad, me interesa estudiar los modos en que estas memorias (pos)esclavistas hacen uso de materialidades residuales, fragmentos de documentos, despojos de historias, de archivos inexistentes o ahuecados, etc. para llevar adelante procesos de memoria. En juego est\u00e1n las temporalidades y las visualidades que dichas residualidades traen consigo, las estrategias para hacer visible lo que ciertas pol\u00edticas mnem\u00f3nicas invisibilizan y los modos en que hacen presente un tiempo fuera del tiempo, algo que se resiste a ser pasado, a pasar. En juego est\u00e1n tambi\u00e9n los dispositivos \u2013medios de la memoria: lugares de memoria, archivos, museos, etc.\u2013 as\u00ed como los procesos asociados a estos: selecci\u00f3n, asentamiento, clasificaci\u00f3n, unificaci\u00f3n, en tensi\u00f3n con procesos de atiborramiento, movilizaci\u00f3n, fragmentaci\u00f3n, desorganizaci\u00f3n y desborde.<\/p>\n\n\n\n<figure class=\"wp-block-image\"><img decoding=\"async\" src=\"https:\/\/static.wixstatic.com\/media\/d83b45_bd45d2e731c8470abe38923fe9eb5ea0~mv2.jpg\/v1\/fill\/w_806,h_600,al_c,q_85,usm_0.66_1.00_0.01\/Lora%20Cinco%20car-rosas%20para%20la%20historia%2019.jpg\" alt=\"Lora Cinco car-rosas para la historia 19\" \/><figcaption>Cinco carrozas para la historia (Marcos Lora Read), 1991<\/figcaption><\/figure>\n\n\n\n<figure class=\"wp-block-image\"><img decoding=\"async\" src=\"https:\/\/static.wixstatic.com\/media\/d83b45_638d8d3c2c9f42889b8dd6e11f4b3f56~mv2_d_3504_2512_s_4_2.jpg\/v1\/fill\/w_836,h_600,al_c,q_85,usm_0.66_1.00_0.01\/P%C3%A9rez_quien_los_paga.jpg\" alt=\"P\u00e9rez_quien_los_paga.jpg\" \/><figcaption>\u00bfQui\u00e9n los paga? (Douglas P\u00e9rez), 2015<\/figcaption><\/figure>\n\n\n\n<p><strong>Est\u00e9ticas del vertedero. Contagio, expansi\u00f3n y desborde en pr\u00e1cticas culturales latinoamericanas contempor\u00e1neas<\/strong><\/p>\n\n\n\n<p>Esta investigaci\u00f3n se enfoca en la gesti\u00f3n est\u00e9tica de y en los vertederos en una serie de obras producidas en Am\u00e9rica Latina y el Caribe a partir de la d\u00e9cada del noventa. Para ello propongo un examen basado de tres interrogantes centrales: los modos de representaci\u00f3n de los vertederos, la puesta en tensi\u00f3n con su correlato espacial, el territorio de producci\u00f3n y consumo y, por \u00faltimo, los v\u00ednculos entre \u201cestetizaci\u00f3n de la basura\u201d y \u201cbasurizaci\u00f3n del arte\u201d. En di\u00e1logo con algunos de las propuestas te\u00f3ricas en torno a la basura, a la ecocr\u00edtica, y a la producci\u00f3n y apropiaci\u00f3n de espacios,&nbsp;Est\u00e9ticas del vertederoadvierte el paso de una est\u00e9tica de la separaci\u00f3n&nbsp;(el basurero como un m\u00e1s all\u00e1, delimitado, narrable y controlable)&nbsp;a una de la contaminaci\u00f3n, generada por una dislocaci\u00f3n y una incontinencia. Aqu\u00ed, los vertederos han dejado de ser los espacios donde la basura se pone a distancia de la vida social y est\u00e9tica, para convertirse en territorios contagiosos y expansivos.<\/p>\n\n\n\n<figure class=\"wp-block-image\"><img decoding=\"async\" src=\"https:\/\/static.wixstatic.com\/media\/d83b45_37a6d916024943f79cdefc80623e33a2~mv2.jpg\/v1\/fill\/w_669,h_494,al_c,lg_1,q_80\/Sanchez%20Tomas%20Hombre%20Crucificado%201992_jp.jpg\" alt=\"Sanchez Tomas Hombre Crucificado 1992.jp\" \/><figcaption>Hombre crucificado en el basurero(Tom\u00e1s S\u00e1nchez), 1992<\/figcaption><\/figure>\n\n\n\n<figure class=\"wp-block-image\"><img decoding=\"async\" src=\"https:\/\/static.wixstatic.com\/media\/d83b45_12c1fae6855c4c1f88722945d502b228~mv2.jpg\/v1\/fill\/w_414,h_559,al_c,lg_1,q_80\/Imagen-estamira-poster.jpg\" alt=\"Imagen-estamira-poster.jpg\" \/><figcaption>Estamira (Marcos Prado), 2004<\/figcaption><\/figure>\n\n\n\n<p><strong>Nota biobibliogr\u00e1fica<\/strong><\/p>\n\n\n\n<p>Desde 2020<strong> Adriana L\u00f3pez-Labourdette <\/strong>se desempe\u00f1a como profesora titular de literatura y cultura latinoamericana en la Universidad de Z\u00fcrich. Ha sido profesora asistente en la Universidad de Berna (2016-2020), y anteriormente, profesora invitada en varias universidades latinoamericanas y europeas. En t\u00e9rminos generales, su investigaci\u00f3n ha girado en torno a las producciones art\u00edsticas latinoamericanas contempor\u00e1neas y vinculan los estudios filol\u00f3gicos y los estudios culturales. Actualmente, sus proyectos se centran en temas como cuerpos extra\/ordinarios, vocalidad y pol\u00edtica, residualidades, estudios animales y culturas de la memoria.<\/p>\n\n\n\n<p>Es autora de <em>Esa moneda que no es nunca la misma. Jorge Luis Borges y el canon literario <\/em>(Olms, 2008), y <em>El retorno del monstruo. Figuraciones de lo monstruoso en la literatura hisp\u00e1nica contempor\u00e1nea<\/em>, que ser\u00e1 publicado en mayo de 2022 por la editorial Corregidor (Argentina). Ha co-ordinado\/editado los vol\u00famenes colectivos <em>Disonancias americanas <\/em>(con Valeria Wagner, 2011), <em>Pa(i)sajes urbanos <\/em>(con Ariel Camejo, 2015), <em>Des\/memorias. Culturas y pr\u00e1cticas mnem\u00f3nicas en Am\u00e9rica Latina y el Caribe<\/em> (con Valeria Wagner y Silvia Spitta, 2016), <em>Cuerpos extra\/ordinarios. Discursos y pr\u00e1cticas som\u00e1ticas en Am\u00e9rica Latina<\/em> <em>y Espa\u00f1a<\/em> (con Cornelia Sieber y Claudia Gronemann, 2017) y <em>Volver. Imaginarios del retorno de y a Am\u00e9rica Latina<\/em>. (con Valeria Wagner y Daniel Bengsch, 2019). El volumen <em>Sobras espectrales: tratamientos est\u00e9tico-pol\u00edticos de los residuos<\/em>, resultado del proyecto \u201cLiterary and esthetic management of surplus \/ waste \/ remains\u201d ser\u00e1 publicado en 2022.<\/p>\n\n\n\n<p><strong>Publicaciones relacionadas con el proyecto<\/strong><\/p>\n\n\n\n<ul class=\"wp-block-list\"><li>\u201cMemorias residuales. Reflexiones en torno a trabajos de memoria posesclavista en la obra de Mar\u00eda Magdalena Campos Pons y de Beatriz Berrocal\u201d.&nbsp;<em>Revista A contracorriente<\/em>, 2019.&nbsp;<\/li><li>\u201cEst\u00e9ticas del vertedero. Contagio, expansi\u00f3n y desborde en pr\u00e1cticas culturales latinoamericanas contempor\u00e1neas\u201d.&nbsp;<em>Revista Iberoamericana<\/em>. Am\u00e9rica Latina \u2013 Espa\u00f1a \u2013 Portugal. Dossier. Exner, Isabel \/ G\u00f3mez-Popescu, Liliana (eds.).<\/li><li>\u201cEst\u00e9ticas sucias y arte-basura. Repensar desechos, residuos y contaminaci\u00f3n en las formaciones culturales de Am\u00e9rica Latina\u201d, 2018.<\/li><li>\u201cMemorias del vestigio. Articulaciones de la memoria posesclavista en el Caribe Hispano\u201d.&nbsp;<em>Reshaping (g)local Dynamics of the Caribbean<\/em>. Heidelberg: heiUP, 2018.<\/li><li>\u201cRestos, excedentes, basura: gestiones literarias y est\u00e9ticas de lo residual\u201d.&nbsp;<em>Mitolog\u00edas hoy<\/em>. Dossier. L\u00f3pez-Labourdette, Adriana \/&nbsp;Quintana, Isabel&nbsp;\/ Wagner, Valeria (eds.),&nbsp;2018.<\/li><li>\u201cZona zombi: contaminaci\u00f3n, ambivalencia y espectralidad del monstruo caribe\u00f1o contempor\u00e1neo\u201d.&nbsp;<em>Revista Iberoamericana<\/em>, 2018.<\/li><li>\u201cUna&nbsp;\u2018memoria que se atiborra\u2019. Trauma, rastros y narrativas mnem\u00f3nicas posesclavistas en la obra de Marco Lora Read y de Roberto Burgos Cantor\u201d.&nbsp;<em>Revista Zama<\/em>, Vol 9, no. 9, 2017.&nbsp;<\/li><\/ul>\n","protected":false},"excerpt":{"rendered":"<p>Memorias residuales. Restos y rastros en los trabajos mnem\u00f3nicos posesclavistas contempor\u00e1neas en el Caribe y sus di\u00e1sporas Este proyecto estudia una serie de objetos est\u00e9ticos&hellip;<\/p>\n","protected":false},"author":581,"featured_media":290,"comment_status":"closed","ping_status":"closed","sticky":false,"template":"","format":"standard","meta":{"footnotes":""},"categories":[5],"tags":[],"class_list":["post-278","post","type-post","status-publish","format-standard","has-post-thumbnail","hentry","category-proyecto-leading-house"],"_links":{"self":[{"href":"https:\/\/dlf.uzh.ch\/sites\/restos-basura-sobras\/wp-json\/wp\/v2\/posts\/278","targetHints":{"allow":["GET"]}}],"collection":[{"href":"https:\/\/dlf.uzh.ch\/sites\/restos-basura-sobras\/wp-json\/wp\/v2\/posts"}],"about":[{"href":"https:\/\/dlf.uzh.ch\/sites\/restos-basura-sobras\/wp-json\/wp\/v2\/types\/post"}],"author":[{"embeddable":true,"href":"https:\/\/dlf.uzh.ch\/sites\/restos-basura-sobras\/wp-json\/wp\/v2\/users\/581"}],"replies":[{"embeddable":true,"href":"https:\/\/dlf.uzh.ch\/sites\/restos-basura-sobras\/wp-json\/wp\/v2\/comments?post=278"}],"version-history":[{"count":2,"href":"https:\/\/dlf.uzh.ch\/sites\/restos-basura-sobras\/wp-json\/wp\/v2\/posts\/278\/revisions"}],"predecessor-version":[{"id":375,"href":"https:\/\/dlf.uzh.ch\/sites\/restos-basura-sobras\/wp-json\/wp\/v2\/posts\/278\/revisions\/375"}],"wp:featuredmedia":[{"embeddable":true,"href":"https:\/\/dlf.uzh.ch\/sites\/restos-basura-sobras\/wp-json\/wp\/v2\/media\/290"}],"wp:attachment":[{"href":"https:\/\/dlf.uzh.ch\/sites\/restos-basura-sobras\/wp-json\/wp\/v2\/media?parent=278"}],"wp:term":[{"taxonomy":"category","embeddable":true,"href":"https:\/\/dlf.uzh.ch\/sites\/restos-basura-sobras\/wp-json\/wp\/v2\/categories?post=278"},{"taxonomy":"post_tag","embeddable":true,"href":"https:\/\/dlf.uzh.ch\/sites\/restos-basura-sobras\/wp-json\/wp\/v2\/tags?post=278"}],"curies":[{"name":"wp","href":"https:\/\/api.w.org\/{rel}","templated":true}]}}