{"id":264,"date":"2022-02-15T18:42:50","date_gmt":"2022-02-15T18:42:50","guid":{"rendered":"https:\/\/dlf.uzh.ch\/sites\/restos-basura-sobras\/?p=264"},"modified":"2022-03-09T12:36:20","modified_gmt":"2022-03-09T12:36:20","slug":"adan-vallecillo-danli","status":"publish","type":"post","link":"https:\/\/dlf.uzh.ch\/sites\/restos-basura-sobras\/adan-vallecillo-danli\/","title":{"rendered":"Ad\u00e1n Vallecillo Danl\u00ed"},"content":{"rendered":"\n<p>Honduras (1977). Es artista Visual y curador Independiente. Realiz\u00f3 estudios de Sociolog\u00eda y Arte en Tegucigalpa y San Juan, Puerto Rico. El \u00e9nfasis de su pr\u00e1ctica gira en torno al intercambio colectivo entre artistas y apunta a generar plataformas de producci\u00f3n y discusi\u00f3n abiertas a partir de &nbsp;experiencias, conocimientos y aportes que faciliten y fortalezcan estrategias de trabajo autosuficiente y responsable con las comunidades donde se desarrollan.<\/p>\n\n\n\n<p>En ese sentido, tiene como prioridad incentivar la colaboraci\u00f3n entre pares, en lo que se refiere a la conceptualizaci\u00f3n y emplazamiento de las propuestas, sean estas en lugares p\u00fablicos, centros culturales, galer\u00edas o museos. La mayor\u00eda de sus proyectos, involucran artistas de la regi\u00f3n centroamericana que buscan activar y consolidar redes de amistad alrededor de la solidaridad cr\u00edtica.<\/p>\n\n\n\n<figure class=\"wp-block-image size-large is-resized\"><img loading=\"lazy\" decoding=\"async\" src=\"https:\/\/dlf.uzh.ch\/sites\/restos-basura-sobras\/files\/2021\/06\/AV-Topografia-2011-1024x681.jpg\" alt=\"\" class=\"wp-image-124\" width=\"744\" height=\"494\" srcset=\"https:\/\/dlf.uzh.ch\/sites\/restos-basura-sobras\/files\/2021\/06\/AV-Topografia-2011-1024x681.jpg 1024w, https:\/\/dlf.uzh.ch\/sites\/restos-basura-sobras\/files\/2021\/06\/AV-Topografia-2011-300x200.jpg 300w, https:\/\/dlf.uzh.ch\/sites\/restos-basura-sobras\/files\/2021\/06\/AV-Topografia-2011-768x511.jpg 768w, https:\/\/dlf.uzh.ch\/sites\/restos-basura-sobras\/files\/2021\/06\/AV-Topografia-2011.jpg 1200w\" sizes=\"auto, (max-width: 744px) 100vw, 744px\" \/><figcaption>Topograf\u00eda de Ad\u00e1n Valecillo Danl\u00ed<\/figcaption><\/figure>\n\n\n\n<p>Ha coordinado exhibiciones, Talleres y Proyectos de Arte P\u00fablico como (a partir del 2010):<\/p>\n\n\n\n<p><em>Ingesta<\/em>, Teor\u00e9tica, San Jos\u00e9, Costa Rica, 2019<\/p>\n\n\n\n<p><em>Golpe #10<\/em>, La C\u00e1sula Zurich y Dierviertel, Berna, Suiza, 2019<\/p>\n\n\n\n<p><em>Reuni\u00f3n<\/em>-Amapala, Isla del Tigre y Exposici\u00f3n, Honduras, 2018<\/p>\n\n\n\n<p><em>Reuni\u00f3n<\/em>-La Tigra, Loma Alta, Santa Luc\u00eda y Tegucigalpa, 2018<\/p>\n\n\n\n<p>Fue tutor de los <em>Talleres Trampol\u00edn<\/em>, Ciudad de Panam\u00e1, Panam\u00e1, 2018<\/p>\n\n\n\n<p>&#8211;<em>Rurbana<\/em>, Evento de arte p\u00fablico, San Salvador, El Salvador, 2016.<\/p>\n\n\n\n<p>Co-curadur\u00eda <em>Bienal del Istmo Centroamericano<\/em>&#8211; San Jos\u00e9, Costa Rica 2016<\/p>\n\n\n\n<p><em>+\/- Esperanza. Muestra de arte contempor\u00e1neo de Latinoam\u00e9rica<\/em> \u2013 Museo de Arte -y Dise\u00f1o Contempor\u00e1neo, San Jos\u00e9, Costa Rica, 2010.<\/p>\n\n\n\n<p>Entre sus publicaciones se encuentran varios ensayos para libros y revistas como: Remains \u2013 Tomorrow: Themes in Contemporary Latin American Abstraction de Cecilia Fajardo-Hill, 2019, Lenguajes Contempor\u00e1neos desde Centroam\u00e9rica, de la autora Luisa Fuentes (Espa\u00f1a) 2012, Revista Rara (San Salvador) El Ojo de Adrian, (San Salvador), Arteam\u00e9rica (La Habana), Dawire (U.S.A). Es compilador &nbsp;del libro La otra tradici\u00f3n: <em>Un encuentro con el arte contempor\u00e1neo en Honduras<\/em>, publicado en septiembre de 2011.<\/p>\n\n\n\n<p><\/p>\n","protected":false},"excerpt":{"rendered":"<p>Honduras (1977). Es artista Visual y curador Independiente. Realiz\u00f3 estudios de Sociolog\u00eda y Arte en Tegucigalpa y San Juan, Puerto Rico. El \u00e9nfasis de su&hellip;<\/p>\n","protected":false},"author":676,"featured_media":310,"comment_status":"open","ping_status":"open","sticky":false,"template":"","format":"standard","meta":{"footnotes":""},"categories":[1],"tags":[],"class_list":["post-264","post","type-post","status-publish","format-standard","has-post-thumbnail","hentry","category-red-extendida"],"_links":{"self":[{"href":"https:\/\/dlf.uzh.ch\/sites\/restos-basura-sobras\/wp-json\/wp\/v2\/posts\/264","targetHints":{"allow":["GET"]}}],"collection":[{"href":"https:\/\/dlf.uzh.ch\/sites\/restos-basura-sobras\/wp-json\/wp\/v2\/posts"}],"about":[{"href":"https:\/\/dlf.uzh.ch\/sites\/restos-basura-sobras\/wp-json\/wp\/v2\/types\/post"}],"author":[{"embeddable":true,"href":"https:\/\/dlf.uzh.ch\/sites\/restos-basura-sobras\/wp-json\/wp\/v2\/users\/676"}],"replies":[{"embeddable":true,"href":"https:\/\/dlf.uzh.ch\/sites\/restos-basura-sobras\/wp-json\/wp\/v2\/comments?post=264"}],"version-history":[{"count":2,"href":"https:\/\/dlf.uzh.ch\/sites\/restos-basura-sobras\/wp-json\/wp\/v2\/posts\/264\/revisions"}],"predecessor-version":[{"id":323,"href":"https:\/\/dlf.uzh.ch\/sites\/restos-basura-sobras\/wp-json\/wp\/v2\/posts\/264\/revisions\/323"}],"wp:featuredmedia":[{"embeddable":true,"href":"https:\/\/dlf.uzh.ch\/sites\/restos-basura-sobras\/wp-json\/wp\/v2\/media\/310"}],"wp:attachment":[{"href":"https:\/\/dlf.uzh.ch\/sites\/restos-basura-sobras\/wp-json\/wp\/v2\/media?parent=264"}],"wp:term":[{"taxonomy":"category","embeddable":true,"href":"https:\/\/dlf.uzh.ch\/sites\/restos-basura-sobras\/wp-json\/wp\/v2\/categories?post=264"},{"taxonomy":"post_tag","embeddable":true,"href":"https:\/\/dlf.uzh.ch\/sites\/restos-basura-sobras\/wp-json\/wp\/v2\/tags?post=264"}],"curies":[{"name":"wp","href":"https:\/\/api.w.org\/{rel}","templated":true}]}}