{"id":796,"date":"2022-04-26T08:13:18","date_gmt":"2022-04-26T06:13:18","guid":{"rendered":"https:\/\/dlf.uzh.ch\/sites\/pigmentedernachhaltigkeit\/?p=796"},"modified":"2022-05-18T12:57:22","modified_gmt":"2022-05-18T10:57:22","slug":"weshalb-die-verdraengung","status":"publish","type":"post","link":"https:\/\/dlf.uzh.ch\/sites\/pigmentedernachhaltigkeit\/2022\/04\/26\/weshalb-die-verdraengung\/","title":{"rendered":"Weshalb die Verdr\u00e4ngung?"},"content":{"rendered":"\n<p>Heute wer\u00adden Tex\u00adtilien fast nur noch mit syn\u00adthetis\u00adchen Farb\u00adstof\u00adfen gef\u00e4rbt. L\u00e4sst sich der \u00dcber\u00adgang vom F\u00e4r\u00adben mit nat\u00fcr\u00adlichen Farb\u00adstof\u00adfen hin zum F\u00e4r\u00adben mit syn\u00adthetis\u00adchen Far\u00adben so ein\u00adfach erk\u00adl\u00e4ren wie \u201csyn\u00adthetis\u00adche Farb\u00adstoffe sind bil\u00adliger und besser\u201d?<\/p>\n\n\n\n<figure class=\"wp-block-audio\"><audio controls src=\"https:\/\/dlf.uzh.ch\/sites\/pigmentedernachhaltigkeit\/files\/2022\/05\/externe_Bedingungen_hochladen.mp3\"><\/audio><figcaption><em>\u00c4ussere Bedin\u00adgun\u00adgen und Repro\u00adduzier\u00adbarkeit der Farbt\u00f6ne (Auss\u00adchnitt aus dem Gespr\u00e4ch mit Agniesz\u00adka Wo\u015b Jucker)<\/em><\/figcaption><\/figure>\n\n\n\n<h2 class=\"wp-block-heading\">Nachteile vom F\u00e4rberpflanzen-Handel (anhand vom Krapp-Beispiel)<\/h2>\n\n\n\n<ul class=\"wp-block-list\"><li><strong>Aufwendi\u00adger Anbau und Ernte<\/strong>: Anbau, Pflege und Ernte von Krapp ben\u00f6ti\u00adgen viel Zeit, Arbeit\u00adskraft (z.B. Hil\u00adf\u00adsar\u00adbei\u00adt\u00adende), Ressourcen (z.B. viel D\u00fcnger und Wass\u00ader, gross\u00ades Startkap\u00adi\u00adtal n\u00f6tig) und Boden. Auch die Auf\u00adbere\u00aditung der Ernte ist arbeitsin\u00adten\u00adsiv. Effiziente Dreifelder\u00adwirtschaft ist oft nicht m\u00f6glich, weil z.B. Krap\u00adp\u00adwurzeln erst nach 2\u20137 Jahre geern\u00adtet werden.<\/li><li><strong>Abh\u00e4ngig von \u00e4usseren Bedin\u00adgun\u00adgen<\/strong> (z.B. Kli\u00adma): \u00c4ussere Bedin\u00adgun\u00adgen bee\u00adin\u00adflussen Qual\u00adit\u00e4t (und Quan\u00adtit\u00e4t) vom Krapp. Z.B. der Boden kann unter\u00adschiedlich gut sein, woraus unter\u00adschiedliche Qual\u00adit\u00e4ten von Krapp entsprin\u00adgen, die unter\u00adschiedliche Farbt\u00f6ne ergeben. D.h. am Schluss ist auch der genaue Farbton abh\u00e4ngig von etwas eher Unkon\u00adtrol\u00adlier\u00adbarem wie dem&nbsp;Boden.<\/li><li><strong>Farb\u00adstoffe dienen keinem Grundbed\u00fcrf\u00adnis, sind somit ein riskantes Han\u00addelsgut und <strong>beset\u00adzten land\u00adwirtschaftlichen Boden<\/strong>:<\/strong> Ver\u00admis\u00adchung von Getrei\u00adde- und F\u00e4r\u00adberpflanzenan\u00adbau erwies sich nicht als prak\u00adtik\u00ada\u00adbel. Im Zweifels\u00adfall hat\u00adte Getrei\u00adde Vor\u00adrang. 1878 liefer\u00adten Fab\u00adriken z.B. dieselbe Menge (k\u00fcn\u00adstlichen) Alizarins wie 10 Jahre zuvor mit Krap\u00adp\u00adwurzeln gewon\u00adnen wurde. Dadurch kon\u00adnten \u00ab300\u2013400000 Mor\u00adgen Land\u00bb wieder f\u00fcr Getrei\u00addean\u00adbau ver\u00adwen\u00addet wer\u00adden. Anders als bei Grundbed\u00fcrf\u00adnis-G\u00fctern schwank\u00adte die Nach\u00adfrage f\u00fcr Krapp stark. Daher war eine Investi\u00adtion in den Krap\u00adpan\u00adbau mit Risiko ver\u00adbun\u00adden. F\u00fcr k\u00fcn\u00adstliche Farb\u00adstoffe hinge\u00adgen braucht man weniger Boden bzw. kann Boden effizien\u00adter nutzen (weil z.B. Steinkohlen\u00adteer zun\u00e4chst ein \u00abAbfall\u00adstoff\u00bb bei Leucht\u00adgash\u00ader\u00adstel\u00adlung&nbsp;war).<\/li><li><strong>Keine anpas\u00adsungs\u00adf\u00e4hige, flex\u00adi\u00adble Mark\u00adt\u00adstruk\u00adturen<\/strong>: Vorindus\u00adtrielle Mark\u00adt\u00adstruk\u00adturen (Krapp\u00adbauern, kleine Kau\u00adfleute, kleine Unternehmen) waren nicht sehr anpas\u00adsungs\u00adf\u00e4hig und flex\u00adi\u00adbel (wie z.B. mod\u00aderne Unternehmen) und kon\u00adnten deshalb Risiken schlechter abfed\u00adern. F\u00fcr sie war es schwieriger dem wirtschaftlichen Wan\u00addel zu fol\u00adgen. Daher waren sie entwed\u00ader dem Unter\u00adgang gewei\u00adht oder mussten sich neu organ\u00adisieren (wie z.B. auf Extrak\u00adtion auswe\u00adichen). <a href=\"https:\/\/dlf.uzh.ch\/sites\/pigmentedernachhaltigkeit\/2022\/04\/26\/weshalb-die-verdraengung\/\" data-type=\"post\" data-id=\"796\" target=\"_blank\" rel=\"noreferrer noopener\">(Mehr dazu)<\/a><\/li><li><strong>Inno\u00adva\u00adtion<\/strong>: Bei Preis\u00addruck ver\u00adschlechtere oft die Qual\u00adit\u00e4t von nat\u00fcr\u00adlichen Farb\u00adstof\u00adfen, weil Inno\u00adva\u00adtio\u00adnen aufwendig waren. Krapp\u00adbauern hat\u00adten meis\u00adtens keine \u00fcbri\u00adgen Ressourcen daf\u00fcr und Kau\u00adfleute oft kein Inter\u00adesse daran, da sie schnell auf andere rentablere G\u00fcter umsteigen kon\u00adnten. Wenn die Qual\u00adit\u00e4t sank, dann sanken die Absatzchan\u00adcen noch weit\u00ader. D.h. Inno\u00adva\u00adtio\u00adnen w\u00e4ren wichtig f\u00fcr eine sta\u00adbile Mark\u00adt\u00adf\u00e4higkeit, in diesen Struk\u00adturen aber schwierig.<\/li><li><strong>Natur gibt die Far\u00adben vor: <\/strong>Mehr oder weniger gegebene Natur\u00adpro\u00adduk\u00adte im Ver\u00adgle\u00adich zu ver\u00e4n\u00adder\u00adbaren, anpas\u00adsungs\u00adf\u00e4hi\u00adgen Teerfarben.<\/li><li><strong>Import<\/strong>: Zus\u00e4t\u00adzlich zu den neuen Erfind\u00adun\u00adgen der Far\u00adbenin\u00addus\u00adtrie war der Import von nat\u00fcr\u00adlichen Farb\u00adstof\u00adfen aus dem <em>\u201cOri\u00adent\u201d<\/em> (damit sind i.d.R. geo\u00adgraphis\u00adche Orte leichter, sodass im Buch der Erfind\u00adun\u00adgen um 1897 die deutsche F\u00e4r\u00adberpflanzenkul\u00adtur bere\u00adits zu den his\u00adtorischen Erin\u00adnerun\u00adgen gez\u00e4hlt wird. (<em>\u201cOri\u00adent\u201d<\/em> ste\u00adht hier kur\u00adsiv und in Anf\u00fchrungsstrichen, da es in der Lit\u00ader\u00adatur so genan\u00adnt wird. Es ist keine klare geo\u00adgraphis\u00adche Angabe, son\u00addern eher ein Kon\u00adstrukt, das sich \u00fcber die Zeit gewan\u00addelt&nbsp;hat.)<\/li><li>\u2026<\/li><\/ul>\n\n\n\n<h2 class=\"wp-block-heading\">Vorteile vom Handel mit synthetischen Farbstoffen<\/h2>\n\n\n\n<ul class=\"wp-block-list\"><li><strong>Schnelle Pro\u00adduk\u00adtion<\/strong>: Syn\u00adthetis\u00adches Alizarin kon\u00adnte sehr schnell hergestellt wer\u00adden im Ver\u00adgle\u00adich zu nat\u00fcr\u00adlichem. Der Rohstoff muss nicht zuerst jahre\u00adlang wach\u00adsen, gepflegt und geern\u00adtet wer\u00adden. Steinkohle muss zwar schon \u00fcber Mil\u00adlio\u00adnen Jahre wach\u00adsen und entste\u00adhen, ist aber heute als brauch\u00adbare Ressource vorhan\u00adden. Betr\u00ade\u00adf\u00adfend Nach\u00adhaltigkeit sind die bei\u00adden Ressourcen nochmals neu gegeneinan\u00adder abzuw\u00e4\u00adgen. Aber betr\u00ade\u00adf\u00adfend schnelle Pro\u00adduk\u00adtion ist eine schon vorhan\u00addene Ressource ein Pull-Faktor.<\/li><li><strong>Ver\u00e4n\u00adder\u00adbare, exper\u00adi\u00admen\u00adtier\u00adf\u00e4hige Pro\u00adduk\u00adte: <\/strong>Da syn\u00adthetis\u00adche Farb\u00adstoffe per Def\u00adi\u00adn\u00adi\u00adtion im Labor hergestellt wer\u00adden, kann man auch ein\u00adfach\u00ader an ihrer Zusam\u00admenset\u00adzung \u00abherum\u00addrehen\u00bb und sieht die Ergeb\u00adnisse rel\u00ada\u00adtiv schnell. Sie sind also \u00abexper\u00adi\u00admen\u00adtier\u00adf\u00e4higer\u00bb als Natur\u00adpro\u00adduk\u00adte. In den 1860er ent\u00adstanden viele neue syn\u00adthetis\u00adche Farb\u00adstoffe. Einige von ihnen hat\u00adten nur ein kurzes Aufleben, da sie keine opti\u00admalen Eigen\u00adschaften besassen. Andere waren von Anfang an sehr gut brauch\u00adbar und wieder andere wur\u00adden weit\u00ader und weit\u00ader entwick\u00adelt, sodass heute syn\u00adthetis\u00adche Farb\u00adstoffe defin\u00adi\u00adtiv mit besseren Eigen\u00adschaften aus\u00adges\u00adtat\u00adtet sind als nat\u00fcrliche.<\/li><li><strong>Bre\u00adite Farb\u00adpalette, Trichromie, anpas\u00adsungs\u00adf\u00e4hige Pro\u00adduk\u00adte<\/strong>: Syn\u00adthetis\u00adche Farb\u00adstoffe kann man ein\u00adfach\u00ader in einem F\u00e4r\u00adber\u00adbad mis\u00adchen bzw. man kann sie im Vgl. zu eini\u00adgen Kom\u00adbi\u00adna\u00adtio\u00adnen von Natur\u00adfarb\u00adstof\u00adfen \u00fcber\u00adhaupt zusam\u00admen mis\u00adchen. Und genau diese F\u00e4higkeit erlaubt es mit drei prim\u00e4ren Far\u00adben (rot, blau, gelb) alle m\u00f6glichen Far\u00adben zu \u00abermis\u00adchen\u00bb. Dieses Prinzip nen\u00adnt sich Trichromie. Es ist das\u00adselbe Prinzip, das beispiel\u00adsweise far\u00adbige Fotografie, far\u00adbiges Fernse\u00adhen oder mod\u00adernes, far\u00adbiges Druck\u00aden erlaubt. The\u00ado\u00adretisch w\u00e4re Trichromie bei Natur\u00adfarb\u00adstof\u00adfen vielle\u00adicht auch m\u00f6glich, aber defin\u00adi\u00adtiv schwierig. Syn\u00adthetis\u00adche Farb\u00adstoffe erlauben es, Nuan\u00adcen herzustellen, die man nicht von der Natur erre\u00adichen bzw. repro\u00adduzieren kann. Im Ver\u00adgle\u00adich zu Natur\u00adfarb\u00adstof\u00adfen sind sie also sehr flex\u00adi\u00adbel und an W\u00fcnsche\/Nachfrage anpas\u00adsungs\u00adf\u00e4hig. F\u00fcr die mod\u00ade\u00adori\u00aden\u00adtierte Tex\u00adtilin\u00addus\u00adtrie war das bre\u00adite Farb\u00adspek\u00adtrum sehr zentral.<\/li><li><strong>Repro\u00adduzier\u00adbarkeit<\/strong>: Syn\u00adthetisch gewonnene Farb\u00adnu\u00adan\u00adcen k\u00f6n\u00adnen wieder\u00adholt hergestellt wer\u00adden, ohne dass sie sich gross unter\u00adschei\u00adden. Ganz anders sieht dies bei nat\u00fcr\u00adlich gewon\u00adnen Farb\u00adnu\u00adan\u00adcen aus. Da f\u00e4llt dem Zufall immer ein gross\u00ader Teil zu, wie die n\u00e4ch\u00adste F\u00e4r\u00adbung genau&nbsp;wird.<\/li><li><strong>Wasserver\u00adbrauch beim F\u00e4r\u00adben<\/strong>: Das Ver\u00adh\u00e4lt\u00adnis Farbstoff:Wasserverbrauch liegt bei syn\u00adthetis\u00adchen Farb\u00adstof\u00adfen bei 1:8. Hinge\u00adgen bei Natur\u00adfarb\u00adstof\u00adfen in der Gr\u00f6ssenord\u00adnung von 1:30. (Allerd\u00adings k\u00f6n\u00adnte man bei Let\u00adzteren evtl. auch ein kleineres Ver\u00adh\u00e4lt\u00adnis erre\u00adichen. Jedoch wurde auf diesem Feld ein\u00adfach noch nicht genug dazu geforscht.)<\/li><li><strong>Anpas\u00adsungs\u00adf\u00e4hige Mark\u00adt\u00adstruk\u00adturen<\/strong>: Der moderne\/industrielle Farb\u00adstoff\u00admarkt war flex\u00adi\u00adbler, anpas\u00adsungs\u00adf\u00e4higer und konkur\u00adren\u00adzf\u00e4higer. <a href=\"https:\/\/dlf.uzh.ch\/sites\/pigmentedernachhaltigkeit\/2022\/05\/01\/verdraengung-konkret-was-wurde-aus-den-faerberkrapp-firmen-bauern-gebieten\/\" data-type=\"post\" data-id=\"798\" target=\"_blank\" rel=\"noreferrer noopener\">(Mehr dazu)<\/a><\/li><li><strong>Skalen\u00adef\u00adfek\u00adte, Effizienz<\/strong>: Bei k\u00fcn\u00adstlichen Far\u00adben sind Skalen\u00adef\u00adfek\u00adte eher erre\u00adich\u00adbar als bei Natur\u00adfar\u00adben (bzw. beim F\u00e4r\u00adberpflanzenan\u00adbau, Coche\u00adnille Zucht usw.). Daher arbeit\u00adeten Far\u00adben\u00adfab\u00adriken mit grossen Men\u00adgen. Diese grossen Men\u00adgen soll\u00adten m\u00f6glichst schnell weit\u00ader\u00adver\u00adar\u00adbeit\u00adet und dann weit\u00ader\u00adverkauft wer\u00adden. Wenn man in grossen Men\u00adgen schnell arbeit\u00adet, muss man m\u00f6glichst viele Prozesse inte\u00adgri\u00aderen um nicht abh\u00e4ngig zu sein, so kann dann alles schnell ablaufen.<\/li><li><strong>Bil\u00adliger<\/strong>: Um 1881 war es dreimal bil\u00adliger mit k\u00fcn\u00adstlichem Alizarin zu f\u00e4r\u00adben als mit F\u00e4rberkrapp.<\/li><li>\u2026<\/li><\/ul>\n\n\n\n<h2 class=\"wp-block-heading\">Wie siehts aus mit der Nachhaltigkeit? Ist das F\u00e4rben mit Alizarin aus Krapp oder aus dem Labor nachhaltiger?<\/h2>\n\n\n\n<p>Nun w\u00e4re es auch span\u00adnend Argu\u00admente zu sam\u00admeln, die gegen die Abl\u00f6\u00adsung sprechen. Sprich: Vorteile von nat\u00fcr\u00adlichen Far\u00adben und Nachteile von syn\u00adthetis\u00adchen Farben.<\/p>\n\n\n\n<p>Ein solch\u00ades Argu\u00adment k\u00f6n\u00adnte Nach\u00adhaltigkeit sein. Allerd\u00adings steck\u00aden meine Recherchen dazu noch ganz am Anfang.&nbsp;Intu\u00aditiv w\u00fcrde man wohl denken, dass nat\u00fcr\u00adlich\u00ader Krapp nach\u00adhaltiger ist als syn\u00adthetis\u00adches Alizarin. Daher wollte ich zuerst kon\u00adtrain\u00adtu\u00aditive Gege\u00adnar\u00adgu\u00admente sam\u00admeln, bin aber noch nicht sehr weit gekommen\u2026<\/p>\n\n\n\n<p><strong>Nicht nach\u00adhaltige Punk\u00adte von F\u00e4rberkrapp:<\/strong><\/p>\n\n\n\n<ul class=\"wp-block-list\"><li>Anbau: braucht viel Boden\/Anbaufl\u00e4che, die man dann nicht f\u00fcr Grundbed\u00fcrfnisse brauchen kann (wie z.B. Getreide)<\/li><li>F\u00e4r\u00adberei: braucht viel Wass\u00ader, viel Brennholz, Gew\u00e4sserver\u00adschmutzung, nicht hygien\u00adis\u00adches Ver\u00adfahren, gesund\u00adheits\u00adge\u00adf\u00e4hrdend f\u00fcr Arbei\u00adt\u00adende. (Das\u00adselbe Prob\u00adlem beim F\u00e4r\u00adben mit k\u00fcn\u00adstlichem Alizarin?)<\/li><li><a rel=\"noreferrer noopener\" href=\"https:\/\/uzb.swisscovery.slsp.ch\/discovery\/fulldisplay?context=L&amp;vid=41SLSP_UZB:UZB&amp;search_scope=DiscoveryNetwork&amp;tab=41SLSP_UZB_DN&amp;docid=alma990005363710205508\" target=\"_blank\">Erster bekan\u00adnter Umwelt\u00adskan\u00addal im Vorarl\u00adberg war wegen ein\u00ader T\u00fcrkischrot\u00adf\u00e4r\u00adberei (in Donau\u00admonar\u00adchie, in Feld\u00adkirch)<\/a> <\/li><li>\u2026<\/li><\/ul>\n\n\n\n<p><strong>Nicht nach\u00adhaltige Punk\u00adte von syn\u00adthetis\u00adchem Alizarin:<\/strong> <\/p>\n\n\n\n<ul class=\"wp-block-list\"><li>Farb\u00adstoff\u00adpro\u00adduk\u00adtion pro\u00adduziert Abfall\u00adpro\u00adduk\u00adte, anor\u00adgan\u00adis\u00adche Abf\u00e4lle, z.T. tox\u00adis\u00adche organ\u00adis\u00adche Verbindungen<\/li><li>\u2026<\/li><\/ul>\n\n\n\n<div style=\"height:100px\" aria-hidden=\"true\" class=\"wp-block-spacer\"><\/div>\n\n\n\n<hr class=\"wp-block-separator is-style-default\">\n\n\n\n<p class=\"has-small-font-size\"><strong>Rel\u00ade\u00advante Literatur:&nbsp;<\/strong><\/p>\n\n\n\n<p class=\"has-small-font-size\">Buch der Erfind\u00adun\u00adgen. Gewerbe und Indus\u00adtrien, Gesamt\u00addarstel\u00adlung aller Gebi\u00adete der gewerblichen und indus\u00adtrielle Arbeit sowie von Weltverkehr und Weltwirtschaft (viert\u00ader Band), Leipzig 1896\u20131901.<\/p>\n\n\n\n<p class=\"has-small-font-size\">Engel, Alexan\u00adder: Far\u00adben der Glob\u00adal\u00adisierung. Die Entste\u00adhung mod\u00adern\u00ader M\u00e4rk\u00adte f\u00fcr Farb\u00adstoffe 1500\u20131900, Frankfurt\/Main 2009 (Band&nbsp;5).&nbsp;<\/p>\n\n\n\n<p class=\"has-small-font-size\">Nieto-Galan, Agust\u00ed:&nbsp;Colour\u00ading Tex\u00adtiles. A His\u00adto\u00adry of Nat\u00adur\u00adal Dyestuffs in Indus\u00adtri\u00adal Europe, Dor\u00addrecht 2001.<\/p>\n\n\n\n<p class=\"has-small-font-size\">Van Munden, G.; Fraue\u00adberg\u00ader, H. (Hg.): Die Erfind\u00adun\u00adgen der neuesten Zeit. Zwanzig Jahre Fortschritte im Zeital\u00adter der Weltaustel\u00adlun\u00adgen, Leipzig und Berlin 1883.<\/p>\n\n\n\n<p class=\"has-small-font-size\">Gespr\u00e4ch mit Agniesz\u00adka Wo\u015b Juck\u00ader aus der Abegg-Stiftung &lt;<a href=\"https:\/\/abegg-stiftung.ch\/who-is-who\/\">https:\/\/abegg-stiftung.ch\/who-is-who\/<\/a>&gt;<\/p>\n\n\n\n<p class=\"has-small-font-size\">Bildquellen:<\/p>\n\n\n\n<p class=\"has-small-font-size\"><a rel=\"noreferrer noopener\" href=\"T\u00fcrkischrotf\u00e4rberei und -Druckerei J.J.Kelly, Mettendorf, Gossau SG, Aquarell von Elisabeth Kelly, um 1850.JPG - Wikimedia Commons\" target=\"_blank\">Beitrags\u00adbild<\/a><\/p>\n\n\n\n<p><\/p>\n\n\n\n<h3 class=\"wp-block-heading\">Weitere Beitr\u00e4ge<\/h3>\n\n\n\n\t\t\t<div class=\"wp-block-uagb-post-grid uagb-post-grid  uagb-post__image-position-top uagb-post__image-enabled uagb-block-441afdd4     uagb-post__items uagb-post__columns-3 is-grid uagb-post__columns-tablet-2 uagb-post__columns-mobile-1 uagb-post__equal-height\" data-total=\"2\" style>\n\n\t\t\t\t\t\t\t\t\t\t\t\t<article class=\"uagb-post__inner-wrap\">\t\t\t\t\t\t\t\t<div class=\"uagb-post__image\">\n\t\t\t\t\t\t\t\t\t<a href=\"https:\/\/dlf.uzh.ch\/sites\/pigmentedernachhaltigkeit\/2022\/05\/10\/farbwaar-in-intelligenzblaettern\/\" target=\"_self\" rel=\"bookmark noopener noreferrer\" class=\"uagb-image-ratio-inherit\"><img loading=\"lazy\" decoding=\"async\" width=\"300\" height=\"300\" src=\"https:\/\/dlf.uzh.ch\/sites\/pigmentedernachhaltigkeit\/files\/2022\/04\/Bildschirmfoto-2022-04-26-um-14.27.32-300x300.png\" class=\"attachment-aesop-collection size-aesop-collection\" alt srcset=\"https:\/\/dlf.uzh.ch\/sites\/pigmentedernachhaltigkeit\/files\/2022\/04\/Bildschirmfoto-2022-04-26-um-14.27.32-300x300.png 300w, https:\/\/dlf.uzh.ch\/sites\/pigmentedernachhaltigkeit\/files\/2022\/04\/Bildschirmfoto-2022-04-26-um-14.27.32-150x150.png 150w, https:\/\/dlf.uzh.ch\/sites\/pigmentedernachhaltigkeit\/files\/2022\/04\/Bildschirmfoto-2022-04-26-um-14.27.32-500x500.png 500w, https:\/\/dlf.uzh.ch\/sites\/pigmentedernachhaltigkeit\/files\/2022\/04\/Bildschirmfoto-2022-04-26-um-14.27.32-400x400.png 400w, https:\/\/dlf.uzh.ch\/sites\/pigmentedernachhaltigkeit\/files\/2022\/04\/Bildschirmfoto-2022-04-26-um-14.27.32-200x200.png 200w\" sizes=\"auto, (max-width: 300px) 100vw, 300px\">\t\t\t\t\t<\/a>\n\t\t\t\t\t\t\t<\/div>\n\t\t\t\t\t\t<h4 class=\"uagb-post__title uagb-post__text\">\n\t\t\t\t<a href=\"https:\/\/dlf.uzh.ch\/sites\/pigmentedernachhaltigkeit\/2022\/05\/10\/farbwaar-in-intelligenzblaettern\/\" target=\"_self\" rel=\"bookmark noopener noreferrer\">\u201cFarbwaar\u201d in Intelligenzbl\u00e4ttern<\/a>\n\t\t\t<\/h4>\n\t\t\t\t\t\t<div class=\"uagb-post__text uagb-post-grid-byline\">\n\t\t\t\t\t\t\t<\/div>\n\t\t\t\n\t\t\t\t\t\t\t\t\t<\/article>\n\t\t\t\t\t\t\t\t\t\t\t\t\t\t\t\t<article class=\"uagb-post__inner-wrap\">\t\t\t\t\t\t\t\t<div class=\"uagb-post__image\">\n\t\t\t\t\t\t\t\t\t<a href=\"https:\/\/dlf.uzh.ch\/sites\/pigmentedernachhaltigkeit\/2022\/04\/10\/von-handschriften-und-transkribus\/\" target=\"_self\" rel=\"bookmark noopener noreferrer\" class=\"uagb-image-ratio-inherit\"><img loading=\"lazy\" decoding=\"async\" width=\"300\" height=\"300\" src=\"https:\/\/dlf.uzh.ch\/sites\/pigmentedernachhaltigkeit\/files\/2022\/04\/20210915_162619-300x300.jpg\" class=\"attachment-aesop-collection size-aesop-collection\" alt srcset=\"https:\/\/dlf.uzh.ch\/sites\/pigmentedernachhaltigkeit\/files\/2022\/04\/20210915_162619-300x300.jpg 300w, https:\/\/dlf.uzh.ch\/sites\/pigmentedernachhaltigkeit\/files\/2022\/04\/20210915_162619-150x150.jpg 150w, https:\/\/dlf.uzh.ch\/sites\/pigmentedernachhaltigkeit\/files\/2022\/04\/20210915_162619-500x500.jpg 500w, https:\/\/dlf.uzh.ch\/sites\/pigmentedernachhaltigkeit\/files\/2022\/04\/20210915_162619-400x400.jpg 400w, https:\/\/dlf.uzh.ch\/sites\/pigmentedernachhaltigkeit\/files\/2022\/04\/20210915_162619-200x200.jpg 200w\" sizes=\"auto, (max-width: 300px) 100vw, 300px\">\t\t\t\t\t<\/a>\n\t\t\t\t\t\t\t<\/div>\n\t\t\t\t\t\t<h4 class=\"uagb-post__title uagb-post__text\">\n\t\t\t\t<a href=\"https:\/\/dlf.uzh.ch\/sites\/pigmentedernachhaltigkeit\/2022\/04\/10\/von-handschriften-und-transkribus\/\" target=\"_self\" rel=\"bookmark noopener noreferrer\">Von Handschriften und Transkribus<\/a>\n\t\t\t<\/h4>\n\t\t\t\t\t\t<div class=\"uagb-post__text uagb-post-grid-byline\">\n\t\t\t\t\t\t\t<\/div>\n\t\t\t\n\t\t\t\t\t\t\t\t\t<\/article>\n\t\t\t\t\t\t\t\t\t\t\t\t\t\t\t\t<article class=\"uagb-post__inner-wrap\">\t\t\t\t\t\t\t\t<div class=\"uagb-post__image\">\n\t\t\t\t\t\t\t\t\t<a href=\"https:\/\/dlf.uzh.ch\/sites\/pigmentedernachhaltigkeit\/2022\/05\/11\/vom-pigment-ins-textil-die-werkzeuge-des-faerbers\/\" target=\"_self\" rel=\"bookmark noopener noreferrer\" class=\"uagb-image-ratio-inherit\"><img loading=\"lazy\" decoding=\"async\" width=\"300\" height=\"300\" src=\"https:\/\/dlf.uzh.ch\/sites\/pigmentedernachhaltigkeit\/files\/2022\/05\/Faerber-18.Jh_-2-300x300.jpg\" class=\"attachment-aesop-collection size-aesop-collection\" alt srcset=\"https:\/\/dlf.uzh.ch\/sites\/pigmentedernachhaltigkeit\/files\/2022\/05\/Faerber-18.Jh_-2-300x300.jpg 300w, https:\/\/dlf.uzh.ch\/sites\/pigmentedernachhaltigkeit\/files\/2022\/05\/Faerber-18.Jh_-2-150x150.jpg 150w, https:\/\/dlf.uzh.ch\/sites\/pigmentedernachhaltigkeit\/files\/2022\/05\/Faerber-18.Jh_-2-500x500.jpg 500w, https:\/\/dlf.uzh.ch\/sites\/pigmentedernachhaltigkeit\/files\/2022\/05\/Faerber-18.Jh_-2-400x400.jpg 400w, https:\/\/dlf.uzh.ch\/sites\/pigmentedernachhaltigkeit\/files\/2022\/05\/Faerber-18.Jh_-2-200x200.jpg 200w\" sizes=\"auto, (max-width: 300px) 100vw, 300px\">\t\t\t\t\t<\/a>\n\t\t\t\t\t\t\t<\/div>\n\t\t\t\t\t\t<h4 class=\"uagb-post__title uagb-post__text\">\n\t\t\t\t<a href=\"https:\/\/dlf.uzh.ch\/sites\/pigmentedernachhaltigkeit\/2022\/05\/11\/vom-pigment-ins-textil-die-werkzeuge-des-faerbers\/\" target=\"_self\" rel=\"bookmark noopener noreferrer\">Vom Pigment ins Textil \u2014 Die Werkzeuge des F\u00e4rbers<\/a>\n\t\t\t<\/h4>\n\t\t\t\t\t\t<div class=\"uagb-post__text uagb-post-grid-byline\">\n\t\t\t\t\t\t\t<\/div>\n\t\t\t\n\t\t\t\t\t\t\t\t\t<\/article>\n\t\t\t\t\t\t\t\t\t\t\t<\/div>\n\t\t\t","protected":false},"excerpt":{"rendered":"<p>Heute wer\u00adden Tex\u00adtilien fast nur noch mit syn\u00adthetis\u00adchen Farb\u00adstof\u00adfen gef\u00e4rbt. L\u00e4sst sich der \u00dcber\u00adgang vom F\u00e4r\u00adben mit nat\u00fcr\u00adlichen Farb\u00adstof\u00adfen hin zum F\u00e4r\u00adben mit syn\u00adthetis\u00adchen Far\u00adben so ein\u00adfach erk\u00adl\u00e4ren wie \u201csyn\u00adthetis\u00adche Farb\u00adstoffe sind bil\u00adliger und bess\u00ader\u201d? Nachteile vom F\u00e4r\u00adberpflanzen-Han\u00addel (anhand vom Krapp-Beispiel) Aufwendi\u00adger Anbau und Ernte: Anbau, Pflege und Ernte von Krapp ben\u00f6ti\u00adgen viel Zeit, Arbeit\u00adskraft (z.B. Hil\u00adf\u00adsar\u00adbei\u00adt\u00adende), Ressourcen\u2026<\/p>\n<p> <a class=\"more-link\" href=\"https:\/\/dlf.uzh.ch\/sites\/pigmentedernachhaltigkeit\/2022\/04\/26\/weshalb-die-verdraengung\/\">Weit\u00ader\u00adlesen<\/a><\/p>\n","protected":false},"author":770,"featured_media":1882,"comment_status":"closed","ping_status":"closed","sticky":false,"template":"","format":"standard","meta":{"_uag_custom_page_level_css":"","wp_typography_post_enhancements_disabled":false,"footnotes":""},"categories":[10],"tags":[28],"class_list":{"0":"post-796","1":"post","2":"type-post","3":"status-publish","4":"format-standard","5":"has-post-thumbnail","7":"category-lucia","8":"tag-gruppe-2"},"featured_image_src":"https:\/\/dlf.uzh.ch\/sites\/pigmentedernachhaltigkeit\/files\/2022\/04\/Tuerkischrotfaerberei_und_-Druckerei_J.J.Kelly_Mettendorf_Gossau_1850-e1652453261725.jpg","author_info":{"display_name":"lucia","author_link":"https:\/\/dlf.uzh.ch\/sites\/pigmentedernachhaltigkeit\/author\/lucia\/"},"uagb_featured_image_src":{"full":["https:\/\/dlf.uzh.ch\/sites\/pigmentedernachhaltigkeit\/files\/2022\/04\/Tuerkischrotfaerberei_und_-Druckerei_J.J.Kelly_Mettendorf_Gossau_1850-e1652453261725.jpg",1354,1260,false],"thumbnail":["https:\/\/dlf.uzh.ch\/sites\/pigmentedernachhaltigkeit\/files\/2022\/04\/Tuerkischrotfaerberei_und_-Druckerei_J.J.Kelly_Mettendorf_Gossau_1850-e1652453261725-150x150.jpg",150,150,true],"medium":["https:\/\/dlf.uzh.ch\/sites\/pigmentedernachhaltigkeit\/files\/2022\/04\/Tuerkischrotfaerberei_und_-Druckerei_J.J.Kelly_Mettendorf_Gossau_1850-e1652453261725-300x279.jpg",300,279,true],"medium_large":["https:\/\/dlf.uzh.ch\/sites\/pigmentedernachhaltigkeit\/files\/2022\/04\/Tuerkischrotfaerberei_und_-Druckerei_J.J.Kelly_Mettendorf_Gossau_1850-e1652453261725-768x715.jpg",768,715,true],"large":["https:\/\/dlf.uzh.ch\/sites\/pigmentedernachhaltigkeit\/files\/2022\/04\/Tuerkischrotfaerberei_und_-Druckerei_J.J.Kelly_Mettendorf_Gossau_1850-e1652453261725-1024x953.jpg",800,745,true],"lbsp_12_thumb":["https:\/\/dlf.uzh.ch\/sites\/pigmentedernachhaltigkeit\/files\/2022\/04\/Tuerkischrotfaerberei_und_-Druckerei_J.J.Kelly_Mettendorf_Gossau_1850-e1652453261725-500x1260.jpg",500,1260,true],"lbsp_346_thumb":["https:\/\/dlf.uzh.ch\/sites\/pigmentedernachhaltigkeit\/files\/2022\/04\/Tuerkischrotfaerberei_und_-Druckerei_J.J.Kelly_Mettendorf_Gossau_1850-e1652453261725-400x1260.jpg",400,1260,true],"lbsp_12_same_size_thumb":["https:\/\/dlf.uzh.ch\/sites\/pigmentedernachhaltigkeit\/files\/2022\/04\/Tuerkischrotfaerberei_und_-Druckerei_J.J.Kelly_Mettendorf_Gossau_1850-e1652453261725-500x500.jpg",500,500,true],"lbsp_346_same_size_thumb":["https:\/\/dlf.uzh.ch\/sites\/pigmentedernachhaltigkeit\/files\/2022\/04\/Tuerkischrotfaerberei_und_-Druckerei_J.J.Kelly_Mettendorf_Gossau_1850-e1652453261725-400x400.jpg",400,400,true],"1536x1536":["https:\/\/dlf.uzh.ch\/sites\/pigmentedernachhaltigkeit\/files\/2022\/04\/Tuerkischrotfaerberei_und_-Druckerei_J.J.Kelly_Mettendorf_Gossau_1850-1536x1108.jpg",1536,1108,true],"2048x2048":["https:\/\/dlf.uzh.ch\/sites\/pigmentedernachhaltigkeit\/files\/2022\/04\/Tuerkischrotfaerberei_und_-Druckerei_J.J.Kelly_Mettendorf_Gossau_1850-2048x1477.jpg",2048,1477,true],"a13_navigation_image_size":["https:\/\/dlf.uzh.ch\/sites\/pigmentedernachhaltigkeit\/files\/2022\/04\/Tuerkischrotfaerberei_und_-Druckerei_J.J.Kelly_Mettendorf_Gossau_1850-e1652453261725.jpg",107,100,false],"aesop-cover-img":["https:\/\/dlf.uzh.ch\/sites\/pigmentedernachhaltigkeit\/files\/2022\/04\/Tuerkischrotfaerberei_und_-Druckerei_J.J.Kelly_Mettendorf_Gossau_1850-e1652453261725-1250x1163.jpg",1250,1163,true],"aesop-tiny-cover":["https:\/\/dlf.uzh.ch\/sites\/pigmentedernachhaltigkeit\/files\/2022\/04\/Tuerkischrotfaerberei_und_-Druckerei_J.J.Kelly_Mettendorf_Gossau_1850-e1652453261725-400x372.jpg",400,372,true],"aesop-component":["https:\/\/dlf.uzh.ch\/sites\/pigmentedernachhaltigkeit\/files\/2022\/04\/Tuerkischrotfaerberei_und_-Druckerei_J.J.Kelly_Mettendorf_Gossau_1850-e1652453261725-1250x1163.jpg",1250,1163,true],"aesop-character":["https:\/\/dlf.uzh.ch\/sites\/pigmentedernachhaltigkeit\/files\/2022\/04\/Tuerkischrotfaerberei_und_-Druckerei_J.J.Kelly_Mettendorf_Gossau_1850-e1652453261725-200x200.jpg",200,200,true],"aesop-collection":["https:\/\/dlf.uzh.ch\/sites\/pigmentedernachhaltigkeit\/files\/2022\/04\/Tuerkischrotfaerberei_und_-Druckerei_J.J.Kelly_Mettendorf_Gossau_1850-e1652453261725-300x300.jpg",300,300,true],"aesop-grid-image":["https:\/\/dlf.uzh.ch\/sites\/pigmentedernachhaltigkeit\/files\/2022\/04\/Tuerkischrotfaerberei_und_-Druckerei_J.J.Kelly_Mettendorf_Gossau_1850-e1652453261725-400x372.jpg",400,372,true]},"uagb_author_info":{"display_name":"lucia","author_link":"https:\/\/dlf.uzh.ch\/sites\/pigmentedernachhaltigkeit\/author\/lucia\/"},"uagb_comment_info":0,"uagb_excerpt":"Heute wer\u00adden Tex\u00adtilien fast nur noch mit syn\u00adthetis\u00adchen Farb\u00adstof\u00adfen gef\u00e4rbt. L\u00e4sst sich der \u00dcber\u00adgang vom F\u00e4r\u00adben mit nat\u00fcr\u00adlichen Farb\u00adstof\u00adfen hin zum F\u00e4r\u00adben mit syn\u00adthetis\u00adchen Far\u00adben so ein\u00adfach erk\u00adl\u00e4ren wie \u201csyn\u00adthetis\u00adche Farb\u00adstoffe sind bil\u00adliger und besser\u201d? Nachteile vom F\u00e4rberpflanzen-Handel (anhand vom Krapp-Beispiel) Aufwendi\u00adger Anbau und Ernte: Anbau, Pflege und Ernte von Krapp ben\u00f6ti\u00adgen viel Zeit, Arbeit\u00adskraft&hellip;","_links":{"self":[{"href":"https:\/\/dlf.uzh.ch\/sites\/pigmentedernachhaltigkeit\/wp-json\/wp\/v2\/posts\/796","targetHints":{"allow":["GET"]}}],"collection":[{"href":"https:\/\/dlf.uzh.ch\/sites\/pigmentedernachhaltigkeit\/wp-json\/wp\/v2\/posts"}],"about":[{"href":"https:\/\/dlf.uzh.ch\/sites\/pigmentedernachhaltigkeit\/wp-json\/wp\/v2\/types\/post"}],"author":[{"embeddable":true,"href":"https:\/\/dlf.uzh.ch\/sites\/pigmentedernachhaltigkeit\/wp-json\/wp\/v2\/users\/770"}],"replies":[{"embeddable":true,"href":"https:\/\/dlf.uzh.ch\/sites\/pigmentedernachhaltigkeit\/wp-json\/wp\/v2\/comments?post=796"}],"version-history":[{"count":123,"href":"https:\/\/dlf.uzh.ch\/sites\/pigmentedernachhaltigkeit\/wp-json\/wp\/v2\/posts\/796\/revisions"}],"predecessor-version":[{"id":2494,"href":"https:\/\/dlf.uzh.ch\/sites\/pigmentedernachhaltigkeit\/wp-json\/wp\/v2\/posts\/796\/revisions\/2494"}],"wp:featuredmedia":[{"embeddable":true,"href":"https:\/\/dlf.uzh.ch\/sites\/pigmentedernachhaltigkeit\/wp-json\/wp\/v2\/media\/1882"}],"wp:attachment":[{"href":"https:\/\/dlf.uzh.ch\/sites\/pigmentedernachhaltigkeit\/wp-json\/wp\/v2\/media?parent=796"}],"wp:term":[{"taxonomy":"category","embeddable":true,"href":"https:\/\/dlf.uzh.ch\/sites\/pigmentedernachhaltigkeit\/wp-json\/wp\/v2\/categories?post=796"},{"taxonomy":"post_tag","embeddable":true,"href":"https:\/\/dlf.uzh.ch\/sites\/pigmentedernachhaltigkeit\/wp-json\/wp\/v2\/tags?post=796"}],"curies":[{"name":"wp","href":"https:\/\/api.w.org\/{rel}","templated":true}]}}