{"id":786,"date":"2022-04-12T09:16:02","date_gmt":"2022-04-12T07:16:02","guid":{"rendered":"https:\/\/dlf.uzh.ch\/sites\/pigmentedernachhaltigkeit\/?p=786"},"modified":"2022-05-18T12:55:24","modified_gmt":"2022-05-18T10:55:24","slug":"zeitstrahl-zum-natuerlichen-und-kuenstlichen-alizarin","status":"publish","type":"post","link":"https:\/\/dlf.uzh.ch\/sites\/pigmentedernachhaltigkeit\/2022\/04\/12\/zeitstrahl-zum-natuerlichen-und-kuenstlichen-alizarin\/","title":{"rendered":"Zeitstrahl zum nat\u00fcrlichen und k\u00fcnstlichen Alizarin"},"content":{"rendered":"\n<div class=\"wp-block-uagb-content-timeline uagb-timeline__outer-wrap uagb-block-ebb9595b-8a63-42a7-b3e6-534237501264\"><div class=\"uagb-timeline__content-wrap uagb-timeline__center-block  uagb-timeline__arrow-center uagb-timeline__responsive-tablet uagb-timeline\"><div class=\"uagb-timeline-wrapper\"><div class=\"uagb-timeline__main\"><div class=\"uagb-timeline__days\">\n<article class=\"wp-block-uagb-content-timeline-child uagb-timeline__field uagb-timeline__field-wrap uagb-timeline-child-ea13d6f0-3989-4fb5-9cd0-8b4f6032c39a\"><div class=\"uagb-timeline__widget uagb-timeline__right\"><div class=\"uagb-timeline__marker out-view-uagb-timeline__icon\"><span class=\"uagb-timeline__icon-new out-view-uagb-timeline__icon \"><\/span><\/div><div class=\"uagb-timeline__day-new uagb-timeline__day-right\"><div class=\"uagb-events-new\"><div class=\"uagb-timeline__events-inner-new\"><div class=\"uagb-timeline__date-hide uagb-timeline__date-inner\"><div class=\"uagb-timeline__inner-date-new\">1832<\/div><\/div><div class=\"uagb-timeline-content\"><div class=\"uagb-timeline__heading-text\"><h4 class=\"uagb-timeline__heading\"> Anthracen aus Steinkohlenteer isoliert<\/h4><\/div><p class=\"uagb-timeline-desc-content\">Wer?<\/p><div class=\"uagb-timeline__arrow\"><\/div><\/div><\/div><\/div><\/div><div class=\"uagb-timeline__date-new\"><div class=\"uagb-timeline__date-new\">1832<\/div><\/div><\/div><\/article>\n\n\n\n<article class=\"wp-block-uagb-content-timeline-child uagb-timeline__field uagb-timeline__field-wrap uagb-timeline-child-7ba908d6-633a-46fa-b8c0-a96911027588\"><div class=\"uagb-timeline__widget uagb-timeline__left\"><div class=\"uagb-timeline__marker out-view-uagb-timeline__icon\"><span class=\"uagb-timeline__icon-new out-view-uagb-timeline__icon \"><\/span><\/div><div class=\"uagb-timeline__day-new uagb-timeline__day-left\"><div class=\"uagb-events-new\"><div class=\"uagb-timeline__events-inner-new\"><div class=\"uagb-timeline__date-hide uagb-timeline__date-inner\"><div class=\"uagb-timeline__inner-date-new\">1834<\/div><\/div><div class=\"uagb-timeline-content\"><div class=\"uagb-timeline__heading-text\"><h4 class=\"uagb-timeline__heading\">Anilin aus Steinkohlenteer isoliert<\/h4><\/div><p class=\"uagb-timeline-desc-content\">F.F. Runge<\/p><div class=\"uagb-timeline__arrow\"><\/div><\/div><\/div><\/div><\/div><div class=\"uagb-timeline__date-new\"><div class=\"uagb-timeline__date-new\">1834<\/div><\/div><\/div><\/article>\n\n\n\n<article class=\"wp-block-uagb-content-timeline-child uagb-timeline__field uagb-timeline__field-wrap uagb-timeline-child-783fab01-aa35-490a-a440-62c80cc5a3f3\"><div class=\"uagb-timeline__widget uagb-timeline__right\"><div class=\"uagb-timeline__marker out-view-uagb-timeline__icon\"><span class=\"uagb-timeline__icon-new out-view-uagb-timeline__icon \"><\/span><\/div><div class=\"uagb-timeline__day-new uagb-timeline__day-right\"><div class=\"uagb-events-new\"><div class=\"uagb-timeline__events-inner-new\"><div class=\"uagb-timeline__date-hide uagb-timeline__date-inner\"><div class=\"uagb-timeline__inner-date-new\">1856<\/div><\/div><div class=\"uagb-timeline-content\"><div class=\"uagb-timeline__heading-text\"><h4 class=\"uagb-timeline__heading\">Erster synthetischer Farbstoff hergestellt: Mauvein<\/h4><\/div><p class=\"uagb-timeline-desc-content\"> W.H. Perkin<\/p><div class=\"uagb-timeline__arrow\"><\/div><\/div><\/div><\/div><\/div><div class=\"uagb-timeline__date-new\"><div class=\"uagb-timeline__date-new\">1856<\/div><\/div><\/div><\/article>\n\n\n\n<article class=\"wp-block-uagb-content-timeline-child uagb-timeline__field uagb-timeline__field-wrap uagb-timeline-child-3510cc4c-398d-4c23-8ffd-59c262f7d221\"><div class=\"uagb-timeline__widget uagb-timeline__left\"><div class=\"uagb-timeline__marker out-view-uagb-timeline__icon\"><span class=\"uagb-timeline__icon-new out-view-uagb-timeline__icon \"><\/span><\/div><div class=\"uagb-timeline__day-new uagb-timeline__day-left\"><div class=\"uagb-events-new\"><div class=\"uagb-timeline__events-inner-new\"><div class=\"uagb-timeline__date-hide uagb-timeline__date-inner\"><div class=\"uagb-timeline__inner-date-new\">1860<\/div><\/div><div class=\"uagb-timeline-content\"><div class=\"uagb-timeline__heading-text\"><h4 class=\"uagb-timeline__heading\">Grossunternehmen der Teerfarbenbranche entstehen (z.T. aus Vorl\u00e4uferunternehmen)<\/h4><\/div><p class=\"uagb-timeline-desc-content\">(1860er-1870er)<br>Beispiele: Hoechst, BASF, AFGA,&nbsp;Geigy,\u2026<\/p><div class=\"uagb-timeline__arrow\"><\/div><\/div><\/div><\/div><\/div><div class=\"uagb-timeline__date-new\"><div class=\"uagb-timeline__date-new\">1860<\/div><\/div><\/div><\/article>\n\n\n\n<article class=\"wp-block-uagb-content-timeline-child uagb-timeline__field uagb-timeline__field-wrap uagb-timeline-child-8bba2db2-52d0-46b0-9403-f7eadda429be\"><div class=\"uagb-timeline__widget uagb-timeline__right\"><div class=\"uagb-timeline__marker out-view-uagb-timeline__icon\"><span class=\"uagb-timeline__icon-new out-view-uagb-timeline__icon \"><\/span><\/div><div class=\"uagb-timeline__day-new uagb-timeline__day-right\"><div class=\"uagb-events-new\"><div class=\"uagb-timeline__events-inner-new\"><div class=\"uagb-timeline__date-hide uagb-timeline__date-inner\"><div class=\"uagb-timeline__inner-date-new\">1866<\/div><\/div><div class=\"uagb-timeline-content\"><div class=\"uagb-timeline__heading-text\"><h4 class=\"uagb-timeline__heading\">Chemische Formel von Alizarin identifiziert<\/h4><\/div><p class=\"uagb-timeline-desc-content\"><\/p><div class=\"uagb-timeline__arrow\"><\/div><\/div><\/div><\/div><\/div><div class=\"uagb-timeline__date-new\"><div class=\"uagb-timeline__date-new\">1866<\/div><\/div><\/div><\/article>\n\n\n\n<article class=\"wp-block-uagb-content-timeline-child uagb-timeline__field uagb-timeline__field-wrap uagb-timeline-child-04301e26-ad7b-47e1-992b-1047825aefec\"><div class=\"uagb-timeline__widget uagb-timeline__left\"><div class=\"uagb-timeline__marker out-view-uagb-timeline__icon\"><span class=\"uagb-timeline__icon-new out-view-uagb-timeline__icon \"><\/span><\/div><div class=\"uagb-timeline__day-new uagb-timeline__day-left\"><div class=\"uagb-events-new\"><div class=\"uagb-timeline__events-inner-new\"><div class=\"uagb-timeline__date-hide uagb-timeline__date-inner\"><div class=\"uagb-timeline__inner-date-new\">1868<\/div><\/div><div class=\"uagb-timeline-content\"><div class=\"uagb-timeline__heading-text\"><h4 class=\"uagb-timeline__heading\"> Alizarin erstmals synthetisch hergestellt<\/h4><\/div><p class=\"uagb-timeline-desc-content\"> C. Graebe und C. Lieber\u00admann (Farb\u00adw\u00aderke Hoechst)<\/p><div class=\"uagb-timeline__arrow\"><\/div><\/div><\/div><\/div><\/div><div class=\"uagb-timeline__date-new\"><div class=\"uagb-timeline__date-new\">1868<\/div><\/div><\/div><\/article>\n\n\n\n<article class=\"wp-block-uagb-content-timeline-child uagb-timeline__field uagb-timeline__field-wrap uagb-timeline-child-3ae3002c-fcd3-4c46-8d79-cbec5df5f8a4\"><div class=\"uagb-timeline__widget uagb-timeline__right\"><div class=\"uagb-timeline__marker out-view-uagb-timeline__icon\"><span class=\"uagb-timeline__icon-new out-view-uagb-timeline__icon \"><\/span><\/div><div class=\"uagb-timeline__day-new uagb-timeline__day-right\"><div class=\"uagb-events-new\"><div class=\"uagb-timeline__events-inner-new\"><div class=\"uagb-timeline__date-hide uagb-timeline__date-inner\"><div class=\"uagb-timeline__inner-date-new\">1876<\/div><\/div><div class=\"uagb-timeline-content\"><div class=\"uagb-timeline__heading-text\"><h4 class=\"uagb-timeline__heading\">Anbau F\u00e4rberkrapp kommt allm\u00e4hlich zum Erliegen (z.B. in S\u00fcdfrankreich, Elsass, Niederlande)<\/h4><\/div><p class=\"uagb-timeline-desc-content\"><\/p><div class=\"uagb-timeline__arrow\"><\/div><\/div><\/div><\/div><\/div><div class=\"uagb-timeline__date-new\"><div class=\"uagb-timeline__date-new\">1876<\/div><\/div><\/div><\/article>\n\n\n\n<article class=\"wp-block-uagb-content-timeline-child uagb-timeline__field uagb-timeline__field-wrap uagb-timeline-child-89f9eb16-ca41-4228-8fd9-e0b485d80611\"><div class=\"uagb-timeline__widget uagb-timeline__left\"><div class=\"uagb-timeline__marker out-view-uagb-timeline__icon\"><span class=\"uagb-timeline__icon-new out-view-uagb-timeline__icon \"><\/span><\/div><div class=\"uagb-timeline__day-new uagb-timeline__day-left\"><div class=\"uagb-events-new\"><div class=\"uagb-timeline__events-inner-new\"><div class=\"uagb-timeline__date-hide uagb-timeline__date-inner\"><div class=\"uagb-timeline__inner-date-new\">1881<\/div><\/div><div class=\"uagb-timeline-content\"><div class=\"uagb-timeline__heading-text\"><h4 class=\"uagb-timeline__heading\">3x billiger mit k\u00fcnstlichem Alizarin zu f\u00e4rben als mit F\u00e4rberkrapp<\/h4><\/div><p class=\"uagb-timeline-desc-content\"><\/p><div class=\"uagb-timeline__arrow\"><\/div><\/div><\/div><\/div><\/div><div class=\"uagb-timeline__date-new\"><div class=\"uagb-timeline__date-new\">1881<\/div><\/div><\/div><\/article>\n<\/div><div class=\"uagb-timeline__line\"><div class=\"uagb-timeline__line__inner\"><\/div><\/div><\/div><\/div><\/div><\/div>\n\n\n\n<p><\/p>\n\n\n\n<div class=\"wp-block-image\"><figure class=\"aligncenter size-large is-resized\"><img loading=\"lazy\" decoding=\"async\" src=\"https:\/\/dlf.uzh.ch\/sites\/pigmentedernachhaltigkeit\/files\/2022\/05\/Hoechst_1888-1-1024x475.jpg\" alt class=\"wp-image-1095\" width=\"487\" height=\"225\" srcset=\"https:\/\/dlf.uzh.ch\/sites\/pigmentedernachhaltigkeit\/files\/2022\/05\/Hoechst_1888-1-1024x475.jpg 1024w, https:\/\/dlf.uzh.ch\/sites\/pigmentedernachhaltigkeit\/files\/2022\/05\/Hoechst_1888-1-300x139.jpg 300w, https:\/\/dlf.uzh.ch\/sites\/pigmentedernachhaltigkeit\/files\/2022\/05\/Hoechst_1888-1-768x357.jpg 768w, https:\/\/dlf.uzh.ch\/sites\/pigmentedernachhaltigkeit\/files\/2022\/05\/Hoechst_1888-1-1536x713.jpg 1536w, https:\/\/dlf.uzh.ch\/sites\/pigmentedernachhaltigkeit\/files\/2022\/05\/Hoechst_1888-1-1250x580.jpg 1250w, https:\/\/dlf.uzh.ch\/sites\/pigmentedernachhaltigkeit\/files\/2022\/05\/Hoechst_1888-1-400x186.jpg 400w, https:\/\/dlf.uzh.ch\/sites\/pigmentedernachhaltigkeit\/files\/2022\/05\/Hoechst_1888-1.jpg 1932w\" sizes=\"auto, (max-width: 487px) 100vw, 487px\"><figcaption>Fab\u00adrikan\u00adlage der Farb\u00adw\u00aderke Hoechst um 1888<br>Quelle: <a href=\"https:\/\/commons.wikimedia.org\/wiki\/File:Hoechst_1888.jpg\">File:Hoechst 1888.jpg \u2014 Wiki\u00adme\u00addia Commons<\/a><\/figcaption><\/figure><\/div>\n\n\n\n<div class=\"wp-block-image\"><figure class=\"aligncenter size-large is-resized\"><img loading=\"lazy\" decoding=\"async\" src=\"https:\/\/dlf.uzh.ch\/sites\/pigmentedernachhaltigkeit\/files\/2022\/05\/BASF_1865-1024x542.jpg\" alt class=\"wp-image-976\" width=\"349\" height=\"184\" srcset=\"https:\/\/dlf.uzh.ch\/sites\/pigmentedernachhaltigkeit\/files\/2022\/05\/BASF_1865-1024x542.jpg 1024w, https:\/\/dlf.uzh.ch\/sites\/pigmentedernachhaltigkeit\/files\/2022\/05\/BASF_1865-300x159.jpg 300w, https:\/\/dlf.uzh.ch\/sites\/pigmentedernachhaltigkeit\/files\/2022\/05\/BASF_1865-768x406.jpg 768w, https:\/\/dlf.uzh.ch\/sites\/pigmentedernachhaltigkeit\/files\/2022\/05\/BASF_1865-1536x813.jpg 1536w, https:\/\/dlf.uzh.ch\/sites\/pigmentedernachhaltigkeit\/files\/2022\/05\/BASF_1865-2048x1084.jpg 2048w, https:\/\/dlf.uzh.ch\/sites\/pigmentedernachhaltigkeit\/files\/2022\/05\/BASF_1865-1250x662.jpg 1250w, https:\/\/dlf.uzh.ch\/sites\/pigmentedernachhaltigkeit\/files\/2022\/05\/BASF_1865-400x212.jpg 400w\" sizes=\"auto, (max-width: 349px) 100vw, 349px\"><figcaption>BASF (Badis\u00adche Anilin- und Soda Fab\u00adrik) in Lud\u00adwigshafen, Entste\u00adhungs\u00adjahr 1865<br>Quelle: <a href=\"https:\/\/commons.wikimedia.org\/wiki\/File:Basf_1865.jpg\">File:Basf 1865.jpg \u2014 Wiki\u00adme\u00addia Commons<\/a><\/figcaption><\/figure><\/div>\n\n\n\n<div class=\"wp-block-image\"><figure class=\"aligncenter is-resized\"><img loading=\"lazy\" decoding=\"async\" src=\"https:\/\/dlf.uzh.ch\/sites\/pigmentedernachhaltigkeit\/files\/2022\/05\/Agfa_1877.jpg\" alt class=\"wp-image-980\" width=\"304\" height=\"198\" srcset=\"https:\/\/dlf.uzh.ch\/sites\/pigmentedernachhaltigkeit\/files\/2022\/05\/Agfa_1877.jpg 523w, https:\/\/dlf.uzh.ch\/sites\/pigmentedernachhaltigkeit\/files\/2022\/05\/Agfa_1877-300x195.jpg 300w, https:\/\/dlf.uzh.ch\/sites\/pigmentedernachhaltigkeit\/files\/2022\/05\/Agfa_1877-400x260.jpg 400w\" sizes=\"auto, (max-width: 304px) 100vw, 304px\"><figcaption>Fab\u00adrik der AGFA (Actien-Gesellschaft&nbsp;f\u00fcr&nbsp;Anilin-Fab\u00adri\u00adca\u00adtion), 1877<br>Quelle: <a href=\"https:\/\/de.wikipedia.org\/wiki\/Datei:Agfa_Rummelsburg.jpg\">Datei:Agfa Rummelsburg.jpg \u2013 Wikipedia<\/a><\/figcaption><\/figure><\/div>\n\n\n\n<div class=\"wp-block-image\"><figure class=\"aligncenter size-large is-resized\"><img loading=\"lazy\" decoding=\"async\" src=\"https:\/\/dlf.uzh.ch\/sites\/pigmentedernachhaltigkeit\/files\/2022\/05\/Faerberkrapp-Pflanze-768x1024.jpg\" alt class=\"wp-image-984\" width=\"219\" height=\"292\" srcset=\"https:\/\/dlf.uzh.ch\/sites\/pigmentedernachhaltigkeit\/files\/2022\/05\/Faerberkrapp-Pflanze-768x1024.jpg 768w, https:\/\/dlf.uzh.ch\/sites\/pigmentedernachhaltigkeit\/files\/2022\/05\/Faerberkrapp-Pflanze-225x300.jpg 225w, https:\/\/dlf.uzh.ch\/sites\/pigmentedernachhaltigkeit\/files\/2022\/05\/Faerberkrapp-Pflanze-1152x1536.jpg 1152w, https:\/\/dlf.uzh.ch\/sites\/pigmentedernachhaltigkeit\/files\/2022\/05\/Faerberkrapp-Pflanze-1250x1667.jpg 1250w, https:\/\/dlf.uzh.ch\/sites\/pigmentedernachhaltigkeit\/files\/2022\/05\/Faerberkrapp-Pflanze-400x533.jpg 400w, https:\/\/dlf.uzh.ch\/sites\/pigmentedernachhaltigkeit\/files\/2022\/05\/Faerberkrapp-Pflanze.jpg 1329w\" sizes=\"auto, (max-width: 219px) 100vw, 219px\"><figcaption>F\u00e4r\u00adberkrapp<br>Quelle: <a href=\"https:\/\/commons.wikimedia.org\/wiki\/File:Rubia_tinctorum_001.JPG\">File:Rubia tinc\u00adto\u00adrum 001.JPG \u2014 Wiki\u00adme\u00addia Commons<\/a><\/figcaption><\/figure><\/div>\n\n\n\n<div class=\"wp-block-image\"><figure class=\"aligncenter size-large is-resized\"><img loading=\"lazy\" decoding=\"async\" src=\"https:\/\/dlf.uzh.ch\/sites\/pigmentedernachhaltigkeit\/files\/2022\/05\/journal_of_the_o2sfuyr_1_cukjed6_download_full-e1652866665903-1024x880.jpeg\" alt class=\"wp-image-2444\" width=\"302\" height=\"259\" srcset=\"https:\/\/dlf.uzh.ch\/sites\/pigmentedernachhaltigkeit\/files\/2022\/05\/journal_of_the_o2sfuyr_1_cukjed6_download_full-e1652866665903-1024x880.jpeg 1024w, https:\/\/dlf.uzh.ch\/sites\/pigmentedernachhaltigkeit\/files\/2022\/05\/journal_of_the_o2sfuyr_1_cukjed6_download_full-e1652866665903-300x258.jpeg 300w, https:\/\/dlf.uzh.ch\/sites\/pigmentedernachhaltigkeit\/files\/2022\/05\/journal_of_the_o2sfuyr_1_cukjed6_download_full-e1652866665903-768x660.jpeg 768w, https:\/\/dlf.uzh.ch\/sites\/pigmentedernachhaltigkeit\/files\/2022\/05\/journal_of_the_o2sfuyr_1_cukjed6_download_full-e1652866665903-1250x1074.jpeg 1250w, https:\/\/dlf.uzh.ch\/sites\/pigmentedernachhaltigkeit\/files\/2022\/05\/journal_of_the_o2sfuyr_1_cukjed6_download_full-e1652866665903-400x344.jpeg 400w, https:\/\/dlf.uzh.ch\/sites\/pigmentedernachhaltigkeit\/files\/2022\/05\/journal_of_the_o2sfuyr_1_cukjed6_download_full-e1652866665903.jpeg 1312w\" sizes=\"auto, (max-width: 302px) 100vw, 302px\"><figcaption>Der exak\u00adte Farbton von Perkins Mau\u00advein h\u00f6ch\u00adst\u00adper\u00ads\u00f6n\u00adlich. <br>Quelle: <a href=\"https:\/\/digital.sciencehistory.org\/works\/o2sfuyr\">Jour\u00adnal of the Soci\u00adety of Dyers and Colourists, Novem\u00adber 1906 \u2014 Sci\u00adence His\u00adto\u00adry Insti\u00adtute Dig\u00adi\u00adtal Collections<\/a><\/figcaption><\/figure><\/div>\n\n\n\n<div style=\"height:100px\" aria-hidden=\"true\" class=\"wp-block-spacer\"><\/div>\n\n\n\n<hr class=\"wp-block-separator is-style-default\">\n\n\n\n<p class=\"has-small-font-size\"><strong>Rel\u00ade\u00advante Literatur:&nbsp;<\/strong><\/p>\n\n\n\n<p class=\"has-small-font-size\">Alizarin, wikipedia.org, 13.05.2022 &lt;<a href=\"https:\/\/de.wikipedia.org\/wiki\/Alizarin\">https:\/\/de.wikipedia.org\/wiki\/Alizarin<\/a>&gt;<\/p>\n\n\n\n<p class=\"has-small-font-size\">Nieto-Galan, Agust\u00ed:&nbsp;Colour\u00ading Tex\u00adtiles. A His\u00adto\u00adry of Nat\u00adur\u00adal Dyestuffs in Indus\u00adtri\u00adal Europe, Dor\u00addrecht 2001.<\/p>\n\n\n\n<p class=\"has-small-font-size\">Gespr\u00e4ch mit Agniesz\u00adka Wo\u015b Juck\u00ader aus der Abegg-Stiftung &lt;<a href=\"https:\/\/abegg-stiftung.ch\/who-is-who\/\">https:\/\/abegg-stiftung.ch\/who-is-who\/<\/a>&gt; <\/p>\n\n\n\n<p class=\"has-small-font-size\"><strong>Bildquellen:<\/strong><\/p>\n\n\n\n<p class=\"has-small-font-size\"><a href=\"https:\/\/digital.sciencehistory.org\/works\/o2sfuyr\" target=\"_blank\" rel=\"noreferrer noopener\">Beitrags\u00adbild (und Abb. 5)<\/a>, <a href=\"https:\/\/commons.wikimedia.org\/wiki\/File:Hoechst_1888.jpg\" target=\"_blank\" rel=\"noreferrer noopener\">Abb. 1<\/a>, <a href=\"https:\/\/commons.wikimedia.org\/wiki\/File:Basf_1865.jpg\" target=\"_blank\" rel=\"noreferrer noopener\">Abb. 2<\/a>, <a href=\"https:\/\/de.wikipedia.org\/wiki\/Datei:Agfa_Rummelsburg.jpg\" target=\"_blank\" rel=\"noreferrer noopener\">Abb. 3<\/a>, <a href=\"https:\/\/commons.wikimedia.org\/wiki\/File:Rubia_tinctorum_001.JPG\" target=\"_blank\" rel=\"noreferrer noopener\">Abb. 4<\/a><\/p>\n\n\n\n<p><\/p>\n\n\n\n<h3 class=\"wp-block-heading\">Weitere Beitr\u00e4ge<\/h3>\n\n\n\n\t\t\t<div class=\"wp-block-uagb-post-grid uagb-post-grid  uagb-post__image-position-top uagb-post__image-enabled uagb-block-441afdd4     uagb-post__items uagb-post__columns-3 is-grid uagb-post__columns-tablet-2 uagb-post__columns-mobile-1 uagb-post__equal-height\" data-total=\"2\" style>\n\n\t\t\t\t\t\t\t\t\t\t\t\t<article class=\"uagb-post__inner-wrap\">\t\t\t\t\t\t\t\t<div class=\"uagb-post__image\">\n\t\t\t\t\t\t\t\t\t<a href=\"https:\/\/dlf.uzh.ch\/sites\/pigmentedernachhaltigkeit\/2022\/04\/26\/weshalb-die-verdraengung\/\" target=\"_self\" rel=\"bookmark noopener noreferrer\" class=\"uagb-image-ratio-inherit\"><img loading=\"lazy\" decoding=\"async\" width=\"300\" height=\"300\" src=\"https:\/\/dlf.uzh.ch\/sites\/pigmentedernachhaltigkeit\/files\/2022\/04\/Tuerkischrotfaerberei_und_-Druckerei_J.J.Kelly_Mettendorf_Gossau_1850-e1652453261725-300x300.jpg\" class=\"attachment-aesop-collection size-aesop-collection\" alt srcset=\"https:\/\/dlf.uzh.ch\/sites\/pigmentedernachhaltigkeit\/files\/2022\/04\/Tuerkischrotfaerberei_und_-Druckerei_J.J.Kelly_Mettendorf_Gossau_1850-e1652453261725-300x300.jpg 300w, https:\/\/dlf.uzh.ch\/sites\/pigmentedernachhaltigkeit\/files\/2022\/04\/Tuerkischrotfaerberei_und_-Druckerei_J.J.Kelly_Mettendorf_Gossau_1850-e1652453261725-150x150.jpg 150w, https:\/\/dlf.uzh.ch\/sites\/pigmentedernachhaltigkeit\/files\/2022\/04\/Tuerkischrotfaerberei_und_-Druckerei_J.J.Kelly_Mettendorf_Gossau_1850-e1652453261725-500x500.jpg 500w, https:\/\/dlf.uzh.ch\/sites\/pigmentedernachhaltigkeit\/files\/2022\/04\/Tuerkischrotfaerberei_und_-Druckerei_J.J.Kelly_Mettendorf_Gossau_1850-e1652453261725-400x400.jpg 400w, https:\/\/dlf.uzh.ch\/sites\/pigmentedernachhaltigkeit\/files\/2022\/04\/Tuerkischrotfaerberei_und_-Druckerei_J.J.Kelly_Mettendorf_Gossau_1850-e1652453261725-200x200.jpg 200w\" sizes=\"auto, (max-width: 300px) 100vw, 300px\">\t\t\t\t\t<\/a>\n\t\t\t\t\t\t\t<\/div>\n\t\t\t\t\t\t<h4 class=\"uagb-post__title uagb-post__text\">\n\t\t\t\t<a href=\"https:\/\/dlf.uzh.ch\/sites\/pigmentedernachhaltigkeit\/2022\/04\/26\/weshalb-die-verdraengung\/\" target=\"_self\" rel=\"bookmark noopener noreferrer\">Weshalb die Verdr\u00e4ngung?<\/a>\n\t\t\t<\/h4>\n\t\t\t\t\t\t<div class=\"uagb-post__text uagb-post-grid-byline\">\n\t\t\t\t\t\t\t<\/div>\n\t\t\t\n\t\t\t\t\t\t\t\t\t<\/article>\n\t\t\t\t\t\t\t\t\t\t\t\t\t\t\t\t<article class=\"uagb-post__inner-wrap\">\t\t\t\t\t\t\t\t<div class=\"uagb-post__image\">\n\t\t\t\t\t\t\t\t\t<a href=\"https:\/\/dlf.uzh.ch\/sites\/pigmentedernachhaltigkeit\/2022\/05\/11\/vom-pigment-ins-textil-die-werkzeuge-des-faerbers\/\" target=\"_self\" rel=\"bookmark noopener noreferrer\" class=\"uagb-image-ratio-inherit\"><img loading=\"lazy\" decoding=\"async\" width=\"300\" height=\"300\" src=\"https:\/\/dlf.uzh.ch\/sites\/pigmentedernachhaltigkeit\/files\/2022\/05\/Faerber-18.Jh_-2-300x300.jpg\" class=\"attachment-aesop-collection size-aesop-collection\" alt srcset=\"https:\/\/dlf.uzh.ch\/sites\/pigmentedernachhaltigkeit\/files\/2022\/05\/Faerber-18.Jh_-2-300x300.jpg 300w, https:\/\/dlf.uzh.ch\/sites\/pigmentedernachhaltigkeit\/files\/2022\/05\/Faerber-18.Jh_-2-150x150.jpg 150w, https:\/\/dlf.uzh.ch\/sites\/pigmentedernachhaltigkeit\/files\/2022\/05\/Faerber-18.Jh_-2-500x500.jpg 500w, https:\/\/dlf.uzh.ch\/sites\/pigmentedernachhaltigkeit\/files\/2022\/05\/Faerber-18.Jh_-2-400x400.jpg 400w, https:\/\/dlf.uzh.ch\/sites\/pigmentedernachhaltigkeit\/files\/2022\/05\/Faerber-18.Jh_-2-200x200.jpg 200w\" sizes=\"auto, (max-width: 300px) 100vw, 300px\">\t\t\t\t\t<\/a>\n\t\t\t\t\t\t\t<\/div>\n\t\t\t\t\t\t<h4 class=\"uagb-post__title uagb-post__text\">\n\t\t\t\t<a href=\"https:\/\/dlf.uzh.ch\/sites\/pigmentedernachhaltigkeit\/2022\/05\/11\/vom-pigment-ins-textil-die-werkzeuge-des-faerbers\/\" target=\"_self\" rel=\"bookmark noopener noreferrer\">Vom Pigment ins Textil \u2014 Die Werkzeuge des F\u00e4rbers<\/a>\n\t\t\t<\/h4>\n\t\t\t\t\t\t<div class=\"uagb-post__text uagb-post-grid-byline\">\n\t\t\t\t\t\t\t<\/div>\n\t\t\t\n\t\t\t\t\t\t\t\t\t<\/article>\n\t\t\t\t\t\t\t\t\t\t\t\t\t\t\t\t<article class=\"uagb-post__inner-wrap\">\t\t\t\t\t\t\t\t<div class=\"uagb-post__image\">\n\t\t\t\t\t\t\t\t\t<a href=\"https:\/\/dlf.uzh.ch\/sites\/pigmentedernachhaltigkeit\/2022\/05\/10\/farbwaar-in-intelligenzblaettern\/\" target=\"_self\" rel=\"bookmark noopener noreferrer\" class=\"uagb-image-ratio-inherit\"><img loading=\"lazy\" decoding=\"async\" width=\"300\" height=\"300\" src=\"https:\/\/dlf.uzh.ch\/sites\/pigmentedernachhaltigkeit\/files\/2022\/04\/Bildschirmfoto-2022-04-26-um-14.27.32-300x300.png\" class=\"attachment-aesop-collection size-aesop-collection\" alt srcset=\"https:\/\/dlf.uzh.ch\/sites\/pigmentedernachhaltigkeit\/files\/2022\/04\/Bildschirmfoto-2022-04-26-um-14.27.32-300x300.png 300w, https:\/\/dlf.uzh.ch\/sites\/pigmentedernachhaltigkeit\/files\/2022\/04\/Bildschirmfoto-2022-04-26-um-14.27.32-150x150.png 150w, https:\/\/dlf.uzh.ch\/sites\/pigmentedernachhaltigkeit\/files\/2022\/04\/Bildschirmfoto-2022-04-26-um-14.27.32-500x500.png 500w, https:\/\/dlf.uzh.ch\/sites\/pigmentedernachhaltigkeit\/files\/2022\/04\/Bildschirmfoto-2022-04-26-um-14.27.32-400x400.png 400w, https:\/\/dlf.uzh.ch\/sites\/pigmentedernachhaltigkeit\/files\/2022\/04\/Bildschirmfoto-2022-04-26-um-14.27.32-200x200.png 200w\" sizes=\"auto, (max-width: 300px) 100vw, 300px\">\t\t\t\t\t<\/a>\n\t\t\t\t\t\t\t<\/div>\n\t\t\t\t\t\t<h4 class=\"uagb-post__title uagb-post__text\">\n\t\t\t\t<a href=\"https:\/\/dlf.uzh.ch\/sites\/pigmentedernachhaltigkeit\/2022\/05\/10\/farbwaar-in-intelligenzblaettern\/\" target=\"_self\" rel=\"bookmark noopener noreferrer\">\u201cFarbwaar\u201d in Intelligenzbl\u00e4ttern<\/a>\n\t\t\t<\/h4>\n\t\t\t\t\t\t<div class=\"uagb-post__text uagb-post-grid-byline\">\n\t\t\t\t\t\t\t<\/div>\n\t\t\t\n\t\t\t\t\t\t\t\t\t<\/article>\n\t\t\t\t\t\t\t\t\t\t\t<\/div>\n\t\t\t","protected":false},"excerpt":{"rendered":"<p>Zeit\u00adstrahl zum nat\u00fcr\u00adlichen und k\u00fcn\u00adstlichen Alizarin<\/p>\n<p> <a class=\"more-link\" href=\"https:\/\/dlf.uzh.ch\/sites\/pigmentedernachhaltigkeit\/2022\/04\/12\/zeitstrahl-zum-natuerlichen-und-kuenstlichen-alizarin\/\">Weit\u00ader\u00adlesen<\/a><\/p>","protected":false},"author":770,"featured_media":2444,"comment_status":"closed","ping_status":"closed","sticky":false,"template":"","format":"standard","meta":{"_uag_custom_page_level_css":"","wp_typography_post_enhancements_disabled":false,"footnotes":""},"categories":[10],"tags":[28],"class_list":{"0":"post-786","1":"post","2":"type-post","3":"status-publish","4":"format-standard","5":"has-post-thumbnail","7":"category-lucia","8":"tag-gruppe-2"},"featured_image_src":"https:\/\/dlf.uzh.ch\/sites\/pigmentedernachhaltigkeit\/files\/2022\/05\/journal_of_the_o2sfuyr_1_cukjed6_download_full-e1652866665903.jpeg","author_info":{"display_name":"lucia","author_link":"https:\/\/dlf.uzh.ch\/sites\/pigmentedernachhaltigkeit\/author\/lucia\/"},"uagb_featured_image_src":{"full":["https:\/\/dlf.uzh.ch\/sites\/pigmentedernachhaltigkeit\/files\/2022\/05\/journal_of_the_o2sfuyr_1_cukjed6_download_full-e1652866665903.jpeg",1312,1127,false],"thumbnail":["https:\/\/dlf.uzh.ch\/sites\/pigmentedernachhaltigkeit\/files\/2022\/05\/journal_of_the_o2sfuyr_1_cukjed6_download_full-e1652866665903-150x150.jpeg",150,150,true],"medium":["https:\/\/dlf.uzh.ch\/sites\/pigmentedernachhaltigkeit\/files\/2022\/05\/journal_of_the_o2sfuyr_1_cukjed6_download_full-e1652866665903-300x258.jpeg",300,258,true],"medium_large":["https:\/\/dlf.uzh.ch\/sites\/pigmentedernachhaltigkeit\/files\/2022\/05\/journal_of_the_o2sfuyr_1_cukjed6_download_full-e1652866665903-768x660.jpeg",768,660,true],"large":["https:\/\/dlf.uzh.ch\/sites\/pigmentedernachhaltigkeit\/files\/2022\/05\/journal_of_the_o2sfuyr_1_cukjed6_download_full-e1652866665903-1024x880.jpeg",800,688,true],"lbsp_12_thumb":["https:\/\/dlf.uzh.ch\/sites\/pigmentedernachhaltigkeit\/files\/2022\/05\/journal_of_the_o2sfuyr_1_cukjed6_download_full-e1652866665903-500x1127.jpeg",500,1127,true],"lbsp_346_thumb":["https:\/\/dlf.uzh.ch\/sites\/pigmentedernachhaltigkeit\/files\/2022\/05\/journal_of_the_o2sfuyr_1_cukjed6_download_full-e1652866665903-400x1127.jpeg",400,1127,true],"lbsp_12_same_size_thumb":["https:\/\/dlf.uzh.ch\/sites\/pigmentedernachhaltigkeit\/files\/2022\/05\/journal_of_the_o2sfuyr_1_cukjed6_download_full-e1652866665903-500x500.jpeg",500,500,true],"lbsp_346_same_size_thumb":["https:\/\/dlf.uzh.ch\/sites\/pigmentedernachhaltigkeit\/files\/2022\/05\/journal_of_the_o2sfuyr_1_cukjed6_download_full-e1652866665903-400x400.jpeg",400,400,true],"1536x1536":["https:\/\/dlf.uzh.ch\/sites\/pigmentedernachhaltigkeit\/files\/2022\/05\/journal_of_the_o2sfuyr_1_cukjed6_download_full-1140x1536.jpeg",1140,1536,true],"2048x2048":["https:\/\/dlf.uzh.ch\/sites\/pigmentedernachhaltigkeit\/files\/2022\/05\/journal_of_the_o2sfuyr_1_cukjed6_download_full-e1652866665903.jpeg",1312,1127,false],"a13_navigation_image_size":["https:\/\/dlf.uzh.ch\/sites\/pigmentedernachhaltigkeit\/files\/2022\/05\/journal_of_the_o2sfuyr_1_cukjed6_download_full-e1652866665903.jpeg",116,100,false],"aesop-cover-img":["https:\/\/dlf.uzh.ch\/sites\/pigmentedernachhaltigkeit\/files\/2022\/05\/journal_of_the_o2sfuyr_1_cukjed6_download_full-e1652866665903-1250x1074.jpeg",1250,1074,true],"aesop-tiny-cover":["https:\/\/dlf.uzh.ch\/sites\/pigmentedernachhaltigkeit\/files\/2022\/05\/journal_of_the_o2sfuyr_1_cukjed6_download_full-e1652866665903-400x344.jpeg",400,344,true],"aesop-component":["https:\/\/dlf.uzh.ch\/sites\/pigmentedernachhaltigkeit\/files\/2022\/05\/journal_of_the_o2sfuyr_1_cukjed6_download_full-e1652866665903-1250x1074.jpeg",1250,1074,true],"aesop-character":["https:\/\/dlf.uzh.ch\/sites\/pigmentedernachhaltigkeit\/files\/2022\/05\/journal_of_the_o2sfuyr_1_cukjed6_download_full-e1652866665903-200x200.jpeg",200,200,true],"aesop-collection":["https:\/\/dlf.uzh.ch\/sites\/pigmentedernachhaltigkeit\/files\/2022\/05\/journal_of_the_o2sfuyr_1_cukjed6_download_full-e1652866665903-300x300.jpeg",300,300,true],"aesop-grid-image":["https:\/\/dlf.uzh.ch\/sites\/pigmentedernachhaltigkeit\/files\/2022\/05\/journal_of_the_o2sfuyr_1_cukjed6_download_full-e1652866665903-400x344.jpeg",400,344,true]},"uagb_author_info":{"display_name":"lucia","author_link":"https:\/\/dlf.uzh.ch\/sites\/pigmentedernachhaltigkeit\/author\/lucia\/"},"uagb_comment_info":0,"uagb_excerpt":"Zeitstrahl zum nat\u00fcrlichen und k\u00fcnstlichen Alizarin","_links":{"self":[{"href":"https:\/\/dlf.uzh.ch\/sites\/pigmentedernachhaltigkeit\/wp-json\/wp\/v2\/posts\/786","targetHints":{"allow":["GET"]}}],"collection":[{"href":"https:\/\/dlf.uzh.ch\/sites\/pigmentedernachhaltigkeit\/wp-json\/wp\/v2\/posts"}],"about":[{"href":"https:\/\/dlf.uzh.ch\/sites\/pigmentedernachhaltigkeit\/wp-json\/wp\/v2\/types\/post"}],"author":[{"embeddable":true,"href":"https:\/\/dlf.uzh.ch\/sites\/pigmentedernachhaltigkeit\/wp-json\/wp\/v2\/users\/770"}],"replies":[{"embeddable":true,"href":"https:\/\/dlf.uzh.ch\/sites\/pigmentedernachhaltigkeit\/wp-json\/wp\/v2\/comments?post=786"}],"version-history":[{"count":61,"href":"https:\/\/dlf.uzh.ch\/sites\/pigmentedernachhaltigkeit\/wp-json\/wp\/v2\/posts\/786\/revisions"}],"predecessor-version":[{"id":2491,"href":"https:\/\/dlf.uzh.ch\/sites\/pigmentedernachhaltigkeit\/wp-json\/wp\/v2\/posts\/786\/revisions\/2491"}],"wp:featuredmedia":[{"embeddable":true,"href":"https:\/\/dlf.uzh.ch\/sites\/pigmentedernachhaltigkeit\/wp-json\/wp\/v2\/media\/2444"}],"wp:attachment":[{"href":"https:\/\/dlf.uzh.ch\/sites\/pigmentedernachhaltigkeit\/wp-json\/wp\/v2\/media?parent=786"}],"wp:term":[{"taxonomy":"category","embeddable":true,"href":"https:\/\/dlf.uzh.ch\/sites\/pigmentedernachhaltigkeit\/wp-json\/wp\/v2\/categories?post=786"},{"taxonomy":"post_tag","embeddable":true,"href":"https:\/\/dlf.uzh.ch\/sites\/pigmentedernachhaltigkeit\/wp-json\/wp\/v2\/tags?post=786"}],"curies":[{"name":"wp","href":"https:\/\/api.w.org\/{rel}","templated":true}]}}