{"id":71,"date":"2022-03-04T09:55:52","date_gmt":"2022-03-04T08:55:52","guid":{"rendered":"https:\/\/dlf.uzh.ch\/sites\/pigmentedernachhaltigkeit\/?p=71"},"modified":"2022-05-18T12:46:30","modified_gmt":"2022-05-18T10:46:30","slug":"der-bedeutendste-rote-farbstoff-in-europa-alizarin","status":"publish","type":"post","link":"https:\/\/dlf.uzh.ch\/sites\/pigmentedernachhaltigkeit\/2022\/03\/04\/der-bedeutendste-rote-farbstoff-in-europa-alizarin\/","title":{"rendered":"Der bedeutendste rote Farbstoff in Europa: Alizarin"},"content":{"rendered":"\n<h2 class=\"wp-block-heading\">Nat\u00fcrliches Alizarin aus F\u00e4rberkrapp<\/h2>\n\n\n\n<div class=\"wp-block-media-text alignwide has-media-on-the-right is-stacked-on-mobile is-vertically-aligned-top\" style=\"grid-template-columns:auto 27%\"><figure class=\"wp-block-media-text__media\"><a href=\"Rubia tinctorum - K\u00f6hler\u2013s Medizinal-Pflanzen-123.jpg - Wikimedia Commons\"><img loading=\"lazy\" decoding=\"async\" width=\"456\" height=\"593\" src=\"https:\/\/dlf.uzh.ch\/sites\/pigmentedernachhaltigkeit\/files\/2022\/05\/Faerberkrapp-Pflanze-und-Wurzel-1.jpg\" alt class=\"wp-image-1078 size-full\" srcset=\"https:\/\/dlf.uzh.ch\/sites\/pigmentedernachhaltigkeit\/files\/2022\/05\/Faerberkrapp-Pflanze-und-Wurzel-1.jpg 456w, https:\/\/dlf.uzh.ch\/sites\/pigmentedernachhaltigkeit\/files\/2022\/05\/Faerberkrapp-Pflanze-und-Wurzel-1-231x300.jpg 231w, https:\/\/dlf.uzh.ch\/sites\/pigmentedernachhaltigkeit\/files\/2022\/05\/Faerberkrapp-Pflanze-und-Wurzel-1-400x520.jpg 400w\" sizes=\"auto, (max-width: 456px) 100vw, 456px\"><\/a><\/figure><div class=\"wp-block-media-text__content\">\n<p>Die Wurzeln von F\u00e4r\u00adberkrapp enthal\u00adten einen roten Farb\u00adstoff: Alizarin. Dieser Farb\u00adstoff diente u.a. zum F\u00e4r\u00adben von Tex\u00adtilien und Gar\u00adnen. Die Farbe, die mit F\u00e4r\u00adberkrappf\u00e4r\u00adbung entste\u00adht heisst T\u00fcrkischrot.<\/p>\n\n\n\n<p><strong>Wirtschaftliche Bedeu\u00adtung<\/strong><\/p>\n\n\n\n<p>Alizarin aus F\u00e4r\u00adberkrapp war der bedeu\u00adtend\u00adste rote Farb\u00adstoff in Europa von der Antike bis zum syn\u00adthetis\u00adchen Alizarin. Bis ins 19. Jahrhun\u00addert galt es als wichtiges Han\u00addelsgut und ver\u00adhalf Bauern zu einem sicheren Einkommen.&nbsp;<\/p>\n<\/div><\/div>\n\n\n\n<div class=\"wp-block-group\"><div class=\"wp-block-group__inner-container is-layout-flow wp-block-group-is-layout-flow\">\n<div class=\"wp-block-group\"><div class=\"wp-block-group__inner-container is-layout-flow wp-block-group-is-layout-flow\">\n<figure class=\"wp-block-pullquote alignright has-text-align-right\" style=\"font-size:15px;font-style:normal;font-weight:300\"><blockquote><p>Ein gelun\u00adgener Krap\u00adpan\u00adbau ver\u00adsprach ein sicheres Einkom\u00admen. Auch Pestalozzi ver\u00adsuchte sich daher im Krap\u00adpan\u00adbau, jedoch erfolglos.<\/p><\/blockquote><\/figure>\n<\/div><\/div>\n<\/div><\/div>\n\n\n\n<p>Die F\u00e4r\u00adberkrapp-Indus\u00adtrie geh\u00f6rt zu den zen\u00adtralen <strong>Fr\u00fchin\u00addus\u00adtrien<\/strong>. Arbei\u00adt\u00adende der T\u00fcrkischrot\u00adf\u00e4r\u00adberei macht\u00aden einen grossen Teil des Pro\u00adle\u00adtari\u00adats im 19. Jh. aus und geh\u00f6rten zu den ersten, die genossen\u00adschaftlich organ\u00adisierte Sozialver\u00adsicherung einf\u00fchrten.<\/p>\n\n\n\n<p>Das Ver\u00adfahren der <strong>T\u00fcrkischrot\u00adf\u00e4r\u00adberei <\/strong>kommt urspr\u00fcnglich aus Kleinasien (daher der Name) ver\u00adbre\u00adit\u00adete sich dann aber in den unter\u00adschiedlich\u00adsten Wel\u00adtre\u00adgio\u00adnen, u.a. auch in Europa. In Europa sel\u00adber ver\u00addr\u00e4ngte dann die lokale, qual\u00adi\u00adta\u00adtiv hochste\u00adhende T\u00fcrkischrot\u00adf\u00e4r\u00adberei den Import von t\u00fcrkischroten Gar\u00adnen und T\u00fcch\u00adern aus dem Ori\u00adent. Statt Import fand dann ein reger, weltweit\u00ader Exporthandel mit gef\u00e4rbten Gar\u00adnen und bedruck\u00adten T\u00fcch\u00adern&nbsp;statt.<\/p>\n\n\n\n<p>Beson\u00adders zen\u00adtral war T\u00fcrkischrot f\u00fcr den Tex\u00adtil\u00addruck, ins\u00adbeson\u00addere f\u00fcr den Indi\u00adennedruck. Mit der Erfind\u00adung des \u00c4tz\u00addrucks gewann F\u00e4r\u00adberkrapp weit\u00ader an Bedeutung.<\/p>\n\n\n\n<div class=\"wp-block-group\"><div class=\"wp-block-group__inner-container is-layout-flow wp-block-group-is-layout-flow\">\n<div class=\"wp-block-cover is-light is-repeated\" style=\"background-image:url(https:\/\/dlf.uzh.ch\/sites\/pigmentedernachhaltigkeit\/files\/2022\/05\/Glarner-Tueechli.jpg);min-height:50px;aspect-ratio:unset;\"><span aria-hidden=\"true\" class=\"has-black-background-color wp-block-cover__gradient-background has-background-dim\"><\/span><div class=\"wp-block-cover__inner-container is-layout-flow wp-block-cover-is-layout-flow\">\n<p style=\"text-align: left\"><span style=\"background-color: #9e2527;color: #ffffff\"><strong>\u00c4tz\u00addruck:<\/strong><\/span><\/p>\n<p style=\"text-align: left\"><span style=\"background-color: #9e2527;color: #ffffff\"><strong>T\u00fcrkischrot gef\u00e4rbter Stoff mit S\u00e4ure bedruck\u00aden, die S\u00e4ure \u00e4tzt die rote Farbe&nbsp;weg.<\/strong><\/span><\/p>\n<p style=\"text-align: left\"><span style=\"background-color: #9e2527;color: #ffffff\"><strong>Ergeb\u00adnis: weiss\u00ades Druck\u00admuster auf rotem Hintergrund<\/strong><\/span><\/p>\n<p style=\"text-align: left\"><span style=\"color: #ffffff;background-color: #9e2527\">Beispiel: Glarn\u00ader T\u00fcechli&nbsp;<\/span><\/p>\n<\/div><\/div>\n<\/div><\/div>\n\n\n\n<p><\/p>\n\n\n\n<div class=\"wp-block-group\"><div class=\"wp-block-group__inner-container is-layout-flow wp-block-group-is-layout-flow\">\n<div class=\"wp-block-columns are-vertically-aligned-center is-layout-flex wp-container-core-columns-is-layout-9d6595d7 wp-block-columns-is-layout-flex\">\n<div class=\"wp-block-column is-vertically-aligned-center is-layout-flow wp-block-column-is-layout-flow\" style=\"flex-basis:100%\">\n<div class=\"wp-block-group\"><div class=\"wp-block-group__inner-container is-layout-flow wp-block-group-is-layout-flow\">\n<div class=\"wp-block-group\"><div class=\"wp-block-group__inner-container is-layout-flow wp-block-group-is-layout-flow\">\n<div class=\"wp-block-cover\" style=\"min-height:50px;aspect-ratio:unset;\"><span aria-hidden=\"true\" class=\"has-black-background-color has-background-dim-60 wp-block-cover__gradient-background has-background-dim\"><\/span><img loading=\"lazy\" decoding=\"async\" width=\"1024\" height=\"1024\" class=\"wp-block-cover__image-background wp-image-1018\" alt src=\"https:\/\/dlf.uzh.ch\/sites\/pigmentedernachhaltigkeit\/files\/2022\/05\/Flag_of_Switzerland.svg_-1024x1024.png\" data-object-fit=\"cover\" srcset=\"https:\/\/dlf.uzh.ch\/sites\/pigmentedernachhaltigkeit\/files\/2022\/05\/Flag_of_Switzerland.svg_-1024x1024.png 1024w, https:\/\/dlf.uzh.ch\/sites\/pigmentedernachhaltigkeit\/files\/2022\/05\/Flag_of_Switzerland.svg_-300x300.png 300w, https:\/\/dlf.uzh.ch\/sites\/pigmentedernachhaltigkeit\/files\/2022\/05\/Flag_of_Switzerland.svg_-150x150.png 150w, https:\/\/dlf.uzh.ch\/sites\/pigmentedernachhaltigkeit\/files\/2022\/05\/Flag_of_Switzerland.svg_-768x768.png 768w, https:\/\/dlf.uzh.ch\/sites\/pigmentedernachhaltigkeit\/files\/2022\/05\/Flag_of_Switzerland.svg_-500x500.png 500w, https:\/\/dlf.uzh.ch\/sites\/pigmentedernachhaltigkeit\/files\/2022\/05\/Flag_of_Switzerland.svg_-400x400.png 400w, https:\/\/dlf.uzh.ch\/sites\/pigmentedernachhaltigkeit\/files\/2022\/05\/Flag_of_Switzerland.svg_-1536x1536.png 1536w, https:\/\/dlf.uzh.ch\/sites\/pigmentedernachhaltigkeit\/files\/2022\/05\/Flag_of_Switzerland.svg_.png 2048w, https:\/\/dlf.uzh.ch\/sites\/pigmentedernachhaltigkeit\/files\/2022\/05\/Flag_of_Switzerland.svg_-1250x1250.png 1250w, https:\/\/dlf.uzh.ch\/sites\/pigmentedernachhaltigkeit\/files\/2022\/05\/Flag_of_Switzerland.svg_-200x200.png 200w\" sizes=\"auto, (max-width: 1024px) 100vw, 1024px\"><div class=\"wp-block-cover__inner-container is-layout-flow wp-block-cover-is-layout-flow\">\n<p><span style=\"background-color: #9e2509\"><strong>T<span style=\"color: #ffffff\">\u00fcrkischrot in der Schweiz<\/span><\/strong><\/span><\/p>\n<p><span style=\"color: #ffffff;background-color: #9e2509\">Das bis heute \u00fcber Lan\u00addes\u00adgren\u00adzen hin\u00adaus bekan\u00adnte \u201cGlarn\u00ader T\u00fcech\u00adli\u201d ste\u00adht exem\u00adplar\u00adisch f\u00fcr die Bedeu\u00adtung von Tex\u00adtil\u00addruck mit T\u00fcrkischrot in der Schweiz. Glarus, Thur\u00adgau, St. Gallen und Z\u00fcrich waren hierzu\u00adlande zen\u00adtrale Stan\u00addorte f\u00fcr Tex\u00adtil\u00addruck und F\u00e4r\u00adberei mit T\u00fcrkischrot. Im Drahtschmidli (heute Kul\u00adturhaus Dynamo) in Z\u00fcrich ent\u00adstand 1784 die erste Rot\u00adfarb der Schweiz.<\/span><\/p>\n<\/div><\/div>\n<\/div><\/div>\n<\/div><\/div>\n<\/div>\n<\/div>\n<\/div><\/div>\n\n\n\n<div class=\"wp-block-image\"><figure class=\"alignright size-large is-resized\"><img loading=\"lazy\" decoding=\"async\" src=\"https:\/\/dlf.uzh.ch\/sites\/pigmentedernachhaltigkeit\/files\/2022\/05\/Krappwurzeln-getrocknet-1024x768.jpg\" alt class=\"wp-image-1091\" width=\"281\" height=\"211\" srcset=\"https:\/\/dlf.uzh.ch\/sites\/pigmentedernachhaltigkeit\/files\/2022\/05\/Krappwurzeln-getrocknet-1024x768.jpg 1024w, https:\/\/dlf.uzh.ch\/sites\/pigmentedernachhaltigkeit\/files\/2022\/05\/Krappwurzeln-getrocknet-300x225.jpg 300w, https:\/\/dlf.uzh.ch\/sites\/pigmentedernachhaltigkeit\/files\/2022\/05\/Krappwurzeln-getrocknet-768x576.jpg 768w, https:\/\/dlf.uzh.ch\/sites\/pigmentedernachhaltigkeit\/files\/2022\/05\/Krappwurzeln-getrocknet-1536x1152.jpg 1536w, https:\/\/dlf.uzh.ch\/sites\/pigmentedernachhaltigkeit\/files\/2022\/05\/Krappwurzeln-getrocknet-2048x1536.jpg 2048w, https:\/\/dlf.uzh.ch\/sites\/pigmentedernachhaltigkeit\/files\/2022\/05\/Krappwurzeln-getrocknet-1250x938.jpg 1250w, https:\/\/dlf.uzh.ch\/sites\/pigmentedernachhaltigkeit\/files\/2022\/05\/Krappwurzeln-getrocknet-400x300.jpg 400w\" sizes=\"auto, (max-width: 281px) 100vw, 281px\"><figcaption>Getrock\u00adnete Krap\u00adp\u00adwurzeln<br>Quelle: <a href=\"https:\/\/commons.wikimedia.org\/wiki\/File:Rubii1.JPG\">File:Rubii1.JPG \u2014 Wiki\u00adme\u00addia Commons<\/a><\/figcaption><\/figure><\/div>\n\n\n\n<figure class=\"wp-block-table is-style-stripes\"><table><tbody><tr><td>Pro\u00adduk\u00adtion, Gewinnung<\/td><td>Krapp\u00adbauern<\/td><td>Gewin\u00adnung: Krap\u00adp\u00adwurzeln von ca. drei\u00adj\u00e4hri\u00adgen Pflanzen ern\u00adten, Wurzeln waschen, z.T. mit Dampf behan\u00addeln, trock\u00adnen, dreschen (Wurzel\u00adhaare und Ober\u00adhaut ent\u00adfer\u00adnen = beraubter Krapp). Wurzeln zu Pul\u00adver zer\u00adstossen. (Welche Schritte davon machen die Bauern?)<br>Aus\u00adbeute: 5\u201310% der Trock\u00aden\u00admasse der Wurzeln<\/td><\/tr><tr><td>Ver\u00admit\u00adtlung<\/td><td>Kau\u00adfleute<\/td><td><\/td><\/tr><tr><td>Ver\u00adbrauch<\/td><td>F\u00e4r\u00adbereien, Textildruckereien<\/td><td>Rot\u00adfar\u00adben: Viele unter\u00adschiedliche Prozesse f\u00fcr die F\u00e4r\u00adberei, daher viele unter\u00adschiedlich aus\u00adges\u00adtat\u00adtete R\u00e4ume und oft weitl\u00e4u\u00adfige Fab\u00adrikan\u00adla\u00adgen. Wahrze\u00adichen sind die hohen Trock\u00aden\u00adt\u00fcrme (= H\u00e4nget\u00fcrme, \u201cH\u00e4nki\u00adturm\u201d, Lufth\u00e4n\u00adgen). Diese mussten bei schlechtem Wet\u00adter beheizt wer\u00adden (= Heis\u00adsh\u00e4nge), was oft zu Br\u00e4n\u00adden f\u00fchrte, weil in den Heis\u00adsh\u00e4n\u00adgen die frisch ge\u00f6l\u00adten T\u00fcch\u00ader oft Feuer fin\u00adgen. (Quelle dazu: <a rel=\"noreferrer noopener\" href=\"http:\/\/scope.staatsarchiv.sg.ch\/detail.aspx?ID=449673\" target=\"_blank\">KPP 1\/78.11 Rot\u00adfarb: Wieder\u00adauf\u00adbaupro\u00adjekt des Tr\u00f6ck\u00adne\u00adturmes f\u00fcr die Rot\u00adf\u00e4r\u00adberei von Got\u00adtfried Hof\u00admann, Ansicht\u00aden, Grun\u00addrisse und Schn\u2026 (1898.07) (sg.ch)<\/a> ). Als sich syn\u00adthetis\u00adches Alizarin durchge\u00adset\u00adzt hat\u00adte, wur\u00adden viele Trock\u00aden\u00adt\u00fcrme abge\u00adbrochen und das Mate\u00adr\u00adi\u00adal f\u00fcr andere Baut\u00aden wiederverwendet.&nbsp;<\/td><\/tr><\/tbody><\/table><\/figure>\n\n\n\n<div class=\"wp-block-image\"><figure class=\"alignright size-large is-resized\"><img loading=\"lazy\" decoding=\"async\" src=\"https:\/\/dlf.uzh.ch\/sites\/pigmentedernachhaltigkeit\/files\/2022\/05\/Haenkiturm-Screenshot-1024x681.png\" alt class=\"wp-image-1050\" width=\"213\" height=\"141\" srcset=\"https:\/\/dlf.uzh.ch\/sites\/pigmentedernachhaltigkeit\/files\/2022\/05\/Haenkiturm-Screenshot-1024x681.png 1024w, https:\/\/dlf.uzh.ch\/sites\/pigmentedernachhaltigkeit\/files\/2022\/05\/Haenkiturm-Screenshot-300x200.png 300w, https:\/\/dlf.uzh.ch\/sites\/pigmentedernachhaltigkeit\/files\/2022\/05\/Haenkiturm-Screenshot-768x511.png 768w, https:\/\/dlf.uzh.ch\/sites\/pigmentedernachhaltigkeit\/files\/2022\/05\/Haenkiturm-Screenshot-400x266.png 400w, https:\/\/dlf.uzh.ch\/sites\/pigmentedernachhaltigkeit\/files\/2022\/05\/Haenkiturm-Screenshot.png 1093w\" sizes=\"auto, (max-width: 213px) 100vw, 213px\"><figcaption>Der H\u00e4nki\u00adturm beim Muse\u00adum Kun\u00adst + Wis\u00adsen in Diessen\u00adhofen, das eine ehe\u00adma\u00adlige Rot\u00adfarb ist.<br>Quelle: <a href=\"https:\/\/www.tagblatt.ch\/ostschweiz\/frauenfeld\/museum-kunstwissen-jubilaeum-und-ausstellung-mein-diessenhofen-ld.1127929\">Muse\u00adum Kunst+Wissen: Jubil\u00e4um und Ausstel\u00adlung \u00abMein Diessen\u00adhofen\u00bb (tagblatt.ch)<\/a> (mit Genehmi\u00adgung des Fotografen)<\/figcaption><\/figure><\/div>\n\n\n\n<h2 class=\"wp-block-heading\">Synthetisches Alizarin aus dem&nbsp;Labor<\/h2>\n\n\n\n<div class=\"wp-block-media-text alignwide is-stacked-on-mobile\" style=\"grid-template-columns:27% auto\"><figure class=\"wp-block-media-text__media\"><img loading=\"lazy\" decoding=\"async\" width=\"1024\" height=\"768\" src=\"https:\/\/dlf.uzh.ch\/sites\/pigmentedernachhaltigkeit\/files\/2022\/05\/Alizarin-sample-1024x768.jpg\" alt class=\"wp-image-1088 size-full\" srcset=\"https:\/\/dlf.uzh.ch\/sites\/pigmentedernachhaltigkeit\/files\/2022\/05\/Alizarin-sample-1024x768.jpg 1024w, https:\/\/dlf.uzh.ch\/sites\/pigmentedernachhaltigkeit\/files\/2022\/05\/Alizarin-sample-300x225.jpg 300w, https:\/\/dlf.uzh.ch\/sites\/pigmentedernachhaltigkeit\/files\/2022\/05\/Alizarin-sample-768x576.jpg 768w, https:\/\/dlf.uzh.ch\/sites\/pigmentedernachhaltigkeit\/files\/2022\/05\/Alizarin-sample-1536x1152.jpg 1536w, https:\/\/dlf.uzh.ch\/sites\/pigmentedernachhaltigkeit\/files\/2022\/05\/Alizarin-sample-1250x937.jpg 1250w, https:\/\/dlf.uzh.ch\/sites\/pigmentedernachhaltigkeit\/files\/2022\/05\/Alizarin-sample-400x300.jpg 400w, https:\/\/dlf.uzh.ch\/sites\/pigmentedernachhaltigkeit\/files\/2022\/05\/Alizarin-sample.jpg 1639w\" sizes=\"auto, (max-width: 1024px) 100vw, 1024px\"><\/figure><div class=\"wp-block-media-text__content\">\n<p class=\"has-medium-font-size\">1868 wurde Alizarin zum ersten Mal syn\u00adthetisch hergestellt. C. Graebe und C. Lieber\u00admann von den Farb\u00adw\u00aderken Hoechst ist dies als erstes gelun\u00adgen. Sie benutzen daf\u00fcr ein Abfall\u00adpro\u00addukt: <strong>Steinkohlen\u00adteer<\/strong>. Dieser f\u00e4llt z.B. bei der Leucht\u00adgash\u00ader\u00adstel\u00adlung an. Genauer gesagt benutzten sie ein Pro\u00addukt aus Steinkohlen\u00adteer: <strong>Anthra\u00adcen<\/strong>. Daraus entwick\u00adel\u00adten sie dann auch eine kom\u00admerziell konkur\u00adren\u00adzf\u00e4hige Syn\u00adthese von Alizarin.<\/p>\n<\/div><\/div>\n\n\n\n<p><strong>Wirtschaftliche Bedeu\u00adtung<\/strong><\/p>\n\n\n\n<p>Die heute sehr ein\u00adflussre\u00adiche chemis\u00adche Indus\u00adtrie fing mit der Farb\u00adstoffind\u00adus\u00adtrie an. Der Auf\u00adschwung der chemis\u00adchen Indus\u00adtrie geht ein\u00ader\u00adseits auf die Entwick\u00adlung der Tex\u00adtilin\u00addus\u00adtrie zur\u00fcck und ander\u00ader\u00adseits auf die Entwick\u00adlung von syn\u00adthetis\u00adchen Farb\u00adstof\u00adfen. Dabei ver\u00adloren nat\u00fcr\u00adliche Farb\u00adstoffe allm\u00e4h\u00adlich an Bedeu\u00adtung. Auch die Geschichte von Alizarin ist eine Geschichte der Ver\u00addr\u00e4n\u00adgung: das k\u00fcn\u00adstlich syn\u00adthetisierte Alizarin ver\u00addr\u00e4ngte allm\u00e4h\u00adlich sein nat\u00fcr\u00adlich\u00ades Pen\u00addant. Jedoch geschah das nicht auf einen Schlag, son\u00addern schle\u00adichend. Ein Grund f\u00fcr diesen schle\u00adichen\u00adden \u00dcber\u00adgang sind die ver\u00adwen\u00adde\u00adten Zwis\u00adchen\u00adfor\u00admen von Alizarin, die irgend\u00adwo zwis\u00adchen auss\u00adchliesslich k\u00fcn\u00adstlich und g\u00e4n\u00adzlich nat\u00fcr\u00adlich einzuord\u00adnen&nbsp;sind.&nbsp;<\/p>\n\n\n\n<div class=\"wp-block-buttons is-layout-flex wp-block-buttons-is-layout-flex\">\n<div class=\"wp-block-button is-style-outline is-style-outline--1\"><a class=\"wp-block-button__link has-background\" style=\"background:linear-gradient(90deg,rgba(255,105,0,1) 0%,rgb(207,46,46) 100%)\"><strong>Mehr erfahren: <\/strong><\/a><\/div>\n\n\n\n<div class=\"wp-block-button is-style-outline is-style-outline--2\"><a class=\"wp-block-button__link\" href=\"https:\/\/dlf.uzh.ch\/sites\/pigmentedernachhaltigkeit\/2022\/04\/26\/weshalb-die-verdraengung\/\">Wieso fand diese Ver\u00addr\u00e4n\u00adgung&nbsp;statt?&nbsp;<\/a><\/div>\n\n\n\n<div class=\"wp-block-button is-style-outline is-style-outline--3\"><a class=\"wp-block-button__link\" href=\"https:\/\/dlf.uzh.ch\/sites\/pigmentedernachhaltigkeit\/2022\/05\/01\/verdraengung-konkret-was-wurde-aus-den-faerberkrapp-firmen-bauern-gebieten\/\" target=\"_blank\" rel=\"noreferrer noopener\">Wie sah sie konkret aus?<\/a><\/div>\n<\/div>\n\n\n\n<h2 class=\"wp-block-heading\">Wichtige Begriffe<\/h2>\n\n\n\n<div class=\"wp-block-buttons is-content-justification-left is-layout-flex wp-container-core-buttons-is-layout-fdcfc74e wp-block-buttons-is-layout-flex\">\n<div class=\"wp-block-button has-custom-font-size has-medium-font-size\"><a class=\"wp-block-button__link\" style=\"border-radius:100px\">Farb\u00admit\u00adtel<\/a><\/div>\n\n\n\n<div class=\"wp-block-button is-style-fill\"><a class=\"wp-block-button__link\">Pig\u00adment<\/a><\/div>\n\n\n\n<div class=\"wp-block-button\"><a class=\"wp-block-button__link\">Farb\u00adstoff<\/a><\/div>\n\n\n\n<div class=\"wp-block-button\"><a class=\"wp-block-button__link\">Extrakt<\/a><\/div>\n\n\n\n<div class=\"wp-block-button\"><a class=\"wp-block-button__link\">Pr\u00e4\u00adparat<\/a><\/div>\n\n\n\n<div class=\"wp-block-button\"><a class=\"wp-block-button__link\">Anil\u00adin\u00adfar\u00adben<\/a><\/div>\n\n\n\n<div class=\"wp-block-button\"><a class=\"wp-block-button__link\">Teer\u00adfar\u00adben<\/a><\/div>\n\n\n\n<div class=\"wp-block-button\"><a class=\"wp-block-button__link\">Steinkohlen\u00adteer<\/a><\/div>\n\n\n\n<div class=\"wp-block-button\"><a class=\"wp-block-button__link\">Anilin<\/a><\/div>\n\n\n\n<div class=\"wp-block-button\"><a class=\"wp-block-button__link\">Phe\u00adnol<\/a><\/div>\n\n\n\n<div class=\"wp-block-button\"><a class=\"wp-block-button__link\">Anthra\u00adcen<\/a><\/div>\n\n\n\n<div class=\"wp-block-button\"><a class=\"wp-block-button__link\">F\u00e4r\u00adberkrapp<\/a><\/div>\n\n\n\n<div class=\"wp-block-button\"><a class=\"wp-block-button__link\">Alizarin<\/a><\/div>\n\n\n\n<div class=\"wp-block-button\"><a class=\"wp-block-button__link\">T\u00fcrkischrot<\/a><\/div>\n\n\n\n<div class=\"wp-block-button\"><a class=\"wp-block-button__link\">Rot\u00adfarb<\/a><\/div>\n\n\n\n<div class=\"wp-block-button\"><a class=\"wp-block-button__link\">Garancine<\/a><\/div>\n\n\n\n<div class=\"wp-block-button\"><a class=\"wp-block-button__link\">Gewer\u00adbepflanzen<\/a><\/div>\n\n\n\n<div class=\"wp-block-button\"><a class=\"wp-block-button__link\">F\u00e4r\u00adberpflanzen<\/a><\/div>\n<\/div>\n\n\n\n<div style=\"height:100px\" aria-hidden=\"true\" class=\"wp-block-spacer\"><\/div>\n\n\n\n<hr class=\"wp-block-separator is-style-default\">\n\n\n\n<p class=\"has-small-font-size\"><strong>Rel\u00ade\u00advante Literatur:<\/strong><\/p>\n\n\n\n<p class=\"has-small-font-size\">Alizarin, wikipedia.org, 13.05.2022, &lt;<a href=\"https:\/\/de.wikipedia.org\/wiki\/Alizarin\">https:\/\/de.wikipedia.org\/wiki\/Alizarin<\/a>&gt;<\/p>\n\n\n\n<p class=\"has-small-font-size\">F\u00e4r\u00adberkrapp, materialarchiv.ch, 13.05.2022 &lt;<a href=\"https:\/\/materialarchiv.ch\/de\/ma:material_2001\/\">https:\/\/materialarchiv.ch\/de\/ma:material_2001\/<\/a>&gt;<\/p>\n\n\n\n<p class=\"has-small-font-size\">T\u00fcrkischrot, wikipedia.org, 13.05.2022 &lt;<a href=\"https:\/\/de.wikipedia.org\/wiki\/T%C3%BCrkischrotf%C3%A4rbung\">https:\/\/de.wikipedia.org\/wiki\/T%C3%BCrkischrotf%C3%A4rbung<\/a>&gt;<\/p>\n\n\n\n<p class=\"has-small-font-size\"><strong>Bildquellen:<\/strong><\/p>\n\n\n\n<p class=\"has-small-font-size\"><a rel=\"noreferrer noopener\" href=\"https:\/\/commons.wikimedia.org\/wiki\/File:Alizarin-sample.jpg\" target=\"_blank\">Beitrags\u00adbild<\/a>, <a rel=\"noreferrer noopener\" href=\"Rubia tinctorum - K\u00f6hler\u2013s Medizinal-Pflanzen-123.jpg - Wikimedia Commons\" target=\"_blank\">Abb. 1<\/a>, <a rel=\"noreferrer noopener\" href=\"Original Glarner T\u00fcechli.jpg \u2013 Wikipedia\" target=\"_blank\">Abb. 2<\/a>, <a rel=\"noreferrer noopener\" href=\"Flag of Switzerland.svg - Wikimedia Commons\" target=\"_blank\">Abb. 3<\/a>, <a rel=\"noreferrer noopener\" href=\"Rubii1.JPG - Wikimedia Commons\" target=\"_blank\">Abb. 4<\/a>, <a rel=\"noreferrer noopener\" href=\"http:\/\/Museum Kunst+Wissen: Jubil\u00e4um und Ausstellung \u00abMein Diessenhofen\u00bb (tagblatt.ch)\" target=\"_blank\">Abb. 5<\/a> (mit Genehmi\u00adgung des Fotografen), <a rel=\"noreferrer noopener\" href=\"Alizarin-sample.jpg - Wikimedia Commons\" target=\"_blank\">Abb. 6 <\/a><\/p>\n\n\n\n<p><\/p>\n\n\n\n<h3 class=\"wp-block-heading\">Weitere Beitr\u00e4ge<\/h3>\n\n\n\n\t\t\t<div class=\"wp-block-uagb-post-grid uagb-post-grid  uagb-post__image-position-top uagb-post__image-enabled uagb-block-a1d55f99     uagb-post__items uagb-post__columns-3 is-grid uagb-post__columns-tablet-2 uagb-post__columns-mobile-1 uagb-post__equal-height\" data-total=\"1\" style>\n\n\t\t\t\t\t\t\t\t\t\t\t\t<article class=\"uagb-post__inner-wrap\">\t\t\t\t\t\t\t\t<div class=\"uagb-post__image\">\n\t\t\t\t\t\t\t\t\t<a href=\"https:\/\/dlf.uzh.ch\/sites\/pigmentedernachhaltigkeit\/2022\/05\/11\/die-faerbewerkstatt-wo-die-bunte-welt-beginnt\/\" target=\"_self\" rel=\"bookmark noopener noreferrer\" class=\"uagb-image-ratio-inherit\"><img loading=\"lazy\" decoding=\"async\" width=\"290\" height=\"300\" src=\"https:\/\/dlf.uzh.ch\/sites\/pigmentedernachhaltigkeit\/files\/2022\/05\/Faerber-Sammelbild-1-290x300.jpg\" class=\"attachment-aesop-collection size-aesop-collection\" alt>\t\t\t\t\t<\/a>\n\t\t\t\t\t\t\t<\/div>\n\t\t\t\t\t\t<h4 class=\"uagb-post__title uagb-post__text\">\n\t\t\t\t<a href=\"https:\/\/dlf.uzh.ch\/sites\/pigmentedernachhaltigkeit\/2022\/05\/11\/die-faerbewerkstatt-wo-die-bunte-welt-beginnt\/\" target=\"_self\" rel=\"bookmark noopener noreferrer\">Die F\u00e4rbewerkstatt \u2014 Wo die bunte Welt beginnt<\/a>\n\t\t\t<\/h4>\n\t\t\t\t\t\t<div class=\"uagb-post__text uagb-post-grid-byline\">\n\t\t\t\t\t\t\t<\/div>\n\t\t\t\n\t\t\t\t\t\t\t\t\t<\/article>\n\t\t\t\t\t\t\t\t\t\t\t\t\t\t\t\t<article class=\"uagb-post__inner-wrap\">\t\t\t\t\t\t\t\t<div class=\"uagb-post__image\">\n\t\t\t\t\t\t\t\t\t<a href=\"https:\/\/dlf.uzh.ch\/sites\/pigmentedernachhaltigkeit\/2022\/04\/01\/fragen-der-nachhaltigkeit-an-fruehneuzeitliche-handelsketten-von-farbstoffen\/\" target=\"_self\" rel=\"bookmark noopener noreferrer\" class=\"uagb-image-ratio-inherit\"><img loading=\"lazy\" decoding=\"async\" width=\"300\" height=\"300\" src=\"https:\/\/dlf.uzh.ch\/sites\/pigmentedernachhaltigkeit\/files\/2022\/05\/Faerber-18.Jh_-300x300.jpg\" class=\"attachment-aesop-collection size-aesop-collection\" alt srcset=\"https:\/\/dlf.uzh.ch\/sites\/pigmentedernachhaltigkeit\/files\/2022\/05\/Faerber-18.Jh_-300x300.jpg 300w, https:\/\/dlf.uzh.ch\/sites\/pigmentedernachhaltigkeit\/files\/2022\/05\/Faerber-18.Jh_-150x150.jpg 150w, https:\/\/dlf.uzh.ch\/sites\/pigmentedernachhaltigkeit\/files\/2022\/05\/Faerber-18.Jh_-500x500.jpg 500w, https:\/\/dlf.uzh.ch\/sites\/pigmentedernachhaltigkeit\/files\/2022\/05\/Faerber-18.Jh_-400x400.jpg 400w, https:\/\/dlf.uzh.ch\/sites\/pigmentedernachhaltigkeit\/files\/2022\/05\/Faerber-18.Jh_-200x200.jpg 200w\" sizes=\"auto, (max-width: 300px) 100vw, 300px\">\t\t\t\t\t<\/a>\n\t\t\t\t\t\t\t<\/div>\n\t\t\t\t\t\t<h4 class=\"uagb-post__title uagb-post__text\">\n\t\t\t\t<a href=\"https:\/\/dlf.uzh.ch\/sites\/pigmentedernachhaltigkeit\/2022\/04\/01\/fragen-der-nachhaltigkeit-an-fruehneuzeitliche-handelsketten-von-farbstoffen\/\" target=\"_self\" rel=\"bookmark noopener noreferrer\">Fragen der Nachhaltigkeit an fr\u00fchneuzeitliche Handelsketten von Farbstoffen<\/a>\n\t\t\t<\/h4>\n\t\t\t\t\t\t<div class=\"uagb-post__text uagb-post-grid-byline\">\n\t\t\t\t\t\t\t<\/div>\n\t\t\t\n\t\t\t\t\t\t\t\t\t<\/article>\n\t\t\t\t\t\t\t\t\t\t\t\t\t\t\t\t<article class=\"uagb-post__inner-wrap\">\t\t\t\t\t\t\t\t<div class=\"uagb-post__image\">\n\t\t\t\t\t\t\t\t\t<a href=\"https:\/\/dlf.uzh.ch\/sites\/pigmentedernachhaltigkeit\/2021\/08\/24\/was-versteht-ihr-unter-nachhaltigkeit\/\" target=\"_self\" rel=\"bookmark noopener noreferrer\" class=\"uagb-image-ratio-inherit\"><img loading=\"lazy\" decoding=\"async\" width=\"300\" height=\"300\" src=\"https:\/\/dlf.uzh.ch\/sites\/pigmentedernachhaltigkeit\/files\/2022\/04\/PHOTO-2022-02-10-09-36-07-1-300x300.jpg\" class=\"attachment-aesop-collection size-aesop-collection\" alt srcset=\"https:\/\/dlf.uzh.ch\/sites\/pigmentedernachhaltigkeit\/files\/2022\/04\/PHOTO-2022-02-10-09-36-07-1-300x300.jpg 300w, https:\/\/dlf.uzh.ch\/sites\/pigmentedernachhaltigkeit\/files\/2022\/04\/PHOTO-2022-02-10-09-36-07-1-150x150.jpg 150w, https:\/\/dlf.uzh.ch\/sites\/pigmentedernachhaltigkeit\/files\/2022\/04\/PHOTO-2022-02-10-09-36-07-1-500x500.jpg 500w, https:\/\/dlf.uzh.ch\/sites\/pigmentedernachhaltigkeit\/files\/2022\/04\/PHOTO-2022-02-10-09-36-07-1-400x400.jpg 400w, https:\/\/dlf.uzh.ch\/sites\/pigmentedernachhaltigkeit\/files\/2022\/04\/PHOTO-2022-02-10-09-36-07-1-200x200.jpg 200w\" sizes=\"auto, (max-width: 300px) 100vw, 300px\">\t\t\t\t\t<\/a>\n\t\t\t\t\t\t\t<\/div>\n\t\t\t\t\t\t<h4 class=\"uagb-post__title uagb-post__text\">\n\t\t\t\t<a href=\"https:\/\/dlf.uzh.ch\/sites\/pigmentedernachhaltigkeit\/2021\/08\/24\/was-versteht-ihr-unter-nachhaltigkeit\/\" target=\"_self\" rel=\"bookmark noopener noreferrer\">\u2018Was versteht ihr unter Nachhaltigkeit?\u2019<\/a>\n\t\t\t<\/h4>\n\t\t\t\t\t\t<div class=\"uagb-post__text uagb-post-grid-byline\">\n\t\t\t\t\t\t\t<\/div>\n\t\t\t\n\t\t\t\t\t\t\t\t\t<\/article>\n\t\t\t\t\t\t\t\t\t\t\t<\/div>\n\t\t\t","protected":false},"excerpt":{"rendered":"<p>Die Wurzeln von F\u00e4r\u00adberkrapp enthal\u00adten einen roten Farb\u00adstoff: Alizarin.&nbsp;<\/p>\n<p> <a class=\"more-link\" href=\"https:\/\/dlf.uzh.ch\/sites\/pigmentedernachhaltigkeit\/2022\/03\/04\/der-bedeutendste-rote-farbstoff-in-europa-alizarin\/\">Weit\u00ader\u00adlesen<\/a><\/p>","protected":false},"author":770,"featured_media":784,"comment_status":"closed","ping_status":"closed","sticky":false,"template":"","format":"standard","meta":{"_uag_custom_page_level_css":"","wp_typography_post_enhancements_disabled":false,"footnotes":""},"categories":[10],"tags":[15,17,27,24,20,16,21,23,22,25,19,18],"class_list":{"0":"post-71","1":"post","2":"type-post","3":"status-publish","4":"format-standard","5":"has-post-thumbnail","7":"category-lucia","8":"tag-alizarin","9":"tag-faerberkrapp","10":"tag-gruppe-3","11":"tag-industrie","12":"tag-krapp","13":"tag-rot","14":"tag-rotfarb","15":"tag-steinkohlenteer","16":"tag-synthetisch","17":"tag-teerfarben","18":"tag-textildruck","19":"tag-tuerkischrot"},"featured_image_src":"https:\/\/dlf.uzh.ch\/sites\/pigmentedernachhaltigkeit\/files\/2022\/03\/Alizarin-sample.jpg","author_info":{"display_name":"lucia","author_link":"https:\/\/dlf.uzh.ch\/sites\/pigmentedernachhaltigkeit\/author\/lucia\/"},"uagb_featured_image_src":{"full":["https:\/\/dlf.uzh.ch\/sites\/pigmentedernachhaltigkeit\/files\/2022\/03\/Alizarin-sample.jpg",1639,1229,false],"thumbnail":["https:\/\/dlf.uzh.ch\/sites\/pigmentedernachhaltigkeit\/files\/2022\/03\/Alizarin-sample-150x150.jpg",150,150,true],"medium":["https:\/\/dlf.uzh.ch\/sites\/pigmentedernachhaltigkeit\/files\/2022\/03\/Alizarin-sample-300x225.jpg",300,225,true],"medium_large":["https:\/\/dlf.uzh.ch\/sites\/pigmentedernachhaltigkeit\/files\/2022\/03\/Alizarin-sample-768x576.jpg",768,576,true],"large":["https:\/\/dlf.uzh.ch\/sites\/pigmentedernachhaltigkeit\/files\/2022\/03\/Alizarin-sample-1024x768.jpg",800,600,true],"lbsp_12_thumb":["https:\/\/dlf.uzh.ch\/sites\/pigmentedernachhaltigkeit\/files\/2022\/03\/Alizarin-sample-500x1229.jpg",500,1229,true],"lbsp_346_thumb":["https:\/\/dlf.uzh.ch\/sites\/pigmentedernachhaltigkeit\/files\/2022\/03\/Alizarin-sample-400x1229.jpg",400,1229,true],"lbsp_12_same_size_thumb":["https:\/\/dlf.uzh.ch\/sites\/pigmentedernachhaltigkeit\/files\/2022\/03\/Alizarin-sample-500x500.jpg",500,500,true],"lbsp_346_same_size_thumb":["https:\/\/dlf.uzh.ch\/sites\/pigmentedernachhaltigkeit\/files\/2022\/03\/Alizarin-sample-400x400.jpg",400,400,true],"1536x1536":["https:\/\/dlf.uzh.ch\/sites\/pigmentedernachhaltigkeit\/files\/2022\/03\/Alizarin-sample-1536x1152.jpg",1536,1152,true],"2048x2048":["https:\/\/dlf.uzh.ch\/sites\/pigmentedernachhaltigkeit\/files\/2022\/03\/Alizarin-sample.jpg",1639,1229,false],"a13_navigation_image_size":["https:\/\/dlf.uzh.ch\/sites\/pigmentedernachhaltigkeit\/files\/2022\/03\/Alizarin-sample.jpg",133,100,false],"aesop-cover-img":["https:\/\/dlf.uzh.ch\/sites\/pigmentedernachhaltigkeit\/files\/2022\/03\/Alizarin-sample-1250x937.jpg",1250,937,true],"aesop-tiny-cover":["https:\/\/dlf.uzh.ch\/sites\/pigmentedernachhaltigkeit\/files\/2022\/03\/Alizarin-sample-400x300.jpg",400,300,true],"aesop-component":["https:\/\/dlf.uzh.ch\/sites\/pigmentedernachhaltigkeit\/files\/2022\/03\/Alizarin-sample-1250x937.jpg",1250,937,true],"aesop-character":["https:\/\/dlf.uzh.ch\/sites\/pigmentedernachhaltigkeit\/files\/2022\/03\/Alizarin-sample-200x200.jpg",200,200,true],"aesop-collection":["https:\/\/dlf.uzh.ch\/sites\/pigmentedernachhaltigkeit\/files\/2022\/03\/Alizarin-sample-300x300.jpg",300,300,true],"aesop-grid-image":["https:\/\/dlf.uzh.ch\/sites\/pigmentedernachhaltigkeit\/files\/2022\/03\/Alizarin-sample-400x300.jpg",400,300,true]},"uagb_author_info":{"display_name":"lucia","author_link":"https:\/\/dlf.uzh.ch\/sites\/pigmentedernachhaltigkeit\/author\/lucia\/"},"uagb_comment_info":0,"uagb_excerpt":"Die Wurzeln von F\u00e4rberkrapp enthalten einen roten Farbstoff: Alizarin.","_links":{"self":[{"href":"https:\/\/dlf.uzh.ch\/sites\/pigmentedernachhaltigkeit\/wp-json\/wp\/v2\/posts\/71","targetHints":{"allow":["GET"]}}],"collection":[{"href":"https:\/\/dlf.uzh.ch\/sites\/pigmentedernachhaltigkeit\/wp-json\/wp\/v2\/posts"}],"about":[{"href":"https:\/\/dlf.uzh.ch\/sites\/pigmentedernachhaltigkeit\/wp-json\/wp\/v2\/types\/post"}],"author":[{"embeddable":true,"href":"https:\/\/dlf.uzh.ch\/sites\/pigmentedernachhaltigkeit\/wp-json\/wp\/v2\/users\/770"}],"replies":[{"embeddable":true,"href":"https:\/\/dlf.uzh.ch\/sites\/pigmentedernachhaltigkeit\/wp-json\/wp\/v2\/comments?post=71"}],"version-history":[{"count":140,"href":"https:\/\/dlf.uzh.ch\/sites\/pigmentedernachhaltigkeit\/wp-json\/wp\/v2\/posts\/71\/revisions"}],"predecessor-version":[{"id":2478,"href":"https:\/\/dlf.uzh.ch\/sites\/pigmentedernachhaltigkeit\/wp-json\/wp\/v2\/posts\/71\/revisions\/2478"}],"wp:featuredmedia":[{"embeddable":true,"href":"https:\/\/dlf.uzh.ch\/sites\/pigmentedernachhaltigkeit\/wp-json\/wp\/v2\/media\/784"}],"wp:attachment":[{"href":"https:\/\/dlf.uzh.ch\/sites\/pigmentedernachhaltigkeit\/wp-json\/wp\/v2\/media?parent=71"}],"wp:term":[{"taxonomy":"category","embeddable":true,"href":"https:\/\/dlf.uzh.ch\/sites\/pigmentedernachhaltigkeit\/wp-json\/wp\/v2\/categories?post=71"},{"taxonomy":"post_tag","embeddable":true,"href":"https:\/\/dlf.uzh.ch\/sites\/pigmentedernachhaltigkeit\/wp-json\/wp\/v2\/tags?post=71"}],"curies":[{"name":"wp","href":"https:\/\/api.w.org\/{rel}","templated":true}]}}