{"id":1602,"date":"2022-04-20T12:45:00","date_gmt":"2022-04-20T10:45:00","guid":{"rendered":"https:\/\/dlf.uzh.ch\/sites\/pigmentedernachhaltigkeit\/?p=1602"},"modified":"2022-05-16T22:50:36","modified_gmt":"2022-05-16T20:50:36","slug":"faerbetechniken-aus-aller-welt","status":"publish","type":"post","link":"https:\/\/dlf.uzh.ch\/sites\/pigmentedernachhaltigkeit\/2022\/04\/20\/faerbetechniken-aus-aller-welt\/","title":{"rendered":"F\u00e4rbetechniken aus aller&nbsp;Welt"},"content":{"rendered":"\n<p>In diesem Sub-Beitrag geht es darum, einen visuellen Ein\u00adblick in ein paar F\u00e4r\u00adbetech\u00adniken zu geben. Die so oder anders fast \u00fcber\u00adall auf der Welt in ver\u00adschiede\u00adnen Aus\u00adpr\u00e4\u00adgun\u00adgen zu find\u00aden sind oder waren. Es ist ein klein\u00ader Schritt in rekon\u00adstru\u00adierte F\u00e4r\u00adbetech\u00adniken oder sehr alte F\u00e4r\u00adbetech\u00adniken, die sich bis heute haben hal\u00adten k\u00f6n\u00adnen. Wir haben die Videos von der Abegg-Stiftung, bei unserem zweit\u00aden Besuch, emp\u00adfohlen bekom\u00admen und es w\u00e4re schade, wenn sie nicht mehr Per\u00adso\u00adn\u00aden sehen k\u00f6n\u00adnten. Denn man denkt gle\u00adich ganz anders \u00fcber den Wert eines von Hand bedruck\u00adten Stoffes nach.&nbsp;<\/p>\n\n\n\n<h2 class=\"wp-block-heading\">Ikat<\/h2>\n\n\n\n<p>Ikat-F\u00e4r\u00adbung ist eine F\u00e4r\u00adbetech\u00adnik, in der man die F\u00e4den vor dem Weben f\u00e4rbt. Das Muster wird also bere\u00adits auf das Mate\u00adr\u00adi\u00adal gef\u00e4rbt und nicht auf den fer\u00adti\u00adgen Stoff gef\u00e4rbt oder gedruckt. Wie man sich das vorstellen kann, sieht man in den Videos unten. Eine kleine Vok\u00adab\u00adu\u00adlar Lek\u00adtion. Die F\u00e4den, die ver\u00adtikal in einen Webrah\u00admen einges\u00adpan\u00adnt wer\u00adden, sind die <em>\u2018Kette\u2019-F\u00e4den<\/em>. Jene, die hor\u00adi\u00adzon\u00adtal liegen, sind die <em>\u2018Schuss\u2019-F\u00e4den<\/em>. Zudem sehen wir im Ikat eine <em>Reservierung\u00adstech\u00adnik<\/em>. Wem dies kein Begriff ist, so wie mir hier die kurze Erk\u00adl\u00e4rung: Bei ein\u00ader Reservierung\u00adstech\u00adnik wer\u00adden Teile des Stoffes vor der Farb-Auf\u00adnahme gesch\u00fctzt.&nbsp;<\/p>\n\n\n\n<figure class=\"wp-block-embed is-type-video is-provider-youtube wp-block-embed-youtube wp-embed-aspect-4-3 wp-has-aspect-ratio\"><div class=\"wp-block-embed__wrapper\">\n<iframe loading=\"lazy\" title=\"&quot;How an Ikat is Made&quot;\" width=\"800\" height=\"600\" src=\"https:\/\/www.youtube.com\/embed\/3OAnnvPEOl8?feature=oembed\" frameborder=\"0\" allow=\"accelerometer; autoplay; clipboard-write; encrypted-media; gyroscope; picture-in-picture\" allowfullscreen><\/iframe>\n<\/div><figcaption>Hier ist ein ein\u00adfach\u00ader Ikat zu sehen, in dem nur die Kette vor gef\u00e4rbt wird. Man nen\u00adnt dies auch den Kett-Ikat.&nbsp;<\/figcaption><\/figure>\n\n\n\n<figure class=\"wp-block-embed is-type-video is-provider-youtube wp-block-embed-youtube wp-embed-aspect-16-9 wp-has-aspect-ratio\"><div class=\"wp-block-embed__wrapper\">\n<iframe loading=\"lazy\" title=\"The Making of Balinese Double Ikat Textiles\" width=\"800\" height=\"450\" src=\"https:\/\/www.youtube.com\/embed\/KECVOceXWkc?feature=oembed\" frameborder=\"0\" allow=\"accelerometer; autoplay; clipboard-write; encrypted-media; gyroscope; picture-in-picture\" allowfullscreen><\/iframe>\n<\/div><figcaption>Hier ist ein Dop\u00adpel-Ikat zu sehen, bei dem Schuss- und Kett-F\u00e4den markiert und vor gef\u00e4rbt werden.&nbsp;<\/figcaption><\/figure>\n\n\n\n<h2 class=\"wp-block-heading\">Kyokechi<\/h2>\n\n\n\n<p>Hier sieht man die Rekon\u00adstruk\u00adtion ein\u00ader alten F\u00e4r\u00adbetech\u00adnik. Es han\u00addelt sich hier eben\u00adfalls um eine Reservierung\u00adstech\u00adnik, siehe oben. Anders als beim Ikat wird hier ein bere\u00adits vorge\u00adwobenes Tex\u00adtil gef\u00e4rbt. Dabei wird eine Presss\u00adch\u00adablone mit Hohlr\u00e4u\u00admen erstellt, in die abwech\u00adslungsweise Farbe gef\u00fcllt wird und so kreiert man Muster.&nbsp;<\/p>\n\n\n\n<figure class=\"wp-block-embed is-type-video is-provider-youtube wp-block-embed-youtube wp-embed-aspect-4-3 wp-has-aspect-ratio\"><div class=\"wp-block-embed__wrapper\">\n<iframe loading=\"lazy\" title=\"\u593e\u7e88\uff08\u304d\u3087\u3046\u3051\u3061\uff09\u677f\u7de0 Kyokechi-Itajime\" width=\"800\" height=\"600\" src=\"https:\/\/www.youtube.com\/embed\/O-p9-KVLbZg?feature=oembed\" frameborder=\"0\" allow=\"accelerometer; autoplay; clipboard-write; encrypted-media; gyroscope; picture-in-picture\" allowfullscreen><\/iframe>\n<\/div><figcaption>F\u00e4r\u00adbetech\u00adnik aus Japan \u2014 Stoff wird in Holzkas\u00adten ges\u00adpan\u00adnt, im Holzkas\u00adten sind Hohlr\u00e4ume, die abwech\u00adslungsweise mit Farbe gef\u00fcllt wer\u00adden. Die Tech\u00adnik ist auch unter dem Namen Kyokechi bekannt.<\/figcaption><\/figure>\n\n\n\n<h2 class=\"wp-block-heading\"><em>Tie<\/em> and <em>Dye<\/em> \u2014 Technik<\/h2>\n\n\n\n<p>Diese Tech\u00adnik ist wohl noch die bekan\u00adnteste. Auch hier han\u00addelt es sich um eine Reservierung\u00adstech\u00adnik. Bei der Muster durch Abbinden von Stoffteilen erschaf\u00adfen wer\u00adden. Gef\u00e4rbt wird nach dem Abbinden. Ver\u00adschiedene Muster und Farb\u00adspiele sind durch mehrfach\u00ades Abbinden und F\u00e4r\u00adben m\u00f6glich.&nbsp;<\/p>\n\n\n\n<figure class=\"wp-block-embed is-type-video is-provider-youtube wp-block-embed-youtube wp-embed-aspect-16-9 wp-has-aspect-ratio\"><div class=\"wp-block-embed__wrapper\">\n<iframe loading=\"lazy\" title=\"Bandhani\" width=\"800\" height=\"450\" src=\"https:\/\/www.youtube.com\/embed\/jTCl1xJAZxU?feature=oembed\" frameborder=\"0\" allow=\"accelerometer; autoplay; clipboard-write; encrypted-media; gyroscope; picture-in-picture\" allowfullscreen><\/iframe>\n<\/div><figcaption>Eine Beispiel f\u00fcr eine Tie and Dye Tech\u00adnik. Auch als eine der bekan\u00adntesten Reservierung\u00adstech\u00adniken bekan\u00adnt. Muster wer\u00adden abge\u00adbun\u00adden und dann wird der Stoff gef\u00e4rbt.<\/figcaption><\/figure>\n\n\n\n<h2 class=\"wp-block-heading\">Verschiedene Drucktechniken<\/h2>\n\n\n\n<p>Das Druck\u00aden ist eben\u00adfalls eine F\u00e4r\u00adbetech\u00adnik. Hier wird die Farbe beispiel\u00adsweise durch Druck-Stem\u00adpel oder Mod\u00adelle auf Stoffe aufge\u00adtra\u00adgen. Man brauch hier also meist keine F\u00e4rbekessel.&nbsp;<\/p>\n\n\n\n<figure class=\"wp-block-embed is-type-video is-provider-youtube wp-block-embed-youtube wp-embed-aspect-16-9 wp-has-aspect-ratio\"><div class=\"wp-block-embed__wrapper\">\n<iframe loading=\"lazy\" title=\"Hand Block Print, Jaipur\" width=\"800\" height=\"450\" src=\"https:\/\/www.youtube.com\/embed\/c2RK3icOQ7U?feature=oembed\" frameborder=\"0\" allow=\"accelerometer; autoplay; clipboard-write; encrypted-media; gyroscope; picture-in-picture\" allowfullscreen><\/iframe>\n<\/div><figcaption>Eine Druck\u00adtech\u00adnik, hier aus Jaipur. In dem Stem\u00adpel-Mod\u00adelle wird Farbe mit vorge\u00adfer\u00adtigten Mod\u00adellen auf Stoff gestempelt.&nbsp;<\/figcaption><\/figure>\n\n\n\n<p>Und zu guter Let\u00adzt, noch eine gemis\u00adchte Technik.&nbsp;<\/p>\n\n\n\n<figure class=\"wp-block-embed is-type-video is-provider-youtube wp-block-embed-youtube wp-embed-aspect-16-9 wp-has-aspect-ratio\"><div class=\"wp-block-embed__wrapper\">\n<iframe loading=\"lazy\" title=\"Katagami &amp; Katazome Demonstration\" width=\"800\" height=\"450\" src=\"https:\/\/www.youtube.com\/embed\/IGfnXGpz8iA?feature=oembed\" frameborder=\"0\" allow=\"accelerometer; autoplay; clipboard-write; encrypted-media; gyroscope; picture-in-picture\" allowfullscreen><\/iframe>\n<\/div><figcaption>Eine gemis\u00adchte Tech\u00adnik, bei der gewisse Teile eines Tex\u00adtils durch eine Reservierung\u00adstech\u00adnik aus\u00adges\u00adpart wer\u00adden und die Farbe des Tex\u00adtils aufge\u00addruckt wird.&nbsp;<\/figcaption><\/figure>\n\n\n\n<p><\/p>\n\n\n\n<h3 class=\"wp-block-heading\">Weitere Beitr\u00e4ge<\/h3>\n\n\n\n\t\t\t<div class=\"wp-block-uagb-post-grid uagb-post-grid  uagb-post__image-position-top uagb-post__image-enabled uagb-block-200cc1e0     uagb-post__items uagb-post__columns-3 is-grid uagb-post__columns-tablet-2 uagb-post__columns-mobile-1 uagb-post__equal-height\" data-total=\"2\" style>\n\n\t\t\t\t\t\t\t\t\t\t\t\t<article class=\"uagb-post__inner-wrap\">\t\t\t\t\t\t\t\t<div class=\"uagb-post__image\">\n\t\t\t\t\t\t\t\t\t<a href=\"https:\/\/dlf.uzh.ch\/sites\/pigmentedernachhaltigkeit\/2022\/04\/10\/natuerlich-aus-dem-erdboden-bis-hin-zu-synthetisch-aus-dem-labor-einordnung-von-kuenstlichem-alizarin\/\" target=\"_self\" rel=\"bookmark noopener noreferrer\" class=\"uagb-image-ratio-inherit\"><img loading=\"lazy\" decoding=\"async\" width=\"235\" height=\"300\" src=\"https:\/\/dlf.uzh.ch\/sites\/pigmentedernachhaltigkeit\/files\/2022\/04\/tuerkischrot-gefaerbte-baumwolle.jpeg\" class=\"attachment-aesop-collection size-aesop-collection\" alt>\t\t\t\t\t<\/a>\n\t\t\t\t\t\t\t<\/div>\n\t\t\t\t\t\t<h4 class=\"uagb-post__title uagb-post__text\">\n\t\t\t\t<a href=\"https:\/\/dlf.uzh.ch\/sites\/pigmentedernachhaltigkeit\/2022\/04\/10\/natuerlich-aus-dem-erdboden-bis-hin-zu-synthetisch-aus-dem-labor-einordnung-von-kuenstlichem-alizarin\/\" target=\"_self\" rel=\"bookmark noopener noreferrer\">Nat\u00fcrlich aus dem Erdboden bis hin zu synthetisch aus dem Labor \u2014 Einordnung von k\u00fcnstlichem Alizarin<\/a>\n\t\t\t<\/h4>\n\t\t\t\t\t\t<div class=\"uagb-post__text uagb-post-grid-byline\">\n\t\t\t\t\t\t\t<\/div>\n\t\t\t\n\t\t\t\t\t\t\t\t\t<\/article>\n\t\t\t\t\t\t\t\t\t\t\t\t\t\t\t\t<article class=\"uagb-post__inner-wrap\">\t\t\t\t\t\t\t\t<div class=\"uagb-post__image\">\n\t\t\t\t\t\t\t\t\t<a href=\"https:\/\/dlf.uzh.ch\/sites\/pigmentedernachhaltigkeit\/2022\/04\/29\/farbbueechlin-farbbueechlin-in-der-hand-woher-kamen-deine-farbstoffe\/\" target=\"_self\" rel=\"bookmark noopener noreferrer\" class=\"uagb-image-ratio-inherit\"><img loading=\"lazy\" decoding=\"async\" width=\"300\" height=\"300\" src=\"https:\/\/dlf.uzh.ch\/sites\/pigmentedernachhaltigkeit\/files\/2022\/04\/IMG_20220427_135249-300x300.jpg\" class=\"attachment-aesop-collection size-aesop-collection\" alt srcset=\"https:\/\/dlf.uzh.ch\/sites\/pigmentedernachhaltigkeit\/files\/2022\/04\/IMG_20220427_135249-300x300.jpg 300w, https:\/\/dlf.uzh.ch\/sites\/pigmentedernachhaltigkeit\/files\/2022\/04\/IMG_20220427_135249-150x150.jpg 150w, https:\/\/dlf.uzh.ch\/sites\/pigmentedernachhaltigkeit\/files\/2022\/04\/IMG_20220427_135249-500x500.jpg 500w, https:\/\/dlf.uzh.ch\/sites\/pigmentedernachhaltigkeit\/files\/2022\/04\/IMG_20220427_135249-400x400.jpg 400w, https:\/\/dlf.uzh.ch\/sites\/pigmentedernachhaltigkeit\/files\/2022\/04\/IMG_20220427_135249-200x200.jpg 200w\" sizes=\"auto, (max-width: 300px) 100vw, 300px\">\t\t\t\t\t<\/a>\n\t\t\t\t\t\t\t<\/div>\n\t\t\t\t\t\t<h4 class=\"uagb-post__title uagb-post__text\">\n\t\t\t\t<a href=\"https:\/\/dlf.uzh.ch\/sites\/pigmentedernachhaltigkeit\/2022\/04\/29\/farbbueechlin-farbbueechlin-in-der-hand-woher-kamen-deine-farbstoffe\/\" target=\"_self\" rel=\"bookmark noopener noreferrer\">Farbb\u00fcechlin, Farbb\u00fcechlin in der Hand\u2026 Woher kamen deines Meisters Farbstoffe?<\/a>\n\t\t\t<\/h4>\n\t\t\t\t\t\t<div class=\"uagb-post__text uagb-post-grid-byline\">\n\t\t\t\t\t\t\t<\/div>\n\t\t\t\n\t\t\t\t\t\t\t\t\t<\/article>\n\t\t\t\t\t\t\t\t\t\t\t\t\t\t\t\t<article class=\"uagb-post__inner-wrap\">\t\t\t\t\t\t\t\t<div class=\"uagb-post__image\">\n\t\t\t\t\t\t\t\t\t<a href=\"https:\/\/dlf.uzh.ch\/sites\/pigmentedernachhaltigkeit\/2021\/11\/05\/eine-stunde-mit-der-faerberdistel\/\" target=\"_self\" rel=\"bookmark noopener noreferrer\" class=\"uagb-image-ratio-inherit\"><img loading=\"lazy\" decoding=\"async\" width=\"300\" height=\"300\" src=\"https:\/\/dlf.uzh.ch\/sites\/pigmentedernachhaltigkeit\/files\/2022\/04\/AD1083A9-371E-4D66-855D-CCC60B4AF515_1_105_c-1-300x300.jpeg\" class=\"attachment-aesop-collection size-aesop-collection\" alt=\"F\u00e4rberdistelbl\u00e4tter vor dem Auswaschen, \u00fcber Nacht eingelegt in lockerem Leinetuch\" srcset=\"https:\/\/dlf.uzh.ch\/sites\/pigmentedernachhaltigkeit\/files\/2022\/04\/AD1083A9-371E-4D66-855D-CCC60B4AF515_1_105_c-1-300x300.jpeg 300w, https:\/\/dlf.uzh.ch\/sites\/pigmentedernachhaltigkeit\/files\/2022\/04\/AD1083A9-371E-4D66-855D-CCC60B4AF515_1_105_c-1-150x150.jpeg 150w, https:\/\/dlf.uzh.ch\/sites\/pigmentedernachhaltigkeit\/files\/2022\/04\/AD1083A9-371E-4D66-855D-CCC60B4AF515_1_105_c-1-500x500.jpeg 500w, https:\/\/dlf.uzh.ch\/sites\/pigmentedernachhaltigkeit\/files\/2022\/04\/AD1083A9-371E-4D66-855D-CCC60B4AF515_1_105_c-1-400x400.jpeg 400w, https:\/\/dlf.uzh.ch\/sites\/pigmentedernachhaltigkeit\/files\/2022\/04\/AD1083A9-371E-4D66-855D-CCC60B4AF515_1_105_c-1-200x200.jpeg 200w\" sizes=\"auto, (max-width: 300px) 100vw, 300px\">\t\t\t\t\t<\/a>\n\t\t\t\t\t\t\t<\/div>\n\t\t\t\t\t\t<h4 class=\"uagb-post__title uagb-post__text\">\n\t\t\t\t<a href=\"https:\/\/dlf.uzh.ch\/sites\/pigmentedernachhaltigkeit\/2021\/11\/05\/eine-stunde-mit-der-faerberdistel\/\" target=\"_self\" rel=\"bookmark noopener noreferrer\">Eine Stunde mit der F\u00e4rberdistel<\/a>\n\t\t\t<\/h4>\n\t\t\t\t\t\t<div class=\"uagb-post__text uagb-post-grid-byline\">\n\t\t\t\t\t\t\t<\/div>\n\t\t\t\n\t\t\t\t\t\t\t\t\t<\/article>\n\t\t\t\t\t\t\t\t\t\t\t<\/div>\n\t\t\t","protected":false},"excerpt":{"rendered":"<p>In diesem Sub-Beitrag geht es darum, einen visuellen Ein\u00adblick in ein paar F\u00e4r\u00adbetech\u00adniken zu geben. Die so oder anders fast \u00fcber\u00adall auf der Welt in ver\u00adschiede\u00adnen Aus\u00adpr\u00e4\u00adgun\u00adgen zu find\u00aden sind oder waren. Es ist ein klein\u00ader Schritt in rekon\u00adstru\u00adierte F\u00e4r\u00adbetech\u00adniken oder sehr alte F\u00e4r\u00adbetech\u00adniken, die sich bis heute haben hal\u00adten k\u00f6n\u00adnen. Wir haben die Videos von der Abegg-Stiftung,\u2026<\/p>\n<p> <a class=\"more-link\" href=\"https:\/\/dlf.uzh.ch\/sites\/pigmentedernachhaltigkeit\/2022\/04\/20\/faerbetechniken-aus-aller-welt\/\">Weit\u00ader\u00adlesen<\/a><\/p>\n","protected":false},"author":768,"featured_media":1732,"comment_status":"closed","ping_status":"closed","sticky":false,"template":"","format":"standard","meta":{"_uag_custom_page_level_css":"","wp_typography_post_enhancements_disabled":false,"footnotes":""},"categories":[11],"tags":[26],"class_list":{"0":"post-1602","1":"post","2":"type-post","3":"status-publish","4":"format-standard","5":"has-post-thumbnail","7":"category-jelena","8":"tag-gruppe-1"},"featured_image_src":"https:\/\/dlf.uzh.ch\/sites\/pigmentedernachhaltigkeit\/files\/2022\/05\/IMG_20220506_1520282051-scaled.jpg","author_info":{"display_name":"Jelena Taylor Botacio","author_link":"https:\/\/dlf.uzh.ch\/sites\/pigmentedernachhaltigkeit\/author\/jelena\/"},"uagb_featured_image_src":{"full":["https:\/\/dlf.uzh.ch\/sites\/pigmentedernachhaltigkeit\/files\/2022\/05\/IMG_20220506_1520282051-scaled.jpg",1179,2560,false],"thumbnail":["https:\/\/dlf.uzh.ch\/sites\/pigmentedernachhaltigkeit\/files\/2022\/05\/IMG_20220506_1520282051-150x150.jpg",150,150,true],"medium":["https:\/\/dlf.uzh.ch\/sites\/pigmentedernachhaltigkeit\/files\/2022\/05\/IMG_20220506_1520282051-138x300.jpg",138,300,true],"medium_large":["https:\/\/dlf.uzh.ch\/sites\/pigmentedernachhaltigkeit\/files\/2022\/05\/IMG_20220506_1520282051-768x1668.jpg",768,1668,true],"large":["https:\/\/dlf.uzh.ch\/sites\/pigmentedernachhaltigkeit\/files\/2022\/05\/IMG_20220506_1520282051-472x1024.jpg",472,1024,true],"lbsp_12_thumb":["https:\/\/dlf.uzh.ch\/sites\/pigmentedernachhaltigkeit\/files\/2022\/05\/IMG_20220506_1520282051-500x3648.jpg",500,3648,true],"lbsp_346_thumb":["https:\/\/dlf.uzh.ch\/sites\/pigmentedernachhaltigkeit\/files\/2022\/05\/IMG_20220506_1520282051-400x3648.jpg",400,3648,true],"lbsp_12_same_size_thumb":["https:\/\/dlf.uzh.ch\/sites\/pigmentedernachhaltigkeit\/files\/2022\/05\/IMG_20220506_1520282051-500x500.jpg",500,500,true],"lbsp_346_same_size_thumb":["https:\/\/dlf.uzh.ch\/sites\/pigmentedernachhaltigkeit\/files\/2022\/05\/IMG_20220506_1520282051-400x400.jpg",400,400,true],"1536x1536":["https:\/\/dlf.uzh.ch\/sites\/pigmentedernachhaltigkeit\/files\/2022\/05\/IMG_20220506_1520282051-707x1536.jpg",707,1536,true],"2048x2048":["https:\/\/dlf.uzh.ch\/sites\/pigmentedernachhaltigkeit\/files\/2022\/05\/IMG_20220506_1520282051-943x2048.jpg",943,2048,true],"a13_navigation_image_size":["https:\/\/dlf.uzh.ch\/sites\/pigmentedernachhaltigkeit\/files\/2022\/05\/IMG_20220506_1520282051-scaled.jpg",46,100,false],"aesop-cover-img":["https:\/\/dlf.uzh.ch\/sites\/pigmentedernachhaltigkeit\/files\/2022\/05\/IMG_20220506_1520282051-1250x2714.jpg",1250,2714,true],"aesop-tiny-cover":["https:\/\/dlf.uzh.ch\/sites\/pigmentedernachhaltigkeit\/files\/2022\/05\/IMG_20220506_1520282051-400x869.jpg",400,869,true],"aesop-component":["https:\/\/dlf.uzh.ch\/sites\/pigmentedernachhaltigkeit\/files\/2022\/05\/IMG_20220506_1520282051-1250x2714.jpg",1250,2714,true],"aesop-character":["https:\/\/dlf.uzh.ch\/sites\/pigmentedernachhaltigkeit\/files\/2022\/05\/IMG_20220506_1520282051-200x200.jpg",200,200,true],"aesop-collection":["https:\/\/dlf.uzh.ch\/sites\/pigmentedernachhaltigkeit\/files\/2022\/05\/IMG_20220506_1520282051-300x300.jpg",300,300,true],"aesop-grid-image":["https:\/\/dlf.uzh.ch\/sites\/pigmentedernachhaltigkeit\/files\/2022\/05\/IMG_20220506_1520282051-400x869.jpg",400,869,true]},"uagb_author_info":{"display_name":"Jelena Taylor Botacio","author_link":"https:\/\/dlf.uzh.ch\/sites\/pigmentedernachhaltigkeit\/author\/jelena\/"},"uagb_comment_info":0,"uagb_excerpt":"In diesem Sub-Beitrag geht es darum, einen visuellen Ein\u00adblick in ein paar F\u00e4r\u00adbetech\u00adniken zu geben. Die so oder anders fast \u00fcber\u00adall auf der Welt in ver\u00adschiede\u00adnen Aus\u00adpr\u00e4\u00adgun\u00adgen zu find\u00aden sind oder waren. Es ist ein klein\u00ader Schritt in rekon\u00adstru\u00adierte F\u00e4r\u00adbetech\u00adniken oder sehr alte F\u00e4r\u00adbetech\u00adniken, die sich bis heute haben hal\u00adten k\u00f6n\u00adnen. Wir haben die Videos&hellip;","_links":{"self":[{"href":"https:\/\/dlf.uzh.ch\/sites\/pigmentedernachhaltigkeit\/wp-json\/wp\/v2\/posts\/1602","targetHints":{"allow":["GET"]}}],"collection":[{"href":"https:\/\/dlf.uzh.ch\/sites\/pigmentedernachhaltigkeit\/wp-json\/wp\/v2\/posts"}],"about":[{"href":"https:\/\/dlf.uzh.ch\/sites\/pigmentedernachhaltigkeit\/wp-json\/wp\/v2\/types\/post"}],"author":[{"embeddable":true,"href":"https:\/\/dlf.uzh.ch\/sites\/pigmentedernachhaltigkeit\/wp-json\/wp\/v2\/users\/768"}],"replies":[{"embeddable":true,"href":"https:\/\/dlf.uzh.ch\/sites\/pigmentedernachhaltigkeit\/wp-json\/wp\/v2\/comments?post=1602"}],"version-history":[{"count":5,"href":"https:\/\/dlf.uzh.ch\/sites\/pigmentedernachhaltigkeit\/wp-json\/wp\/v2\/posts\/1602\/revisions"}],"predecessor-version":[{"id":2382,"href":"https:\/\/dlf.uzh.ch\/sites\/pigmentedernachhaltigkeit\/wp-json\/wp\/v2\/posts\/1602\/revisions\/2382"}],"wp:featuredmedia":[{"embeddable":true,"href":"https:\/\/dlf.uzh.ch\/sites\/pigmentedernachhaltigkeit\/wp-json\/wp\/v2\/media\/1732"}],"wp:attachment":[{"href":"https:\/\/dlf.uzh.ch\/sites\/pigmentedernachhaltigkeit\/wp-json\/wp\/v2\/media?parent=1602"}],"wp:term":[{"taxonomy":"category","embeddable":true,"href":"https:\/\/dlf.uzh.ch\/sites\/pigmentedernachhaltigkeit\/wp-json\/wp\/v2\/categories?post=1602"},{"taxonomy":"post_tag","embeddable":true,"href":"https:\/\/dlf.uzh.ch\/sites\/pigmentedernachhaltigkeit\/wp-json\/wp\/v2\/tags?post=1602"}],"curies":[{"name":"wp","href":"https:\/\/api.w.org\/{rel}","templated":true}]}}