{"id":1300,"date":"2022-05-11T15:05:19","date_gmt":"2022-05-11T13:05:19","guid":{"rendered":"https:\/\/dlf.uzh.ch\/sites\/pigmentedernachhaltigkeit\/?p=1300"},"modified":"2022-05-17T14:31:35","modified_gmt":"2022-05-17T12:31:35","slug":"vom-pigment-ins-textil-die-werkzeuge-des-faerbers","status":"publish","type":"post","link":"https:\/\/dlf.uzh.ch\/sites\/pigmentedernachhaltigkeit\/2022\/05\/11\/vom-pigment-ins-textil-die-werkzeuge-des-faerbers\/","title":{"rendered":"Vom Pigment ins Textil \u2014 Die Werkzeuge des F\u00e4rbers"},"content":{"rendered":"\n<p>Wer schon ein\u00admal Eier f\u00fcr Ostern gef\u00e4rbt hat, weiss, dass eigentlich nicht viel n\u00f6tig ist, etwas Far\u00adblos\u00ades in etwas Buntes zu ver\u00adwan\u00addeln. Deshalb habe ich mir die Frage gestellt: Was braucht(e) man zum F\u00e4rben?<\/p>\n\n\n\n<div class=\"wp-block-image\"><figure class=\"aligncenter size-full\"><img loading=\"lazy\" decoding=\"async\" width=\"800\" height=\"505\" src=\"https:\/\/dlf.uzh.ch\/sites\/pigmentedernachhaltigkeit\/files\/2022\/05\/Faerber-18.Jh_.jpg\" alt class=\"wp-image-1308\" srcset=\"https:\/\/dlf.uzh.ch\/sites\/pigmentedernachhaltigkeit\/files\/2022\/05\/Faerber-18.Jh_.jpg 800w, https:\/\/dlf.uzh.ch\/sites\/pigmentedernachhaltigkeit\/files\/2022\/05\/Faerber-18.Jh_-300x189.jpg 300w, https:\/\/dlf.uzh.ch\/sites\/pigmentedernachhaltigkeit\/files\/2022\/05\/Faerber-18.Jh_-768x485.jpg 768w, https:\/\/dlf.uzh.ch\/sites\/pigmentedernachhaltigkeit\/files\/2022\/05\/Faerber-18.Jh_-400x253.jpg 400w\" sizes=\"auto, (max-width: 800px) 100vw, 800px\"><figcaption><a href=\"https:\/\/berufe-dieser-welt.de\/die-faerber\/\">https:\/\/berufe-dieser-welt.de\/die-faerber\/<\/a> [stand: 11.05.2022]<\/figcaption><\/figure><\/div>\n\n\n\n<p>Nat\u00fcr\u00adlich braucht es zum F\u00e4r\u00adben im Vornere\u00adin min\u00addestens zwei Din\u00adgen. Zum einen den Farb\u00adstoff, mit dem gef\u00e4rbt wird und zweit\u00adens ein Tex\u00adtil, dass mit dem Farb\u00adstoff gef\u00e4rbt wird. Dies klingt auch zun\u00e4chst sim\u00adpel, doch wenn man sich das obige Bild ansieht, f\u00e4llt auf, dass zum F\u00e4r\u00adben noch viel mehr n\u00f6tig war als nur diese Dinge. So wird ersichtlich, dass mehrere Wan\u00adnen, B\u00e4der oder Kessel n\u00f6tig sind. Zu dem darf der Platz, der zum Trock\u00adnen ben\u00f6tigt wird, nicht unter\u00adsch\u00e4tzt wer\u00adden, der meis\u00adtens aber draussen war. Was auch auf\u00adf\u00e4llt, ist dass auch Hitze n\u00f6tig war, um die Klei\u00adder in der Farbe zu kochen, ohne welch\u00ades die Far\u00adben nicht voll\u00adst\u00e4ndig in das Tex\u00adtil einziehen w\u00fcrden.<\/p>\n\n\n\n<div class=\"wp-block-image\"><figure class=\"aligncenter size-large\"><img loading=\"lazy\" decoding=\"async\" width=\"1024\" height=\"768\" src=\"https:\/\/dlf.uzh.ch\/sites\/pigmentedernachhaltigkeit\/files\/2022\/05\/moderne-Faerbekessel-1024x768.jpg\" alt class=\"wp-image-1315\" srcset=\"https:\/\/dlf.uzh.ch\/sites\/pigmentedernachhaltigkeit\/files\/2022\/05\/moderne-Faerbekessel-1024x768.jpg 1024w, https:\/\/dlf.uzh.ch\/sites\/pigmentedernachhaltigkeit\/files\/2022\/05\/moderne-Faerbekessel-300x225.jpg 300w, https:\/\/dlf.uzh.ch\/sites\/pigmentedernachhaltigkeit\/files\/2022\/05\/moderne-Faerbekessel-768x576.jpg 768w, https:\/\/dlf.uzh.ch\/sites\/pigmentedernachhaltigkeit\/files\/2022\/05\/moderne-Faerbekessel-1536x1152.jpg 1536w, https:\/\/dlf.uzh.ch\/sites\/pigmentedernachhaltigkeit\/files\/2022\/05\/moderne-Faerbekessel-1250x938.jpg 1250w, https:\/\/dlf.uzh.ch\/sites\/pigmentedernachhaltigkeit\/files\/2022\/05\/moderne-Faerbekessel-400x300.jpg 400w, https:\/\/dlf.uzh.ch\/sites\/pigmentedernachhaltigkeit\/files\/2022\/05\/moderne-Faerbekessel.jpg 1600w\" sizes=\"auto, (max-width: 1024px) 100vw, 1024px\"><figcaption><a href=\"https:\/\/wollbindung.blogspot.com\/2018\/10\/\">https:\/\/wollbindung.blogspot.com\/2018\/10\/<\/a> [stand: 11.05.2022]<\/figcaption><\/figure><\/div>\n\n\n\n<p>Als eine weit\u00ader gute Quelle hat sich das <a href=\"https:\/\/dlf.uzh.ch\/sites\/pigmentedernachhaltigkeit\/2022\/05\/10\/farbwaar-in-intelligenzblaettern\/\" target=\"_blank\" rel=\"noreferrer noopener\">Avis-Blatt aus Basel<\/a> erwiesen. Es stammt aus dem 19. Jahrhun\u00addert und besitzt zwei Inven\u00adtarlis\u00adten von einem Verkauf zweier F\u00e4rbereien.&nbsp;<\/p>\n\n\n\n<p><br><em>\u201cFol\u00adgende Artikel wer\u00adden bey Aufge\u00adbung der Indi\u00adenne-Fab\u00adrike im Klin\u00adgen\u00adthal k\u00e4u\u00adflich ange\u00adtra\u00adgen, als: gro\u00dfe kupferne Far\u00adbkessel, Bauchkessel von ver\u00adschieden\u00ader Gr\u00f6\u00dfe, Wasser\u00adfa\u00df in Eisen gebun\u00adden, gro\u00dfe und kleine Farb\u00adstanden, K\u00fcbel und Z\u00fcber, 2 Com\u00adplete Zug\u00adbr\u00fcn\u00adnen, eine so viel als neue Feuer\u00adspritze, Druck\u00adtisch-T\u00fcch\u00ader und Chas\u00adsi-T\u00fcch\u00ader, mehrere aufgerustete Druck\u00adtis\u00adche, Schwenk. und Aus\u00addreh-Tis\u00adche, kupferne Schaalen, den Indi\u00adgo auszureiben, ein\u00aderne M\u00f6rsel, eine Parthei Ros\u00adteisen zur schwarzen Farb, ein gro\u00df Sor\u00adti\u00adment gut\u00adgestoch\u00adene Mod\u00adel f\u00fcr alle Arten von Indi\u00adenne Calan\u00adcas, Mou\u00adchoirs und Chaals, wovon nach Belieben auszule\u00adsen ist, neb\u00adst noch mehreren Artikeln in die Indi\u00adene-Fab\u00adriken ein\u00adschla\u00adgend, so um bil\u00adlige Preise zu haben sind, s\u00e4mmtlich\u00ades ist t\u00e4glich zu besichti\u00adgen l und sich deshalb bey Burkhard im Geishoof anzumelden.\u201d<\/em> [ Eine Anzeige aus dem Avis Blatt von&nbsp;1804]&nbsp;<\/p><p>Aus dieser Inven\u00adtarliste l\u00e4sst sich bess\u00ader nachvol\u00adlziehen, aus welchen Mate\u00adri\u00adalien die ver\u00adschiede\u00adnen Kessel waren und auch, dass ein M\u00f6rs\u00ader zur Ver\u00adar\u00adbeitung der F\u00e4r\u00adberpflanzen n\u00f6tig war. Hier l\u00e4sst sich eben\u00adfalls erken\u00adnen, dass F\u00e4r\u00adbereien mit der Zeit auch Drucke her\u00adstell\u00adten. Um mehr \u00fcber das Basler Avis Blatt her\u00adauszufind\u00aden m\u00f6chte ich auf einen weit\u00aderen Artikel im Rah\u00admen unseres Pro\u00adjek\u00adts ver\u00adweisen <a href=\"https:\/\/dlf.uzh.ch\/sites\/pigmentedernachhaltigkeit\/2022\/05\/10\/farbwaar-in-intelligenzblaettern\/\" data-type=\"post\" data-id=\"1185\">\u201cFarb\u00adwaar\u201d in Intel\u00adli\u00adgenzbl\u00e4t\u00adtern<\/a>.<\/p>\n\n\n\n<p><\/p>\n\n\n\n<h3 class=\"wp-block-heading\">Weitere Beitr\u00e4ge<\/h3>\n\n\n\n\t\t\t<div class=\"wp-block-uagb-post-grid uagb-post-grid  uagb-post__image-position-top uagb-post__image-enabled uagb-block-441afdd4     uagb-post__items uagb-post__columns-3 is-grid uagb-post__columns-tablet-2 uagb-post__columns-mobile-1 uagb-post__equal-height\" data-total=\"2\" style>\n\n\t\t\t\t\t\t\t\t\t\t\t\t<article class=\"uagb-post__inner-wrap\">\t\t\t\t\t\t\t\t<div class=\"uagb-post__image\">\n\t\t\t\t\t\t\t\t\t<a href=\"https:\/\/dlf.uzh.ch\/sites\/pigmentedernachhaltigkeit\/2022\/04\/26\/weshalb-die-verdraengung\/\" target=\"_self\" rel=\"bookmark noopener noreferrer\" class=\"uagb-image-ratio-inherit\"><img loading=\"lazy\" decoding=\"async\" width=\"300\" height=\"300\" src=\"https:\/\/dlf.uzh.ch\/sites\/pigmentedernachhaltigkeit\/files\/2022\/04\/Tuerkischrotfaerberei_und_-Druckerei_J.J.Kelly_Mettendorf_Gossau_1850-e1652453261725-300x300.jpg\" class=\"attachment-aesop-collection size-aesop-collection\" alt srcset=\"https:\/\/dlf.uzh.ch\/sites\/pigmentedernachhaltigkeit\/files\/2022\/04\/Tuerkischrotfaerberei_und_-Druckerei_J.J.Kelly_Mettendorf_Gossau_1850-e1652453261725-300x300.jpg 300w, https:\/\/dlf.uzh.ch\/sites\/pigmentedernachhaltigkeit\/files\/2022\/04\/Tuerkischrotfaerberei_und_-Druckerei_J.J.Kelly_Mettendorf_Gossau_1850-e1652453261725-150x150.jpg 150w, https:\/\/dlf.uzh.ch\/sites\/pigmentedernachhaltigkeit\/files\/2022\/04\/Tuerkischrotfaerberei_und_-Druckerei_J.J.Kelly_Mettendorf_Gossau_1850-e1652453261725-500x500.jpg 500w, https:\/\/dlf.uzh.ch\/sites\/pigmentedernachhaltigkeit\/files\/2022\/04\/Tuerkischrotfaerberei_und_-Druckerei_J.J.Kelly_Mettendorf_Gossau_1850-e1652453261725-400x400.jpg 400w, https:\/\/dlf.uzh.ch\/sites\/pigmentedernachhaltigkeit\/files\/2022\/04\/Tuerkischrotfaerberei_und_-Druckerei_J.J.Kelly_Mettendorf_Gossau_1850-e1652453261725-200x200.jpg 200w\" sizes=\"auto, (max-width: 300px) 100vw, 300px\">\t\t\t\t\t<\/a>\n\t\t\t\t\t\t\t<\/div>\n\t\t\t\t\t\t<h4 class=\"uagb-post__title uagb-post__text\">\n\t\t\t\t<a href=\"https:\/\/dlf.uzh.ch\/sites\/pigmentedernachhaltigkeit\/2022\/04\/26\/weshalb-die-verdraengung\/\" target=\"_self\" rel=\"bookmark noopener noreferrer\">Weshalb die Verdr\u00e4ngung?<\/a>\n\t\t\t<\/h4>\n\t\t\t\t\t\t<div class=\"uagb-post__text uagb-post-grid-byline\">\n\t\t\t\t\t\t\t<\/div>\n\t\t\t\n\t\t\t\t\t\t\t\t\t<\/article>\n\t\t\t\t\t\t\t\t\t\t\t\t\t\t\t\t<article class=\"uagb-post__inner-wrap\">\t\t\t\t\t\t\t\t<div class=\"uagb-post__image\">\n\t\t\t\t\t\t\t\t\t<a href=\"https:\/\/dlf.uzh.ch\/sites\/pigmentedernachhaltigkeit\/2022\/05\/10\/farbwaar-in-intelligenzblaettern\/\" target=\"_self\" rel=\"bookmark noopener noreferrer\" class=\"uagb-image-ratio-inherit\"><img loading=\"lazy\" decoding=\"async\" width=\"300\" height=\"300\" src=\"https:\/\/dlf.uzh.ch\/sites\/pigmentedernachhaltigkeit\/files\/2022\/04\/Bildschirmfoto-2022-04-26-um-14.27.32-300x300.png\" class=\"attachment-aesop-collection size-aesop-collection\" alt srcset=\"https:\/\/dlf.uzh.ch\/sites\/pigmentedernachhaltigkeit\/files\/2022\/04\/Bildschirmfoto-2022-04-26-um-14.27.32-300x300.png 300w, https:\/\/dlf.uzh.ch\/sites\/pigmentedernachhaltigkeit\/files\/2022\/04\/Bildschirmfoto-2022-04-26-um-14.27.32-150x150.png 150w, https:\/\/dlf.uzh.ch\/sites\/pigmentedernachhaltigkeit\/files\/2022\/04\/Bildschirmfoto-2022-04-26-um-14.27.32-500x500.png 500w, https:\/\/dlf.uzh.ch\/sites\/pigmentedernachhaltigkeit\/files\/2022\/04\/Bildschirmfoto-2022-04-26-um-14.27.32-400x400.png 400w, https:\/\/dlf.uzh.ch\/sites\/pigmentedernachhaltigkeit\/files\/2022\/04\/Bildschirmfoto-2022-04-26-um-14.27.32-200x200.png 200w\" sizes=\"auto, (max-width: 300px) 100vw, 300px\">\t\t\t\t\t<\/a>\n\t\t\t\t\t\t\t<\/div>\n\t\t\t\t\t\t<h4 class=\"uagb-post__title uagb-post__text\">\n\t\t\t\t<a href=\"https:\/\/dlf.uzh.ch\/sites\/pigmentedernachhaltigkeit\/2022\/05\/10\/farbwaar-in-intelligenzblaettern\/\" target=\"_self\" rel=\"bookmark noopener noreferrer\">\u201cFarbwaar\u201d in Intelligenzbl\u00e4ttern<\/a>\n\t\t\t<\/h4>\n\t\t\t\t\t\t<div class=\"uagb-post__text uagb-post-grid-byline\">\n\t\t\t\t\t\t\t<\/div>\n\t\t\t\n\t\t\t\t\t\t\t\t\t<\/article>\n\t\t\t\t\t\t\t\t\t\t\t\t\t\t\t\t<article class=\"uagb-post__inner-wrap\">\t\t\t\t\t\t\t\t<div class=\"uagb-post__image\">\n\t\t\t\t\t\t\t\t\t<a href=\"https:\/\/dlf.uzh.ch\/sites\/pigmentedernachhaltigkeit\/2022\/04\/12\/zeitstrahl-zum-natuerlichen-und-kuenstlichen-alizarin\/\" target=\"_self\" rel=\"bookmark noopener noreferrer\" class=\"uagb-image-ratio-inherit\"><img loading=\"lazy\" decoding=\"async\" width=\"300\" height=\"300\" src=\"https:\/\/dlf.uzh.ch\/sites\/pigmentedernachhaltigkeit\/files\/2022\/05\/journal_of_the_o2sfuyr_1_cukjed6_download_full-e1652866665903-300x300.jpeg\" class=\"attachment-aesop-collection size-aesop-collection\" alt srcset=\"https:\/\/dlf.uzh.ch\/sites\/pigmentedernachhaltigkeit\/files\/2022\/05\/journal_of_the_o2sfuyr_1_cukjed6_download_full-e1652866665903-300x300.jpeg 300w, https:\/\/dlf.uzh.ch\/sites\/pigmentedernachhaltigkeit\/files\/2022\/05\/journal_of_the_o2sfuyr_1_cukjed6_download_full-e1652866665903-150x150.jpeg 150w, https:\/\/dlf.uzh.ch\/sites\/pigmentedernachhaltigkeit\/files\/2022\/05\/journal_of_the_o2sfuyr_1_cukjed6_download_full-e1652866665903-500x500.jpeg 500w, https:\/\/dlf.uzh.ch\/sites\/pigmentedernachhaltigkeit\/files\/2022\/05\/journal_of_the_o2sfuyr_1_cukjed6_download_full-e1652866665903-400x400.jpeg 400w, https:\/\/dlf.uzh.ch\/sites\/pigmentedernachhaltigkeit\/files\/2022\/05\/journal_of_the_o2sfuyr_1_cukjed6_download_full-e1652866665903-200x200.jpeg 200w\" sizes=\"auto, (max-width: 300px) 100vw, 300px\">\t\t\t\t\t<\/a>\n\t\t\t\t\t\t\t<\/div>\n\t\t\t\t\t\t<h4 class=\"uagb-post__title uagb-post__text\">\n\t\t\t\t<a href=\"https:\/\/dlf.uzh.ch\/sites\/pigmentedernachhaltigkeit\/2022\/04\/12\/zeitstrahl-zum-natuerlichen-und-kuenstlichen-alizarin\/\" target=\"_self\" rel=\"bookmark noopener noreferrer\">Zeitstrahl zum nat\u00fcrlichen und k\u00fcnstlichen Alizarin<\/a>\n\t\t\t<\/h4>\n\t\t\t\t\t\t<div class=\"uagb-post__text uagb-post-grid-byline\">\n\t\t\t\t\t\t\t<\/div>\n\t\t\t\n\t\t\t\t\t\t\t\t\t<\/article>\n\t\t\t\t\t\t\t\t\t\t\t<\/div>\n\t\t\t\n\n\n<p><br><br><\/p>\n","protected":false},"excerpt":{"rendered":"<p>Wer schon ein\u00admal Eier f\u00fcr Ostern gef\u00e4rbt hat, weiss, dass eigentlich nicht viel n\u00f6tig ist, etwas Far\u00adblos\u00ades in etwas Buntes zu ver\u00adwan\u00addeln. Deshalb habe ich mir die Frage gestellt: Was braucht(e) man zum F\u00e4r\u00adben? Nat\u00fcr\u00adlich braucht es zum F\u00e4r\u00adben im Vornere\u00adin min\u00addestens zwei Din\u00adgen. Zum einen den Farb\u00adstoff, mit dem gef\u00e4rbt wird und zweit\u00adens ein Tex\u00adtil, dass&nbsp;mit\u2026<\/p>\n<p> <a class=\"more-link\" href=\"https:\/\/dlf.uzh.ch\/sites\/pigmentedernachhaltigkeit\/2022\/05\/11\/vom-pigment-ins-textil-die-werkzeuge-des-faerbers\/\">Weit\u00ader\u00adlesen<\/a><\/p>\n","protected":false},"author":623,"featured_media":2139,"comment_status":"closed","ping_status":"closed","sticky":false,"template":"","format":"standard","meta":{"_uag_custom_page_level_css":"","wp_typography_post_enhancements_disabled":false,"footnotes":""},"categories":[13],"tags":[28],"class_list":{"0":"post-1300","1":"post","2":"type-post","3":"status-publish","4":"format-standard","5":"has-post-thumbnail","7":"category-vincent","8":"tag-gruppe-2"},"featured_image_src":"https:\/\/dlf.uzh.ch\/sites\/pigmentedernachhaltigkeit\/files\/2022\/05\/Faerber-18.Jh_-2.jpg","author_info":{"display_name":"Vincent Arnold","author_link":"https:\/\/dlf.uzh.ch\/sites\/pigmentedernachhaltigkeit\/author\/vincentarnold\/"},"uagb_featured_image_src":{"full":["https:\/\/dlf.uzh.ch\/sites\/pigmentedernachhaltigkeit\/files\/2022\/05\/Faerber-18.Jh_-2.jpg",800,505,false],"thumbnail":["https:\/\/dlf.uzh.ch\/sites\/pigmentedernachhaltigkeit\/files\/2022\/05\/Faerber-18.Jh_-2-150x150.jpg",150,150,true],"medium":["https:\/\/dlf.uzh.ch\/sites\/pigmentedernachhaltigkeit\/files\/2022\/05\/Faerber-18.Jh_-2-300x189.jpg",300,189,true],"medium_large":["https:\/\/dlf.uzh.ch\/sites\/pigmentedernachhaltigkeit\/files\/2022\/05\/Faerber-18.Jh_-2-768x485.jpg",768,485,true],"large":["https:\/\/dlf.uzh.ch\/sites\/pigmentedernachhaltigkeit\/files\/2022\/05\/Faerber-18.Jh_-2.jpg",800,505,false],"lbsp_12_thumb":["https:\/\/dlf.uzh.ch\/sites\/pigmentedernachhaltigkeit\/files\/2022\/05\/Faerber-18.Jh_-2-500x505.jpg",500,505,true],"lbsp_346_thumb":["https:\/\/dlf.uzh.ch\/sites\/pigmentedernachhaltigkeit\/files\/2022\/05\/Faerber-18.Jh_-2-400x505.jpg",400,505,true],"lbsp_12_same_size_thumb":["https:\/\/dlf.uzh.ch\/sites\/pigmentedernachhaltigkeit\/files\/2022\/05\/Faerber-18.Jh_-2-500x500.jpg",500,500,true],"lbsp_346_same_size_thumb":["https:\/\/dlf.uzh.ch\/sites\/pigmentedernachhaltigkeit\/files\/2022\/05\/Faerber-18.Jh_-2-400x400.jpg",400,400,true],"1536x1536":["https:\/\/dlf.uzh.ch\/sites\/pigmentedernachhaltigkeit\/files\/2022\/05\/Faerber-18.Jh_-2.jpg",800,505,false],"2048x2048":["https:\/\/dlf.uzh.ch\/sites\/pigmentedernachhaltigkeit\/files\/2022\/05\/Faerber-18.Jh_-2.jpg",800,505,false],"a13_navigation_image_size":["https:\/\/dlf.uzh.ch\/sites\/pigmentedernachhaltigkeit\/files\/2022\/05\/Faerber-18.Jh_-2.jpg",158,100,false],"aesop-cover-img":["https:\/\/dlf.uzh.ch\/sites\/pigmentedernachhaltigkeit\/files\/2022\/05\/Faerber-18.Jh_-2.jpg",800,505,false],"aesop-tiny-cover":["https:\/\/dlf.uzh.ch\/sites\/pigmentedernachhaltigkeit\/files\/2022\/05\/Faerber-18.Jh_-2-400x253.jpg",400,253,true],"aesop-component":["https:\/\/dlf.uzh.ch\/sites\/pigmentedernachhaltigkeit\/files\/2022\/05\/Faerber-18.Jh_-2.jpg",800,505,false],"aesop-character":["https:\/\/dlf.uzh.ch\/sites\/pigmentedernachhaltigkeit\/files\/2022\/05\/Faerber-18.Jh_-2-200x200.jpg",200,200,true],"aesop-collection":["https:\/\/dlf.uzh.ch\/sites\/pigmentedernachhaltigkeit\/files\/2022\/05\/Faerber-18.Jh_-2-300x300.jpg",300,300,true],"aesop-grid-image":["https:\/\/dlf.uzh.ch\/sites\/pigmentedernachhaltigkeit\/files\/2022\/05\/Faerber-18.Jh_-2-400x253.jpg",400,253,true]},"uagb_author_info":{"display_name":"Vincent Arnold","author_link":"https:\/\/dlf.uzh.ch\/sites\/pigmentedernachhaltigkeit\/author\/vincentarnold\/"},"uagb_comment_info":0,"uagb_excerpt":"Wer schon ein\u00admal Eier f\u00fcr Ostern gef\u00e4rbt hat, weiss, dass eigentlich nicht viel n\u00f6tig ist, etwas Far\u00adblos\u00ades in etwas Buntes zu ver\u00adwan\u00addeln. Deshalb habe ich mir die Frage gestellt: Was braucht(e) man zum F\u00e4rben? Nat\u00fcr\u00adlich braucht es zum F\u00e4r\u00adben im Vornere\u00adin min\u00addestens zwei Din\u00adgen. Zum einen den Farb\u00adstoff, mit dem gef\u00e4rbt wird und zweit\u00adens ein&hellip;","_links":{"self":[{"href":"https:\/\/dlf.uzh.ch\/sites\/pigmentedernachhaltigkeit\/wp-json\/wp\/v2\/posts\/1300","targetHints":{"allow":["GET"]}}],"collection":[{"href":"https:\/\/dlf.uzh.ch\/sites\/pigmentedernachhaltigkeit\/wp-json\/wp\/v2\/posts"}],"about":[{"href":"https:\/\/dlf.uzh.ch\/sites\/pigmentedernachhaltigkeit\/wp-json\/wp\/v2\/types\/post"}],"author":[{"embeddable":true,"href":"https:\/\/dlf.uzh.ch\/sites\/pigmentedernachhaltigkeit\/wp-json\/wp\/v2\/users\/623"}],"replies":[{"embeddable":true,"href":"https:\/\/dlf.uzh.ch\/sites\/pigmentedernachhaltigkeit\/wp-json\/wp\/v2\/comments?post=1300"}],"version-history":[{"count":9,"href":"https:\/\/dlf.uzh.ch\/sites\/pigmentedernachhaltigkeit\/wp-json\/wp\/v2\/posts\/1300\/revisions"}],"predecessor-version":[{"id":2416,"href":"https:\/\/dlf.uzh.ch\/sites\/pigmentedernachhaltigkeit\/wp-json\/wp\/v2\/posts\/1300\/revisions\/2416"}],"wp:featuredmedia":[{"embeddable":true,"href":"https:\/\/dlf.uzh.ch\/sites\/pigmentedernachhaltigkeit\/wp-json\/wp\/v2\/media\/2139"}],"wp:attachment":[{"href":"https:\/\/dlf.uzh.ch\/sites\/pigmentedernachhaltigkeit\/wp-json\/wp\/v2\/media?parent=1300"}],"wp:term":[{"taxonomy":"category","embeddable":true,"href":"https:\/\/dlf.uzh.ch\/sites\/pigmentedernachhaltigkeit\/wp-json\/wp\/v2\/categories?post=1300"},{"taxonomy":"post_tag","embeddable":true,"href":"https:\/\/dlf.uzh.ch\/sites\/pigmentedernachhaltigkeit\/wp-json\/wp\/v2\/tags?post=1300"}],"curies":[{"name":"wp","href":"https:\/\/api.w.org\/{rel}","templated":true}]}}