{"id":1258,"date":"2022-05-11T14:05:18","date_gmt":"2022-05-11T12:05:18","guid":{"rendered":"https:\/\/dlf.uzh.ch\/sites\/pigmentedernachhaltigkeit\/?p=1258"},"modified":"2022-05-18T12:44:45","modified_gmt":"2022-05-18T10:44:45","slug":"stadt-und-land-in-or-out","status":"publish","type":"post","link":"https:\/\/dlf.uzh.ch\/sites\/pigmentedernachhaltigkeit\/2022\/05\/11\/stadt-und-land-in-or-out\/","title":{"rendered":"Stadt und Land \u2014 In or&nbsp;out?"},"content":{"rendered":"\n<p>Die erste Frage, die sich mir stellte war: Wo ste\u00adhen F\u00e4rbereien?<\/p>\n\n\n\n<p>Dabei ist zwis\u00adchen Stadt und Land zu unter\u00adschei\u00adden. Waren die F\u00e4r\u00adbereien inner\u00adhalb oder ausser\u00adhalb von Ortschaften\/Siedlungen?<\/p>\n\n\n\n<div class=\"wp-block-image\"><figure class=\"aligncenter size-large\"><img loading=\"lazy\" decoding=\"async\" width=\"1024\" height=\"424\" src=\"https:\/\/dlf.uzh.ch\/sites\/pigmentedernachhaltigkeit\/files\/2022\/05\/Zuerich-Faerberei-2-1024x424.jpg\" alt class=\"wp-image-2408\" srcset=\"https:\/\/dlf.uzh.ch\/sites\/pigmentedernachhaltigkeit\/files\/2022\/05\/Zuerich-Faerberei-2-1024x424.jpg 1024w, https:\/\/dlf.uzh.ch\/sites\/pigmentedernachhaltigkeit\/files\/2022\/05\/Zuerich-Faerberei-2-300x124.jpg 300w, https:\/\/dlf.uzh.ch\/sites\/pigmentedernachhaltigkeit\/files\/2022\/05\/Zuerich-Faerberei-2-768x318.jpg 768w, https:\/\/dlf.uzh.ch\/sites\/pigmentedernachhaltigkeit\/files\/2022\/05\/Zuerich-Faerberei-2-1250x518.jpg 1250w, https:\/\/dlf.uzh.ch\/sites\/pigmentedernachhaltigkeit\/files\/2022\/05\/Zuerich-Faerberei-2-400x166.jpg 400w, https:\/\/dlf.uzh.ch\/sites\/pigmentedernachhaltigkeit\/files\/2022\/05\/Zuerich-Faerberei-2.jpg 1516w\" sizes=\"auto, (max-width: 1024px) 100vw, 1024px\"><figcaption><a href=\"https:\/\/suche.staatsarchiv.djiktzh.ch\/detail.aspx?Id=1102824\">https:\/\/suche.staatsarchiv.djiktzh.ch\/detail.aspx?Id=1102824<\/a> [stand: 11.05.2022]<\/figcaption><\/figure><\/div>\n\n\n\n<p>Mein erster Anhalt\u00adspunkt war das<a href=\"https:\/\/dlf.uzh.ch\/sites\/pigmentedernachhaltigkeit\/2021\/09\/24\/workshops-staatsarchiv-zuerich\/\" data-type=\"post\" data-id=\"231\" target=\"_blank\" rel=\"noreferrer noopener\"> Staat\u00adsarchiv Z\u00fcrich<\/a>. Hier ver\u00adsuchte ich Karten zu find\u00aden, welche allf\u00e4l\u00adlige F\u00e4r\u00adbereien zeigen. Dies war gar nicht so ein\u00adfach und das einzige, was ich zun\u00e4chst find\u00aden kon\u00adnte, war auch dieser rot umrahmte Kom\u00adplex aus dem Jahre 1838, der den Stan\u00addort ein\u00ader F\u00e4r\u00adberei in Z\u00fcrich wieder gibt. Was beson\u00adders auf\u00adf\u00e4llt, ist die N\u00e4he zum Wass\u00ader, ohne welch\u00ades nicht gef\u00e4rbt wer\u00adden&nbsp;kann.<\/p>\n\n\n\n<div class=\"wp-block-image\"><figure class=\"aligncenter size-large\"><img loading=\"lazy\" decoding=\"async\" width=\"1024\" height=\"778\" src=\"https:\/\/dlf.uzh.ch\/sites\/pigmentedernachhaltigkeit\/files\/2022\/05\/Die-Stadt-Zuerich-1024x778.jpg\" alt class=\"wp-image-1263\" srcset=\"https:\/\/dlf.uzh.ch\/sites\/pigmentedernachhaltigkeit\/files\/2022\/05\/Die-Stadt-Zuerich-1024x778.jpg 1024w, https:\/\/dlf.uzh.ch\/sites\/pigmentedernachhaltigkeit\/files\/2022\/05\/Die-Stadt-Zuerich-300x228.jpg 300w, https:\/\/dlf.uzh.ch\/sites\/pigmentedernachhaltigkeit\/files\/2022\/05\/Die-Stadt-Zuerich-768x583.jpg 768w, https:\/\/dlf.uzh.ch\/sites\/pigmentedernachhaltigkeit\/files\/2022\/05\/Die-Stadt-Zuerich-1250x949.jpg 1250w, https:\/\/dlf.uzh.ch\/sites\/pigmentedernachhaltigkeit\/files\/2022\/05\/Die-Stadt-Zuerich-400x304.jpg 400w, https:\/\/dlf.uzh.ch\/sites\/pigmentedernachhaltigkeit\/files\/2022\/05\/Die-Stadt-Zuerich.jpg 1280w\" sizes=\"auto, (max-width: 1024px) 100vw, 1024px\"><figcaption><a href=\"https:\/\/commons.wikimedia.org\/wiki\/File:Zurych_Turicum.jpg\">https:\/\/commons.wikimedia.org\/wiki\/File:Zurych_Turicum.jpg<\/a> [stand: 11.05.2022]<\/figcaption><\/figure><\/div>\n\n\n\n<p>Dieses Bild zeigt die Stadt Z\u00fcrich im 16. Jahrhun\u00addert. Wenn man nun die bei\u00adden Bilder \u00fcbere\u00adinan\u00adder leg\u00aden w\u00fcrde, w\u00fcrde man schnell fest\u00adstellen, dass die F\u00e4r\u00adberei nicht nur am Wass\u00ader son\u00addern auch am Stad\u00adtrand gele\u00adgen waren. Auf dem Land l\u00e4sst sich ein \u00e4hn\u00adlich\u00ades Bild find\u00aden, wo die F\u00e4r\u00adbereien in Wass\u00ader n\u00e4he und eher am Rand zu find\u00aden&nbsp;sind.<\/p>\n\n\n\n<p><\/p>\n\n\n\n<h3 class=\"wp-block-heading\">Weitere Beitr\u00e4ge<\/h3>\n\n\n\n\t\t\t<div class=\"wp-block-uagb-post-grid uagb-post-grid  uagb-post__image-position-top uagb-post__image-enabled uagb-block-5ab87832     uagb-post__items uagb-post__columns-3 is-grid uagb-post__columns-tablet-2 uagb-post__columns-mobile-1 uagb-post__equal-height\" data-total=\"2\" style>\n\n\t\t\t\t\t\t\t\t\t\t\t\t<article class=\"uagb-post__inner-wrap\">\t\t\t\t\t\t\t\t<div class=\"uagb-post__image\">\n\t\t\t\t\t\t\t\t\t<a href=\"https:\/\/dlf.uzh.ch\/sites\/pigmentedernachhaltigkeit\/2022\/05\/01\/was-sagt-der-experte-ein-podcast-ueber-farbstoffhandel-mit-pd-dr-alexander-engel\/\" target=\"_self\" rel=\"bookmark noopener noreferrer\" class=\"uagb-image-ratio-inherit\"><img loading=\"lazy\" decoding=\"async\" width=\"300\" height=\"300\" src=\"https:\/\/dlf.uzh.ch\/sites\/pigmentedernachhaltigkeit\/files\/2022\/04\/Indigo-Historische_Farbstoffsammlung-300x300.jpg\" class=\"attachment-aesop-collection size-aesop-collection\" alt srcset=\"https:\/\/dlf.uzh.ch\/sites\/pigmentedernachhaltigkeit\/files\/2022\/04\/Indigo-Historische_Farbstoffsammlung-300x300.jpg 300w, https:\/\/dlf.uzh.ch\/sites\/pigmentedernachhaltigkeit\/files\/2022\/04\/Indigo-Historische_Farbstoffsammlung-150x150.jpg 150w, https:\/\/dlf.uzh.ch\/sites\/pigmentedernachhaltigkeit\/files\/2022\/04\/Indigo-Historische_Farbstoffsammlung-500x500.jpg 500w, https:\/\/dlf.uzh.ch\/sites\/pigmentedernachhaltigkeit\/files\/2022\/04\/Indigo-Historische_Farbstoffsammlung-400x400.jpg 400w, https:\/\/dlf.uzh.ch\/sites\/pigmentedernachhaltigkeit\/files\/2022\/04\/Indigo-Historische_Farbstoffsammlung-200x200.jpg 200w\" sizes=\"auto, (max-width: 300px) 100vw, 300px\">\t\t\t\t\t<\/a>\n\t\t\t\t\t\t\t<\/div>\n\t\t\t\t\t\t<h4 class=\"uagb-post__title uagb-post__text\">\n\t\t\t\t<a href=\"https:\/\/dlf.uzh.ch\/sites\/pigmentedernachhaltigkeit\/2022\/05\/01\/was-sagt-der-experte-ein-podcast-ueber-farbstoffhandel-mit-pd-dr-alexander-engel\/\" target=\"_self\" rel=\"bookmark noopener noreferrer\">Was sagt der Experte? Ein Podcast \u00fcber Farbstoffhandel mit PD Dr. Alexander Engel<\/a>\n\t\t\t<\/h4>\n\t\t\t\t\t\t<div class=\"uagb-post__text uagb-post-grid-byline\">\n\t\t\t\t\t\t\t<\/div>\n\t\t\t\n\t\t\t\t\t\t\t\t\t<\/article>\n\t\t\t\t\t\t\t\t\t\t\t\t\t\t\t\t<article class=\"uagb-post__inner-wrap\">\t\t\t\t\t\t\t\t<div class=\"uagb-post__image\">\n\t\t\t\t\t\t\t\t\t<a href=\"https:\/\/dlf.uzh.ch\/sites\/pigmentedernachhaltigkeit\/2022\/04\/01\/erster-zweiter-stopp-lexma\/\" target=\"_self\" rel=\"bookmark noopener noreferrer\" class=\"uagb-image-ratio-inherit\"><img loading=\"lazy\" decoding=\"async\" width=\"300\" height=\"300\" src=\"https:\/\/dlf.uzh.ch\/sites\/pigmentedernachhaltigkeit\/files\/2022\/04\/MicrosoftTeams-image-300x300.jpg\" class=\"attachment-aesop-collection size-aesop-collection\" alt=\"Garne und Leint\u00fccher werden zum F\u00e4rber gebracht. Gef\u00e4rbte Stoffe h\u00e4ngen\" srcset=\"https:\/\/dlf.uzh.ch\/sites\/pigmentedernachhaltigkeit\/files\/2022\/04\/MicrosoftTeams-image-300x300.jpg 300w, https:\/\/dlf.uzh.ch\/sites\/pigmentedernachhaltigkeit\/files\/2022\/04\/MicrosoftTeams-image-150x150.jpg 150w, https:\/\/dlf.uzh.ch\/sites\/pigmentedernachhaltigkeit\/files\/2022\/04\/MicrosoftTeams-image-500x500.jpg 500w, https:\/\/dlf.uzh.ch\/sites\/pigmentedernachhaltigkeit\/files\/2022\/04\/MicrosoftTeams-image-400x400.jpg 400w, https:\/\/dlf.uzh.ch\/sites\/pigmentedernachhaltigkeit\/files\/2022\/04\/MicrosoftTeams-image-200x200.jpg 200w\" sizes=\"auto, (max-width: 300px) 100vw, 300px\">\t\t\t\t\t<\/a>\n\t\t\t\t\t\t\t<\/div>\n\t\t\t\t\t\t<h4 class=\"uagb-post__title uagb-post__text\">\n\t\t\t\t<a href=\"https:\/\/dlf.uzh.ch\/sites\/pigmentedernachhaltigkeit\/2022\/04\/01\/erster-zweiter-stopp-lexma\/\" target=\"_self\" rel=\"bookmark noopener noreferrer\">Erster\u2026Zweiter Stopp, HLS!<\/a>\n\t\t\t<\/h4>\n\t\t\t\t\t\t<div class=\"uagb-post__text uagb-post-grid-byline\">\n\t\t\t\t\t\t\t<\/div>\n\t\t\t\n\t\t\t\t\t\t\t\t\t<\/article>\n\t\t\t\t\t\t\t\t\t\t\t\t\t\t\t\t<article class=\"uagb-post__inner-wrap\">\t\t\t\t\t\t\t\t<div class=\"uagb-post__image\">\n\t\t\t\t\t\t\t\t\t<a href=\"https:\/\/dlf.uzh.ch\/sites\/pigmentedernachhaltigkeit\/2022\/04\/10\/nachhaltigkeitsgeschichte-was-soll-das-sein\/\" target=\"_self\" rel=\"bookmark noopener noreferrer\" class=\"uagb-image-ratio-inherit\"><img loading=\"lazy\" decoding=\"async\" width=\"300\" height=\"300\" src=\"https:\/\/dlf.uzh.ch\/sites\/pigmentedernachhaltigkeit\/files\/2022\/04\/green-LED-strip-corner-background-colorful-yellow-1625703-pxhere.com_-300x300.jpg\" class=\"attachment-aesop-collection size-aesop-collection\" alt srcset=\"https:\/\/dlf.uzh.ch\/sites\/pigmentedernachhaltigkeit\/files\/2022\/04\/green-LED-strip-corner-background-colorful-yellow-1625703-pxhere.com_-300x300.jpg 300w, https:\/\/dlf.uzh.ch\/sites\/pigmentedernachhaltigkeit\/files\/2022\/04\/green-LED-strip-corner-background-colorful-yellow-1625703-pxhere.com_-150x150.jpg 150w, https:\/\/dlf.uzh.ch\/sites\/pigmentedernachhaltigkeit\/files\/2022\/04\/green-LED-strip-corner-background-colorful-yellow-1625703-pxhere.com_-500x500.jpg 500w, https:\/\/dlf.uzh.ch\/sites\/pigmentedernachhaltigkeit\/files\/2022\/04\/green-LED-strip-corner-background-colorful-yellow-1625703-pxhere.com_-400x400.jpg 400w, https:\/\/dlf.uzh.ch\/sites\/pigmentedernachhaltigkeit\/files\/2022\/04\/green-LED-strip-corner-background-colorful-yellow-1625703-pxhere.com_-200x200.jpg 200w\" sizes=\"auto, (max-width: 300px) 100vw, 300px\">\t\t\t\t\t<\/a>\n\t\t\t\t\t\t\t<\/div>\n\t\t\t\t\t\t<h4 class=\"uagb-post__title uagb-post__text\">\n\t\t\t\t<a href=\"https:\/\/dlf.uzh.ch\/sites\/pigmentedernachhaltigkeit\/2022\/04\/10\/nachhaltigkeitsgeschichte-was-soll-das-sein\/\" target=\"_self\" rel=\"bookmark noopener noreferrer\">Nachhaltigkeitsgeschichte: was soll das&nbsp;sein?<\/a>\n\t\t\t<\/h4>\n\t\t\t\t\t\t<div class=\"uagb-post__text uagb-post-grid-byline\">\n\t\t\t\t\t\t\t<\/div>\n\t\t\t\n\t\t\t\t\t\t\t\t\t<\/article>\n\t\t\t\t\t\t\t\t\t\t\t<\/div>\n\t\t\t","protected":false},"excerpt":{"rendered":"<p>Die erste Frage, die sich mir stellte war: Wo ste\u00adhen F\u00e4r\u00adbereien? Dabei ist zwis\u00adchen Stadt und Land zu unter\u00adschei\u00adden. Waren die F\u00e4r\u00adbereien inner\u00adhalb oder ausser\u00adhalb von Ortschaften\/Siedlungen? Mein erster Anhalt\u00adspunkt war das Staat\u00adsarchiv Z\u00fcrich. Hier ver\u00adsuchte ich Karten zu find\u00aden, welche allf\u00e4l\u00adlige F\u00e4r\u00adbereien zeigen. Dies war gar nicht so ein\u00adfach und das einzige, was ich zun\u00e4chst find\u00aden konnte,\u2026<\/p>\n<p> <a class=\"more-link\" href=\"https:\/\/dlf.uzh.ch\/sites\/pigmentedernachhaltigkeit\/2022\/05\/11\/stadt-und-land-in-or-out\/\">Weit\u00ader\u00adlesen<\/a><\/p>\n","protected":false},"author":623,"featured_media":2138,"comment_status":"closed","ping_status":"closed","sticky":false,"template":"","format":"standard","meta":{"_uag_custom_page_level_css":"","wp_typography_post_enhancements_disabled":false,"footnotes":""},"categories":[13],"tags":[30],"class_list":{"0":"post-1258","1":"post","2":"type-post","3":"status-publish","4":"format-standard","5":"has-post-thumbnail","7":"category-vincent","8":"tag-gruppe-4"},"featured_image_src":"https:\/\/dlf.uzh.ch\/sites\/pigmentedernachhaltigkeit\/files\/2022\/05\/Die-Stadt-Zuerich-1.jpg","author_info":{"display_name":"Vincent Arnold","author_link":"https:\/\/dlf.uzh.ch\/sites\/pigmentedernachhaltigkeit\/author\/vincentarnold\/"},"uagb_featured_image_src":{"full":["https:\/\/dlf.uzh.ch\/sites\/pigmentedernachhaltigkeit\/files\/2022\/05\/Die-Stadt-Zuerich-1.jpg",1280,972,false],"thumbnail":["https:\/\/dlf.uzh.ch\/sites\/pigmentedernachhaltigkeit\/files\/2022\/05\/Die-Stadt-Zuerich-1-150x150.jpg",150,150,true],"medium":["https:\/\/dlf.uzh.ch\/sites\/pigmentedernachhaltigkeit\/files\/2022\/05\/Die-Stadt-Zuerich-1-300x228.jpg",300,228,true],"medium_large":["https:\/\/dlf.uzh.ch\/sites\/pigmentedernachhaltigkeit\/files\/2022\/05\/Die-Stadt-Zuerich-1-768x583.jpg",768,583,true],"large":["https:\/\/dlf.uzh.ch\/sites\/pigmentedernachhaltigkeit\/files\/2022\/05\/Die-Stadt-Zuerich-1-1024x778.jpg",800,608,true],"lbsp_12_thumb":["https:\/\/dlf.uzh.ch\/sites\/pigmentedernachhaltigkeit\/files\/2022\/05\/Die-Stadt-Zuerich-1-500x972.jpg",500,972,true],"lbsp_346_thumb":["https:\/\/dlf.uzh.ch\/sites\/pigmentedernachhaltigkeit\/files\/2022\/05\/Die-Stadt-Zuerich-1-400x972.jpg",400,972,true],"lbsp_12_same_size_thumb":["https:\/\/dlf.uzh.ch\/sites\/pigmentedernachhaltigkeit\/files\/2022\/05\/Die-Stadt-Zuerich-1-500x500.jpg",500,500,true],"lbsp_346_same_size_thumb":["https:\/\/dlf.uzh.ch\/sites\/pigmentedernachhaltigkeit\/files\/2022\/05\/Die-Stadt-Zuerich-1-400x400.jpg",400,400,true],"1536x1536":["https:\/\/dlf.uzh.ch\/sites\/pigmentedernachhaltigkeit\/files\/2022\/05\/Die-Stadt-Zuerich-1.jpg",1280,972,false],"2048x2048":["https:\/\/dlf.uzh.ch\/sites\/pigmentedernachhaltigkeit\/files\/2022\/05\/Die-Stadt-Zuerich-1.jpg",1280,972,false],"a13_navigation_image_size":["https:\/\/dlf.uzh.ch\/sites\/pigmentedernachhaltigkeit\/files\/2022\/05\/Die-Stadt-Zuerich-1.jpg",132,100,false],"aesop-cover-img":["https:\/\/dlf.uzh.ch\/sites\/pigmentedernachhaltigkeit\/files\/2022\/05\/Die-Stadt-Zuerich-1-1250x949.jpg",1250,949,true],"aesop-tiny-cover":["https:\/\/dlf.uzh.ch\/sites\/pigmentedernachhaltigkeit\/files\/2022\/05\/Die-Stadt-Zuerich-1-400x304.jpg",400,304,true],"aesop-component":["https:\/\/dlf.uzh.ch\/sites\/pigmentedernachhaltigkeit\/files\/2022\/05\/Die-Stadt-Zuerich-1-1250x949.jpg",1250,949,true],"aesop-character":["https:\/\/dlf.uzh.ch\/sites\/pigmentedernachhaltigkeit\/files\/2022\/05\/Die-Stadt-Zuerich-1-200x200.jpg",200,200,true],"aesop-collection":["https:\/\/dlf.uzh.ch\/sites\/pigmentedernachhaltigkeit\/files\/2022\/05\/Die-Stadt-Zuerich-1-300x300.jpg",300,300,true],"aesop-grid-image":["https:\/\/dlf.uzh.ch\/sites\/pigmentedernachhaltigkeit\/files\/2022\/05\/Die-Stadt-Zuerich-1-400x304.jpg",400,304,true]},"uagb_author_info":{"display_name":"Vincent Arnold","author_link":"https:\/\/dlf.uzh.ch\/sites\/pigmentedernachhaltigkeit\/author\/vincentarnold\/"},"uagb_comment_info":0,"uagb_excerpt":"Die erste Frage, die sich mir stellte war: Wo ste\u00adhen F\u00e4rbereien? Dabei ist zwis\u00adchen Stadt und Land zu unter\u00adschei\u00adden. Waren die F\u00e4r\u00adbereien inner\u00adhalb oder ausser\u00adhalb von Ortschaften\/Siedlungen? Mein erster Anhalt\u00adspunkt war das Staat\u00adsarchiv Z\u00fcrich. Hier ver\u00adsuchte ich Karten zu find\u00aden, welche allf\u00e4l\u00adlige F\u00e4r\u00adbereien zeigen. Dies war gar nicht so ein\u00adfach und das einzige, was ich&hellip;","_links":{"self":[{"href":"https:\/\/dlf.uzh.ch\/sites\/pigmentedernachhaltigkeit\/wp-json\/wp\/v2\/posts\/1258","targetHints":{"allow":["GET"]}}],"collection":[{"href":"https:\/\/dlf.uzh.ch\/sites\/pigmentedernachhaltigkeit\/wp-json\/wp\/v2\/posts"}],"about":[{"href":"https:\/\/dlf.uzh.ch\/sites\/pigmentedernachhaltigkeit\/wp-json\/wp\/v2\/types\/post"}],"author":[{"embeddable":true,"href":"https:\/\/dlf.uzh.ch\/sites\/pigmentedernachhaltigkeit\/wp-json\/wp\/v2\/users\/623"}],"replies":[{"embeddable":true,"href":"https:\/\/dlf.uzh.ch\/sites\/pigmentedernachhaltigkeit\/wp-json\/wp\/v2\/comments?post=1258"}],"version-history":[{"count":8,"href":"https:\/\/dlf.uzh.ch\/sites\/pigmentedernachhaltigkeit\/wp-json\/wp\/v2\/posts\/1258\/revisions"}],"predecessor-version":[{"id":2475,"href":"https:\/\/dlf.uzh.ch\/sites\/pigmentedernachhaltigkeit\/wp-json\/wp\/v2\/posts\/1258\/revisions\/2475"}],"wp:featuredmedia":[{"embeddable":true,"href":"https:\/\/dlf.uzh.ch\/sites\/pigmentedernachhaltigkeit\/wp-json\/wp\/v2\/media\/2138"}],"wp:attachment":[{"href":"https:\/\/dlf.uzh.ch\/sites\/pigmentedernachhaltigkeit\/wp-json\/wp\/v2\/media?parent=1258"}],"wp:term":[{"taxonomy":"category","embeddable":true,"href":"https:\/\/dlf.uzh.ch\/sites\/pigmentedernachhaltigkeit\/wp-json\/wp\/v2\/categories?post=1258"},{"taxonomy":"post_tag","embeddable":true,"href":"https:\/\/dlf.uzh.ch\/sites\/pigmentedernachhaltigkeit\/wp-json\/wp\/v2\/tags?post=1258"}],"curies":[{"name":"wp","href":"https:\/\/api.w.org\/{rel}","templated":true}]}}