{"id":1207,"date":"2022-04-10T14:30:00","date_gmt":"2022-04-10T12:30:00","guid":{"rendered":"https:\/\/dlf.uzh.ch\/sites\/pigmentedernachhaltigkeit\/?p=1207"},"modified":"2022-05-18T12:51:44","modified_gmt":"2022-05-18T10:51:44","slug":"natuerlich-aus-dem-erdboden-bis-hin-zu-synthetisch-aus-dem-labor-einordnung-von-kuenstlichem-alizarin","status":"publish","type":"post","link":"https:\/\/dlf.uzh.ch\/sites\/pigmentedernachhaltigkeit\/2022\/04\/10\/natuerlich-aus-dem-erdboden-bis-hin-zu-synthetisch-aus-dem-labor-einordnung-von-kuenstlichem-alizarin\/","title":{"rendered":"Nat\u00fcrlich aus dem Erdboden bis hin zu synthetisch aus dem Labor \u2014 Einordnung von k\u00fcnstlichem Alizarin"},"content":{"rendered":"\n<div class=\"wp-block-columns is-layout-flex wp-container-core-columns-is-layout-9d6595d7 wp-block-columns-is-layout-flex\">\n<div class=\"wp-block-column is-layout-flow wp-block-column-is-layout-flow\" style=\"flex-basis:33.33%\">\n<figure class=\"wp-block-image size-full\"><img loading=\"lazy\" decoding=\"async\" width=\"768\" height=\"1024\" src=\"https:\/\/dlf.uzh.ch\/sites\/pigmentedernachhaltigkeit\/files\/2022\/05\/B9D37FDE-BE1C-45BF-B6CA-72D811EBCEBF_1_105_c.jpeg\" alt class=\"wp-image-1373\" srcset=\"https:\/\/dlf.uzh.ch\/sites\/pigmentedernachhaltigkeit\/files\/2022\/05\/B9D37FDE-BE1C-45BF-B6CA-72D811EBCEBF_1_105_c.jpeg 768w, https:\/\/dlf.uzh.ch\/sites\/pigmentedernachhaltigkeit\/files\/2022\/05\/B9D37FDE-BE1C-45BF-B6CA-72D811EBCEBF_1_105_c-225x300.jpeg 225w, https:\/\/dlf.uzh.ch\/sites\/pigmentedernachhaltigkeit\/files\/2022\/05\/B9D37FDE-BE1C-45BF-B6CA-72D811EBCEBF_1_105_c-400x533.jpeg 400w\" sizes=\"auto, (max-width: 768px) 100vw, 768px\"><figcaption>Abbil\u00addung: In den unz\u00e4h\u00adli\u00adgen Schubladen der Abegg-Stiftung liegen his\u00adtorische Tex\u00adtilien, die zum Teil lange vor unser\u00ader Zeitrech\u00adnung ange\u00adfer\u00adtigt wurden.<\/figcaption><\/figure>\n<\/div>\n\n\n\n<div class=\"wp-block-column is-layout-flow wp-block-column-is-layout-flow\" style=\"flex-basis:66.66%\">\n<p>Neben Lit\u00ader\u00adatur\u00adrecherchen habe ich u.a. f\u00fcr diesen Ein\u00adtrag ein auf\u00adschlussre\u00adich\u00ades Gespr\u00e4ch mit Agniesz\u00adka Wo\u015b Juck\u00ader gef\u00fchrt. Sie arbeit\u00adet in der<a rel=\"noreferrer noopener\" href=\"https:\/\/dlf.uzh.ch\/sites\/pigmentedernachhaltigkeit\/2021\/11\/05\/faerbe-workshop-abegg-stiftung\/\" target=\"_blank\"> Abegg-Stiftung<\/a> als Tex\u00adtil\u00adrestau\u00adra\u00adtorin und \u2011Kon\u00adser\u00adva\u00adtorin und ist eine Exper\u00adtin in Sachen Natur\u00adfarb\u00adstof\u00adfen. Einzelne Auss\u00adchnitte aus dem Gespr\u00e4ch sind in diesem Ein\u00adtrag und im Blo\u00adgein\u00adtrag <a href=\"https:\/\/dlf.uzh.ch\/sites\/pigmentedernachhaltigkeit\/2022\/04\/26\/weshalb-die-verdraengung\/\" data-type=\"post\" data-id=\"796\" target=\"_blank\" rel=\"noreferrer noopener\">\u201cVer\u00addr\u00e4n\u00adgung\u201d<\/a> zu&nbsp;h\u00f6ren.<\/p>\n\n\n\n<div class=\"wp-block-buttons is-layout-flex wp-block-buttons-is-layout-flex\">\n<div class=\"wp-block-button is-style-outline is-style-outline--1\"><a class=\"wp-block-button__link\" href=\"https:\/\/abegg-stiftung.ch\/\" target=\"_blank\" rel=\"noreferrer noopener\">https:\/\/abegg-stiftung.ch\/<\/a><\/div>\n<\/div>\n\n\n\n<p>Weit\u00ader\u00adf\u00fchrend: Im <a href=\"https:\/\/dlf.uzh.ch\/sites\/pigmentedernachhaltigkeit\/2021\/11\/06\/faerben-mit-naturfarbstoffen-einfuehrung-uzh\/\" data-type=\"post\" data-id=\"290\" target=\"_blank\" rel=\"noreferrer noopener\">Ein\u00adf\u00fchrungswork\u00adshop zu Farb\u00adstof\u00adfen<\/a> gab uns Agniesz\u00adka Wo\u015b Juck\u00ader Hin\u00adter\u00adgr\u00fcnde und Ein\u00adblicke in die The\u00ado\u00adrie der Farb\u00adstoffe, die wir in einem weit\u00aderen <a href=\"https:\/\/dlf.uzh.ch\/sites\/pigmentedernachhaltigkeit\/2021\/11\/05\/faerbe-workshop-abegg-stiftung\/\" data-type=\"post\" data-id=\"271\" target=\"_blank\" rel=\"noreferrer noopener\">prak\u00adtis\u00adchen Work\u00adshop<\/a> umset\u00adzten konnten.<\/p>\n<\/div>\n<\/div>\n\n\n\n<p>Zur Einord\u00adnung von k\u00fcn\u00adstlichem Alizarin als nat\u00fcr\u00adlich oder syn\u00adthetisch bedarf es einem Kri\u00adteri\u00adum zur Unter\u00adschei\u00addung. In mein\u00ader Recherche bin ich auf zwei \u00fcberzeu\u00adgende Kri\u00adte\u00adrien gestossen:<\/p>\n\n\n\n<p><strong>Kri\u00adteri\u00adum 1 <\/strong>(von Wo\u015b Juck\u00ader): Die Quelle des Farb\u00adstoffs. Die Quelle ist entwed\u00ader nat\u00fcr\u00adlich, d.h. ein Tier oder eine Pflanze oder syn\u00adthetisch, d.h. der Farb\u00adstoff wird aus ver\u00adschiede\u00adnen chemis\u00adchen Sub\u00adstanzen zusammengemischt.<\/p>\n\n\n\n<p><strong>Kri\u00adteri\u00adum 2<\/strong>: Der Farb\u00adstoff kann in dieser Form (mit sein\u00ader chemis\u00adchen Formel) so in der Natur vorkom\u00admen (nat\u00fcr\u00adlich) oder eben nicht (syn\u00adthetisch).<\/p>\n\n\n\n<p><strong>Anil\u00adin\u00adfar\u00adben<\/strong> (die meis\u00adten syn\u00adthetis\u00adchen Far\u00adben vom 19. Jh.) sind g\u00e4n\u00adzlich neu erschaf\u00adfene Produkte\/Farbstoffe (chemis\u00adche Formeln \/ Molek\u00fcle), die es so nicht nat\u00fcr\u00adlich gab. Beispiele hier\u00adf\u00fcr sind Ver\u00adguines Fuchsin (= Magen\u00adta, Anilin Red) oder <a href=\"https:\/\/dlf.uzh.ch\/sites\/pigmentedernachhaltigkeit\/2022\/04\/12\/zeitstrahl-zum-natuerlichen-und-kuenstlichen-alizarin\/\" data-type=\"post\" data-id=\"786\" target=\"_blank\" rel=\"noreferrer noopener\">Mau\u00advein <\/a>(= Anilin Purple).<\/p>\n\n\n\n<p><strong>K\u00fcn\u00adstlich\u00ades Alizarin<\/strong> hinge\u00adgen ist ein\u00adfach die k\u00fcn\u00adstliche Her\u00adstel\u00adlung eines Farb\u00adstoffes, der auch nat\u00fcr\u00adlich vorkommt (also Alizarin). Nat\u00fcr\u00adlich\u00ades und syn\u00adthetis\u00adches Alizarin sind chemisch gese\u00adhen der\u00adselbe Farb\u00adstoff bzw. haben dieselbe chemis\u00adche Formel.<\/p>\n\n\n\n<p>Das heisst gem\u00e4ss erstem Kri\u00adteri\u00adum w\u00e4re k\u00fcn\u00adstlich\u00ades Alizarin ein syn\u00adthetis\u00adch\u00ader Farb\u00adstoff (weil es aus ver\u00adsch. chemis\u00adchen Sub\u00adstanzen im Labor zusam\u00admengemis\u00adcht wird). Gem\u00e4ss zweit\u00adem Kri\u00adteri\u00adum w\u00e4re k\u00fcn\u00adstlich\u00ades Alizarin aber ein nat\u00fcr\u00adlich\u00ader Farb\u00adstoff, weil dieses Molek\u00fcl so auch in der Natur zu find\u00aden ist (man kann es halt auch genau so nach\u00adbauen im&nbsp;Labor).<\/p>\n\n\n\n<p>Farb\u00adstoffe lassen sich also nicht nur in zwei strikt getren\u00adnten Grup\u00adpen von nat\u00fcr\u00adlich und k\u00fcn\u00adstlich ein\u00adteilen. Viel eher ist es ein Ver\u00adlauf mit Zwis\u00adchen\u00adfor\u00admen (Extrak\u00adte, Pr\u00e4\u00adparate) und Mis\u00adchfor\u00admen (k\u00fcn\u00adstlich\u00ades Alizarin, k\u00fcn\u00adstlich\u00ades Indigo).<\/p>\n\n\n\n<div class=\"wp-block-columns is-layout-flex wp-container-core-columns-is-layout-9d6595d7 wp-block-columns-is-layout-flex\">\n<div class=\"wp-block-column is-layout-flow wp-block-column-is-layout-flow\">\n<div class=\"wp-block-buttons is-layout-flex wp-block-buttons-is-layout-flex\">\n<div class=\"wp-block-button\"><a class=\"wp-block-button__link\">nat\u00fcr\u00adlich<\/a><\/div>\n<\/div>\n<\/div>\n\n\n\n<div class=\"wp-block-column is-layout-flow wp-block-column-is-layout-flow\">\n<div class=\"wp-block-buttons is-layout-flex wp-block-buttons-is-layout-flex\">\n<div class=\"wp-block-button has-custom-width wp-block-button__width-100\"><a class=\"wp-block-button__link has-background\" style=\"background:linear-gradient(159deg,rgb(255,203,112) 0%,rgb(199,81,192) 0%,rgb(65,88,208) 27%)\">Natur\u00adfarb\u00adstoff aus Pflanze oder&nbsp;Tier<\/a><\/div>\n<\/div>\n<\/div>\n\n\n\n<div class=\"wp-block-column is-layout-flow wp-block-column-is-layout-flow\">\n<div class=\"wp-block-buttons is-layout-flex wp-block-buttons-is-layout-flex\">\n<div class=\"wp-block-button is-style-outline is-style-outline--2\"><a class=\"wp-block-button__link\">z.B. Alizarin aus&nbsp;Krapp<\/a><\/div>\n<\/div>\n<\/div>\n<\/div>\n\n\n\n<div class=\"wp-block-columns is-layout-flex wp-container-core-columns-is-layout-9d6595d7 wp-block-columns-is-layout-flex\">\n<div class=\"wp-block-column is-layout-flow wp-block-column-is-layout-flow\">\n<div class=\"wp-block-buttons is-layout-flex wp-block-buttons-is-layout-flex\">\n<div class=\"wp-block-button\"><a class=\"wp-block-button__link\">Zwis\u00adchen\u00adform (?)<\/a><\/div>\n<\/div>\n<\/div>\n\n\n\n<div class=\"wp-block-column is-layout-flow wp-block-column-is-layout-flow\">\n<div class=\"wp-block-buttons is-layout-flex wp-block-buttons-is-layout-flex\">\n<div class=\"wp-block-button\"><a class=\"wp-block-button__link has-background\" style=\"background:linear-gradient(135deg,rgb(255,203,112) 0%,rgb(199,81,192) 31%,rgb(65,88,208) 75%)\">Extrak\u00adte, Pr\u00e4parate<\/a><\/div>\n<\/div>\n<\/div>\n\n\n\n<div class=\"wp-block-column is-layout-flow wp-block-column-is-layout-flow\">\n<div class=\"wp-block-buttons is-layout-flex wp-block-buttons-is-layout-flex\">\n<div class=\"wp-block-button is-style-outline is-style-outline--3\"><a class=\"wp-block-button__link\">z.B. Garancin<\/a><\/div>\n<\/div>\n<\/div>\n<\/div>\n\n\n\n<div class=\"wp-block-columns is-layout-flex wp-container-core-columns-is-layout-9d6595d7 wp-block-columns-is-layout-flex\">\n<div class=\"wp-block-column is-layout-flow wp-block-column-is-layout-flow\">\n<div class=\"wp-block-buttons is-layout-flex wp-block-buttons-is-layout-flex\">\n<div class=\"wp-block-button\"><a class=\"wp-block-button__link\">Mis\u00adchform (?)<\/a><\/div>\n<\/div>\n<\/div>\n\n\n\n<div class=\"wp-block-column is-layout-flow wp-block-column-is-layout-flow\">\n<div class=\"wp-block-buttons is-layout-flex wp-block-buttons-is-layout-flex\">\n<div class=\"wp-block-button has-custom-width wp-block-button__width-100\"><a class=\"wp-block-button__link has-background\" style=\"background:linear-gradient(135deg,rgb(255,203,112) 18%,rgb(199,81,192) 64%,rgb(65,88,208) 91%)\">Syn\u00adthetisch hergestell\u00adter Farb\u00adstoff, der so in der Natur auch vorkommt<\/a><\/div>\n<\/div>\n<\/div>\n\n\n\n<div class=\"wp-block-column is-layout-flow wp-block-column-is-layout-flow\">\n<div class=\"wp-block-buttons is-layout-flex wp-block-buttons-is-layout-flex\">\n<div class=\"wp-block-button is-style-outline is-style-outline--4\"><a class=\"wp-block-button__link\">z.B. syn\u00adthetisch hergestelltes Alizarin oder Indigo<\/a><\/div>\n<\/div>\n<\/div>\n<\/div>\n\n\n\n<div class=\"wp-block-columns is-layout-flex wp-container-core-columns-is-layout-9d6595d7 wp-block-columns-is-layout-flex\">\n<div class=\"wp-block-column is-layout-flow wp-block-column-is-layout-flow\">\n<div class=\"wp-block-buttons is-layout-flex wp-block-buttons-is-layout-flex\">\n<div class=\"wp-block-button\"><a class=\"wp-block-button__link\">syn\u00adthetisch<\/a><\/div>\n<\/div>\n<\/div>\n\n\n\n<div class=\"wp-block-column is-layout-flow wp-block-column-is-layout-flow\">\n<div class=\"wp-block-buttons is-layout-flex wp-block-buttons-is-layout-flex\">\n<div class=\"wp-block-button\"><a class=\"wp-block-button__link has-background\" style=\"background:linear-gradient(135deg,rgb(255,203,112) 88%,rgb(199,81,192) 92%,rgb(65,88,208) 100%)\">G\u00e4n\u00adzlich syn\u00adthetis\u00adch\u00ader Farb\u00adstoff, der in dieser Form nicht nat\u00fcr\u00adlich vorkommt<\/a><\/div>\n<\/div>\n<\/div>\n\n\n\n<div class=\"wp-block-column is-layout-flow wp-block-column-is-layout-flow\">\n<div class=\"wp-block-buttons is-layout-flex wp-block-buttons-is-layout-flex\">\n<div class=\"wp-block-button is-style-outline is-style-outline--5\"><a class=\"wp-block-button__link\">z.B. Mau\u00advein<\/a><\/div>\n<\/div>\n<\/div>\n<\/div>\n\n\n\n<p>Im Blog wird von syn\u00adthetis\u00adchem Alizarin die Rede sein, wenn ich das im Labor pro\u00adduzierte Alizarin meine, um Unklarheit\u00aden aus dem Weg zu r\u00e4umen.<\/p>\n\n\n\n<h2 class=\"wp-block-heading\">Zwischen nat\u00fcrlich und k\u00fcnstlich: Extrakte aus F\u00e4rberkrapp&nbsp;<\/h2>\n\n\n\n<figure class=\"wp-block-audio aligncenter\"><audio controls src=\"https:\/\/dlf.uzh.ch\/sites\/pigmentedernachhaltigkeit\/files\/2022\/05\/Palette_hochladen.mp3\"><\/audio><figcaption><em>Die unter\u00adschiedlichen Nuan\u00adcen von Krapp (Auss\u00adchnitt aus dem Gespr\u00e4ch mit Agniesz\u00adka Wo\u015b Jucker)<\/em><\/figcaption><\/figure>\n\n\n\n<p>Krapp besitzt neben Alizarin auch weit\u00adere unter\u00adschiedliche f\u00e4r\u00adbende Inhaltsstoffe (Molek\u00fcle) wie beispiel\u00adsweise Pur\u00adpurin, Pseu\u00addo-Pur\u00adpurin und weit\u00adere. (Ein syn\u00adthetis\u00adch\u00ader Farb\u00adstoff beste\u00adht i.d.R. nur aus einem Molek\u00fcl bzw. aus einem f\u00e4r\u00adben\u00adden&nbsp;Stoff.)<\/p>\n\n\n\n<p>Bei ein\u00ader Vari\u00adante der Extrak\u00adtion wird nun aus dieser bre\u00adit\u00aden Palette der f\u00e4r\u00adben\u00adden Inhaltsstoffe jew\u00adeils <strong>ein Stoff extrahiert <\/strong>(beispiel\u00adsweise aus Krapp nur Alizarin). Wenn man damit f\u00e4rbt, kriegt man eine ein\u00adheitlichere Farbe, als wenn man mit dem ganzen Gemisch an Farb\u00adstof\u00adfen vom Krapp&nbsp;f\u00e4rbt.&nbsp;<\/p>\n\n\n\n<p>Bei ein\u00ader anderen Vari\u00adante der Extrak\u00adtion wer\u00adden die Farb\u00adstoffe aus dem Krapp gel\u00f6st, aus\u00adgedampft und dann <strong>verdickt<\/strong>. Somit erre\u00adichen sie eine viel h\u00f6here Konzen\u00adtra\u00adtion vom Farb\u00adstoff, wom\u00adit man auch eine gr\u00f6ssere Menge an Tex\u00adtil f\u00e4r\u00adben&nbsp;kann.<\/p>\n\n\n\n<p><strong>Pr\u00e4\u00adparate <\/strong>sind die Ergeb\u00adnisse ein\u00ader Extraktion.<\/p>\n\n\n\n<h2 class=\"wp-block-heading\">Das \u201ckommerzielle Alizarin\u201d: Garancin<\/h2>\n\n\n\n<p>Behan\u00addelt man Krapp in mehreren Schrit\u00adten mit Schwe\u00adfel\u00ads\u00e4ure, ergibt sich <strong>Garancin<\/strong>. Das ist eine verdick\u00adte Mis\u00adchung von unter\u00adschiedlichen f\u00e4r\u00adben\u00adden Inhaltsstof\u00adfen von Krapp, also ein Extrakt von Krapp. Garancin ist viel kr\u00e4ftiger (da verdickt). Zum Ver\u00adgle\u00adich: 1 kg Garancin f\u00e4rbt die gle\u00adiche Menge Tex\u00adtil wie 5 kg Krap\u00adp\u00adwurzel. Daher gewann Garancin an Bedeu\u00adtung als \u00abkom\u00admerzielles Alizarin\u00bb im 19. Jh. Um 1862 wurde die H\u00e4lfte der Krapp\u00adpro\u00adduk\u00adtion f\u00fcr Her\u00adstel\u00adlung von Garancin verwendet.<\/p>\n\n\n\n<h2 class=\"wp-block-heading\">Extraktion gibt den Startschuss f\u00fcr synthetisches Alizarin ab<\/h2>\n\n\n\n<figure class=\"wp-block-pullquote alignright has-small-font-size\" style=\"border-radius:43px;border-style:solid;border-width:px;font-style:normal;font-weight:500\"><blockquote><p><strong>Extrak\u00adtionsver\u00adsuche von Krapp haben zur Entste\u00adhung von syn\u00adthetis\u00adchem Alizarin beigetragen<\/strong><\/p><cite>Agniesz\u00adka Wo\u015b Jucker<\/cite><\/blockquote><\/figure>\n\n\n\n<p>Schon im 18. Jh. erregte Krapp das Inter\u00adesse von Wis\u00adsenschaftlern, da es eine so zen\u00adtrale und weit ver\u00adbre\u00adit\u00adete F\u00e4r\u00adberpflanze war. Man wollte ver\u00adste\u00adhen, was Krapp ist, was genau der Stoff ist, der Tex\u00adtilien diese leuch\u00adt\u00aden\u00addrote Farbe ver\u00adlei\u00adht. Schnell hat man fest\u00adgestellt, dass im Krapp ver\u00adschiedene Farb\u00adstoffe enthal\u00adten sein m\u00fcssen. So hat man dann pro\u00adbiert, die einzel\u00adnen Kom\u00adpo\u00adnen\u00adten auseinan\u00adder zu nehmen, bis man Alizarin isolieren kon\u00adnte und die chemis\u00adche Formel fest\u00adstellen kon\u00adnte (<a href=\"https:\/\/dlf.uzh.ch\/sites\/pigmentedernachhaltigkeit\/2022\/04\/12\/zeitstrahl-zum-natuerlichen-und-kuenstlichen-alizarin\/\" data-type=\"post\" data-id=\"786\" target=\"_blank\" rel=\"noreferrer noopener\">1866<\/a>). Bere\u00adits zwei Jahre sp\u00e4ter kon\u00adnte Alizarin zum ersten Mal syn\u00adthetisch hergestellt wer\u00adden (<a href=\"https:\/\/dlf.uzh.ch\/sites\/pigmentedernachhaltigkeit\/2022\/04\/12\/zeitstrahl-zum-natuerlichen-und-kuenstlichen-alizarin\/\" data-type=\"post\" data-id=\"786\" target=\"_blank\" rel=\"noreferrer noopener\">1868<\/a>).<\/p>\n\n\n\n<div class=\"wp-block-buttons is-layout-flex wp-block-buttons-is-layout-flex\">\n<div class=\"wp-block-button is-style-outline is-style-outline--6\"><a class=\"wp-block-button__link has-luminous-vivid-orange-to-vivid-red-gradient-background has-background\"><strong>Mehr erfahren:<\/strong><\/a><\/div>\n\n\n\n<div class=\"wp-block-button is-style-outline is-style-outline--7\"><a class=\"wp-block-button__link\" href=\"https:\/\/dlf.uzh.ch\/sites\/pigmentedernachhaltigkeit\/2022\/04\/26\/weshalb-die-verdraengung\/\">Weshalb die Ver\u00addr\u00e4n\u00adgung von nat\u00fcr\u00adlichem durch syn\u00adthetis\u00adches Alizarin?<\/a><\/div>\n<\/div>\n\n\n\n<div style=\"height:100px\" aria-hidden=\"true\" class=\"wp-block-spacer\"><\/div>\n\n\n\n<hr class=\"wp-block-separator is-style-default\">\n\n\n\n<p class=\"has-small-font-size\"><strong>Rel\u00ade\u00advante Literatur:&nbsp;<\/strong><\/p>\n\n\n\n<p class=\"has-small-font-size\">Anilin, Wikipedia.org, 13.05.2022 &lt;<a href=\"https:\/\/de.wikipedia.org\/wiki\/Anilin\">https:\/\/de.wikipedia.org\/wiki\/Anilin<\/a>&gt;<\/p>\n\n\n\n<p class=\"has-small-font-size\">Anthra\u00adcen, wikipedia.org, 13.05.2022 &lt;<a href=\"https:\/\/de.wikipedia.org\/wiki\/Anthracen\">https:\/\/de.wikipedia.org\/wiki\/Anthracen<\/a>&gt;<\/p>\n\n\n\n<p class=\"has-small-font-size\">Nieto-Galan, Agust\u00ed:&nbsp;Colour\u00ading Tex\u00adtiles. A His\u00adto\u00adry of Nat\u00adur\u00adal Dyestuffs in Indus\u00adtri\u00adal Europe, Dor\u00addrecht 2001.<\/p>\n\n\n\n<p class=\"has-small-font-size\">Gespr\u00e4ch mit Agniesz\u00adka Wo\u015b Juck\u00ader aus der Abegg-Stiftung &lt;<a href=\"https:\/\/abegg-stiftung.ch\/who-is-who\/\">https:\/\/abegg-stiftung.ch\/who-is-who\/<\/a>&gt;<\/p>\n\n\n\n<p class=\"has-small-font-size\">Bildquellen:<\/p>\n\n\n\n<p class=\"has-small-font-size\"><a rel=\"noreferrer noopener\" href=\"https:\/\/commons.wikimedia.org\/w\/index.php?curid=41000386\" target=\"_blank\">Beitrags\u00adbild<\/a><\/p>\n\n\n\n<p><\/p>\n\n\n\n<h3 class=\"wp-block-heading\">Weitere Beitr\u00e4ge<\/h3>\n\n\n\n\t\t\t<div class=\"wp-block-uagb-post-grid uagb-post-grid  uagb-post__image-position-top uagb-post__image-enabled uagb-block-200cc1e0     uagb-post__items uagb-post__columns-3 is-grid uagb-post__columns-tablet-2 uagb-post__columns-mobile-1 uagb-post__equal-height\" data-total=\"2\" style>\n\n\t\t\t\t\t\t\t\t\t\t\t\t<article class=\"uagb-post__inner-wrap\">\t\t\t\t\t\t\t\t<div class=\"uagb-post__image\">\n\t\t\t\t\t\t\t\t\t<a href=\"https:\/\/dlf.uzh.ch\/sites\/pigmentedernachhaltigkeit\/2022\/05\/12\/alte-handwerkskunst-bestaendigkeit-der-materialien\/\" target=\"_self\" rel=\"bookmark noopener noreferrer\" class=\"uagb-image-ratio-inherit\"><img loading=\"lazy\" decoding=\"async\" width=\"300\" height=\"300\" src=\"https:\/\/dlf.uzh.ch\/sites\/pigmentedernachhaltigkeit\/files\/2022\/05\/Kupferkessel-1-300x300.jpg\" class=\"attachment-aesop-collection size-aesop-collection\" alt srcset=\"https:\/\/dlf.uzh.ch\/sites\/pigmentedernachhaltigkeit\/files\/2022\/05\/Kupferkessel-1-300x300.jpg 300w, https:\/\/dlf.uzh.ch\/sites\/pigmentedernachhaltigkeit\/files\/2022\/05\/Kupferkessel-1-150x150.jpg 150w, https:\/\/dlf.uzh.ch\/sites\/pigmentedernachhaltigkeit\/files\/2022\/05\/Kupferkessel-1.jpg 400w, https:\/\/dlf.uzh.ch\/sites\/pigmentedernachhaltigkeit\/files\/2022\/05\/Kupferkessel-1-200x200.jpg 200w\" sizes=\"auto, (max-width: 300px) 100vw, 300px\">\t\t\t\t\t<\/a>\n\t\t\t\t\t\t\t<\/div>\n\t\t\t\t\t\t<h4 class=\"uagb-post__title uagb-post__text\">\n\t\t\t\t<a href=\"https:\/\/dlf.uzh.ch\/sites\/pigmentedernachhaltigkeit\/2022\/05\/12\/alte-handwerkskunst-bestaendigkeit-der-materialien\/\" target=\"_self\" rel=\"bookmark noopener noreferrer\">Alte Handwerkskunst \u2014 Best\u00e4ndigkeit der Materialien<\/a>\n\t\t\t<\/h4>\n\t\t\t\t\t\t<div class=\"uagb-post__text uagb-post-grid-byline\">\n\t\t\t\t\t\t\t<\/div>\n\t\t\t\n\t\t\t\t\t\t\t\t\t<\/article>\n\t\t\t\t\t\t\t\t\t\t\t\t\t\t\t\t<article class=\"uagb-post__inner-wrap\">\t\t\t\t\t\t\t\t<div class=\"uagb-post__image\">\n\t\t\t\t\t\t\t\t\t<a href=\"https:\/\/dlf.uzh.ch\/sites\/pigmentedernachhaltigkeit\/2022\/04\/29\/farbbueechlin-farbbueechlin-in-der-hand-woher-kamen-deine-farbstoffe\/\" target=\"_self\" rel=\"bookmark noopener noreferrer\" class=\"uagb-image-ratio-inherit\"><img loading=\"lazy\" decoding=\"async\" width=\"300\" height=\"300\" src=\"https:\/\/dlf.uzh.ch\/sites\/pigmentedernachhaltigkeit\/files\/2022\/04\/IMG_20220427_135249-300x300.jpg\" class=\"attachment-aesop-collection size-aesop-collection\" alt srcset=\"https:\/\/dlf.uzh.ch\/sites\/pigmentedernachhaltigkeit\/files\/2022\/04\/IMG_20220427_135249-300x300.jpg 300w, https:\/\/dlf.uzh.ch\/sites\/pigmentedernachhaltigkeit\/files\/2022\/04\/IMG_20220427_135249-150x150.jpg 150w, https:\/\/dlf.uzh.ch\/sites\/pigmentedernachhaltigkeit\/files\/2022\/04\/IMG_20220427_135249-500x500.jpg 500w, https:\/\/dlf.uzh.ch\/sites\/pigmentedernachhaltigkeit\/files\/2022\/04\/IMG_20220427_135249-400x400.jpg 400w, https:\/\/dlf.uzh.ch\/sites\/pigmentedernachhaltigkeit\/files\/2022\/04\/IMG_20220427_135249-200x200.jpg 200w\" sizes=\"auto, (max-width: 300px) 100vw, 300px\">\t\t\t\t\t<\/a>\n\t\t\t\t\t\t\t<\/div>\n\t\t\t\t\t\t<h4 class=\"uagb-post__title uagb-post__text\">\n\t\t\t\t<a href=\"https:\/\/dlf.uzh.ch\/sites\/pigmentedernachhaltigkeit\/2022\/04\/29\/farbbueechlin-farbbueechlin-in-der-hand-woher-kamen-deine-farbstoffe\/\" target=\"_self\" rel=\"bookmark noopener noreferrer\">Farbb\u00fcechlin, Farbb\u00fcechlin in der Hand\u2026 Woher kamen deines Meisters Farbstoffe?<\/a>\n\t\t\t<\/h4>\n\t\t\t\t\t\t<div class=\"uagb-post__text uagb-post-grid-byline\">\n\t\t\t\t\t\t\t<\/div>\n\t\t\t\n\t\t\t\t\t\t\t\t\t<\/article>\n\t\t\t\t\t\t\t\t\t\t\t\t\t\t\t\t<article class=\"uagb-post__inner-wrap\">\t\t\t\t\t\t\t\t<div class=\"uagb-post__image\">\n\t\t\t\t\t\t\t\t\t<a href=\"https:\/\/dlf.uzh.ch\/sites\/pigmentedernachhaltigkeit\/2021\/11\/05\/eine-stunde-mit-der-faerberdistel\/\" target=\"_self\" rel=\"bookmark noopener noreferrer\" class=\"uagb-image-ratio-inherit\"><img loading=\"lazy\" decoding=\"async\" width=\"300\" height=\"300\" src=\"https:\/\/dlf.uzh.ch\/sites\/pigmentedernachhaltigkeit\/files\/2022\/04\/AD1083A9-371E-4D66-855D-CCC60B4AF515_1_105_c-1-300x300.jpeg\" class=\"attachment-aesop-collection size-aesop-collection\" alt=\"F\u00e4rberdistelbl\u00e4tter vor dem Auswaschen, \u00fcber Nacht eingelegt in lockerem Leinetuch\" srcset=\"https:\/\/dlf.uzh.ch\/sites\/pigmentedernachhaltigkeit\/files\/2022\/04\/AD1083A9-371E-4D66-855D-CCC60B4AF515_1_105_c-1-300x300.jpeg 300w, https:\/\/dlf.uzh.ch\/sites\/pigmentedernachhaltigkeit\/files\/2022\/04\/AD1083A9-371E-4D66-855D-CCC60B4AF515_1_105_c-1-150x150.jpeg 150w, https:\/\/dlf.uzh.ch\/sites\/pigmentedernachhaltigkeit\/files\/2022\/04\/AD1083A9-371E-4D66-855D-CCC60B4AF515_1_105_c-1-500x500.jpeg 500w, https:\/\/dlf.uzh.ch\/sites\/pigmentedernachhaltigkeit\/files\/2022\/04\/AD1083A9-371E-4D66-855D-CCC60B4AF515_1_105_c-1-400x400.jpeg 400w, https:\/\/dlf.uzh.ch\/sites\/pigmentedernachhaltigkeit\/files\/2022\/04\/AD1083A9-371E-4D66-855D-CCC60B4AF515_1_105_c-1-200x200.jpeg 200w\" sizes=\"auto, (max-width: 300px) 100vw, 300px\">\t\t\t\t\t<\/a>\n\t\t\t\t\t\t\t<\/div>\n\t\t\t\t\t\t<h4 class=\"uagb-post__title uagb-post__text\">\n\t\t\t\t<a href=\"https:\/\/dlf.uzh.ch\/sites\/pigmentedernachhaltigkeit\/2021\/11\/05\/eine-stunde-mit-der-faerberdistel\/\" target=\"_self\" rel=\"bookmark noopener noreferrer\">Eine Stunde mit der F\u00e4rberdistel<\/a>\n\t\t\t<\/h4>\n\t\t\t\t\t\t<div class=\"uagb-post__text uagb-post-grid-byline\">\n\t\t\t\t\t\t\t<\/div>\n\t\t\t\n\t\t\t\t\t\t\t\t\t<\/article>\n\t\t\t\t\t\t\t\t\t\t\t<\/div>\n\t\t\t","protected":false},"excerpt":{"rendered":"<p>Neben Lit\u00ader\u00adatur\u00adrecherchen habe ich u.a. f\u00fcr diesen Ein\u00adtrag ein auf\u00adschlussre\u00adich\u00ades Gespr\u00e4ch mit Agniesz\u00adka Wo\u015b Juck\u00ader gef\u00fchrt. Sie arbeit\u00adet in der Abegg-Stiftung als Tex\u00adtil\u00adrestau\u00adra\u00adtorin und \u2011Kon\u00adser\u00adva\u00adtorin und ist eine Exper\u00adtin in Sachen Natur\u00adfarb\u00adstof\u00adfen. Einzelne Auss\u00adchnitte aus dem Gespr\u00e4ch sind in diesem Ein\u00adtrag und im Blo\u00adgein\u00adtrag \u201cVer\u00addr\u00e4n\u00adgung\u201d zu&nbsp;h\u00f6ren. Weit\u00ader\u00adf\u00fchrend: Im Ein\u00adf\u00fchrungswork\u00adshop zu Farb\u00adstof\u00adfen gab uns Agniesz\u00adka Wo\u015b Juck\u00ader Hin\u00adter\u00adgr\u00fcnde und\u2026<\/p>\n<p> <a class=\"more-link\" href=\"https:\/\/dlf.uzh.ch\/sites\/pigmentedernachhaltigkeit\/2022\/04\/10\/natuerlich-aus-dem-erdboden-bis-hin-zu-synthetisch-aus-dem-labor-einordnung-von-kuenstlichem-alizarin\/\">Weit\u00ader\u00adlesen<\/a><\/p>\n","protected":false},"author":770,"featured_media":1865,"comment_status":"closed","ping_status":"closed","sticky":false,"template":"","format":"standard","meta":{"_uag_custom_page_level_css":"","wp_typography_post_enhancements_disabled":false,"footnotes":""},"categories":[10],"tags":[26],"class_list":{"0":"post-1207","1":"post","2":"type-post","3":"status-publish","4":"format-standard","5":"has-post-thumbnail","7":"category-lucia","8":"tag-gruppe-1"},"featured_image_src":"https:\/\/dlf.uzh.ch\/sites\/pigmentedernachhaltigkeit\/files\/2022\/04\/tuerkischrot-gefaerbte-baumwolle.jpeg","author_info":{"display_name":"lucia","author_link":"https:\/\/dlf.uzh.ch\/sites\/pigmentedernachhaltigkeit\/author\/lucia\/"},"uagb_featured_image_src":{"full":["https:\/\/dlf.uzh.ch\/sites\/pigmentedernachhaltigkeit\/files\/2022\/04\/tuerkischrot-gefaerbte-baumwolle.jpeg",236,301,false],"thumbnail":["https:\/\/dlf.uzh.ch\/sites\/pigmentedernachhaltigkeit\/files\/2022\/04\/tuerkischrot-gefaerbte-baumwolle-150x150.jpeg",150,150,true],"medium":["https:\/\/dlf.uzh.ch\/sites\/pigmentedernachhaltigkeit\/files\/2022\/04\/tuerkischrot-gefaerbte-baumwolle.jpeg",235,300,false],"medium_large":["https:\/\/dlf.uzh.ch\/sites\/pigmentedernachhaltigkeit\/files\/2022\/04\/tuerkischrot-gefaerbte-baumwolle.jpeg",236,301,false],"large":["https:\/\/dlf.uzh.ch\/sites\/pigmentedernachhaltigkeit\/files\/2022\/04\/tuerkischrot-gefaerbte-baumwolle.jpeg",236,301,false],"lbsp_12_thumb":["https:\/\/dlf.uzh.ch\/sites\/pigmentedernachhaltigkeit\/files\/2022\/04\/tuerkischrot-gefaerbte-baumwolle.jpeg",236,301,false],"lbsp_346_thumb":["https:\/\/dlf.uzh.ch\/sites\/pigmentedernachhaltigkeit\/files\/2022\/04\/tuerkischrot-gefaerbte-baumwolle.jpeg",236,301,false],"lbsp_12_same_size_thumb":["https:\/\/dlf.uzh.ch\/sites\/pigmentedernachhaltigkeit\/files\/2022\/04\/tuerkischrot-gefaerbte-baumwolle.jpeg",236,301,false],"lbsp_346_same_size_thumb":["https:\/\/dlf.uzh.ch\/sites\/pigmentedernachhaltigkeit\/files\/2022\/04\/tuerkischrot-gefaerbte-baumwolle.jpeg",236,301,false],"1536x1536":["https:\/\/dlf.uzh.ch\/sites\/pigmentedernachhaltigkeit\/files\/2022\/04\/tuerkischrot-gefaerbte-baumwolle.jpeg",236,301,false],"2048x2048":["https:\/\/dlf.uzh.ch\/sites\/pigmentedernachhaltigkeit\/files\/2022\/04\/tuerkischrot-gefaerbte-baumwolle.jpeg",236,301,false],"a13_navigation_image_size":["https:\/\/dlf.uzh.ch\/sites\/pigmentedernachhaltigkeit\/files\/2022\/04\/tuerkischrot-gefaerbte-baumwolle.jpeg",78,100,false],"aesop-cover-img":["https:\/\/dlf.uzh.ch\/sites\/pigmentedernachhaltigkeit\/files\/2022\/04\/tuerkischrot-gefaerbte-baumwolle.jpeg",236,301,false],"aesop-tiny-cover":["https:\/\/dlf.uzh.ch\/sites\/pigmentedernachhaltigkeit\/files\/2022\/04\/tuerkischrot-gefaerbte-baumwolle.jpeg",236,301,false],"aesop-component":["https:\/\/dlf.uzh.ch\/sites\/pigmentedernachhaltigkeit\/files\/2022\/04\/tuerkischrot-gefaerbte-baumwolle.jpeg",236,301,false],"aesop-character":["https:\/\/dlf.uzh.ch\/sites\/pigmentedernachhaltigkeit\/files\/2022\/04\/tuerkischrot-gefaerbte-baumwolle-200x200.jpeg",200,200,true],"aesop-collection":["https:\/\/dlf.uzh.ch\/sites\/pigmentedernachhaltigkeit\/files\/2022\/04\/tuerkischrot-gefaerbte-baumwolle.jpeg",235,300,false],"aesop-grid-image":["https:\/\/dlf.uzh.ch\/sites\/pigmentedernachhaltigkeit\/files\/2022\/04\/tuerkischrot-gefaerbte-baumwolle.jpeg",236,301,false]},"uagb_author_info":{"display_name":"lucia","author_link":"https:\/\/dlf.uzh.ch\/sites\/pigmentedernachhaltigkeit\/author\/lucia\/"},"uagb_comment_info":0,"uagb_excerpt":"Neben Lit\u00ader\u00adatur\u00adrecherchen habe ich u.a. f\u00fcr diesen Ein\u00adtrag ein auf\u00adschlussre\u00adich\u00ades Gespr\u00e4ch mit Agniesz\u00adka Wo\u015b Juck\u00ader gef\u00fchrt. Sie arbeit\u00adet in der Abegg-Stiftung als Tex\u00adtil\u00adrestau\u00adra\u00adtorin und \u2011Kon\u00adser\u00adva\u00adtorin und ist eine Exper\u00adtin in Sachen Natur\u00adfarb\u00adstof\u00adfen. Einzelne Auss\u00adchnitte aus dem Gespr\u00e4ch sind in diesem Ein\u00adtrag und im Blo\u00adgein\u00adtrag \u201cVer\u00addr\u00e4n\u00adgung\u201d zu&nbsp;h\u00f6ren. Weit\u00ader\u00adf\u00fchrend: Im Ein\u00adf\u00fchrungswork\u00adshop zu Farb\u00adstof\u00adfen gab uns Agniesz\u00adka Wo\u015b&hellip;","_links":{"self":[{"href":"https:\/\/dlf.uzh.ch\/sites\/pigmentedernachhaltigkeit\/wp-json\/wp\/v2\/posts\/1207","targetHints":{"allow":["GET"]}}],"collection":[{"href":"https:\/\/dlf.uzh.ch\/sites\/pigmentedernachhaltigkeit\/wp-json\/wp\/v2\/posts"}],"about":[{"href":"https:\/\/dlf.uzh.ch\/sites\/pigmentedernachhaltigkeit\/wp-json\/wp\/v2\/types\/post"}],"author":[{"embeddable":true,"href":"https:\/\/dlf.uzh.ch\/sites\/pigmentedernachhaltigkeit\/wp-json\/wp\/v2\/users\/770"}],"replies":[{"embeddable":true,"href":"https:\/\/dlf.uzh.ch\/sites\/pigmentedernachhaltigkeit\/wp-json\/wp\/v2\/comments?post=1207"}],"version-history":[{"count":118,"href":"https:\/\/dlf.uzh.ch\/sites\/pigmentedernachhaltigkeit\/wp-json\/wp\/v2\/posts\/1207\/revisions"}],"predecessor-version":[{"id":2488,"href":"https:\/\/dlf.uzh.ch\/sites\/pigmentedernachhaltigkeit\/wp-json\/wp\/v2\/posts\/1207\/revisions\/2488"}],"wp:featuredmedia":[{"embeddable":true,"href":"https:\/\/dlf.uzh.ch\/sites\/pigmentedernachhaltigkeit\/wp-json\/wp\/v2\/media\/1865"}],"wp:attachment":[{"href":"https:\/\/dlf.uzh.ch\/sites\/pigmentedernachhaltigkeit\/wp-json\/wp\/v2\/media?parent=1207"}],"wp:term":[{"taxonomy":"category","embeddable":true,"href":"https:\/\/dlf.uzh.ch\/sites\/pigmentedernachhaltigkeit\/wp-json\/wp\/v2\/categories?post=1207"},{"taxonomy":"post_tag","embeddable":true,"href":"https:\/\/dlf.uzh.ch\/sites\/pigmentedernachhaltigkeit\/wp-json\/wp\/v2\/tags?post=1207"}],"curies":[{"name":"wp","href":"https:\/\/api.w.org\/{rel}","templated":true}]}}