{"id":164,"date":"2025-07-14T16:40:24","date_gmt":"2025-07-14T14:40:24","guid":{"rendered":"https:\/\/dlf.uzh.ch\/sites\/memoriasdelaesclavitud\/?p=164"},"modified":"2025-09-04T12:12:02","modified_gmt":"2025-09-04T10:12:02","slug":"aderivaldo-ramos-de-santana","status":"publish","type":"post","link":"https:\/\/dlf.uzh.ch\/sites\/memoriasdelaesclavitud\/2025\/07\/14\/aderivaldo-ramos-de-santana\/","title":{"rendered":"Aderivaldo Ramos de Santana"},"content":{"rendered":"\n<p><strong><mark style=\"background-color:#fffdf9;color:#d37818\" class=\"has-inline-color\">Aderivaldo Ramos de Santana<\/mark> <\/strong>\u00e9 historiador, doutor em Hist\u00f3ria pela Universidade Sorbonne e p\u00f3s-doutor pela Universidade de Zurique, onde foi bolsista de excel\u00eancia do governo su\u00ed\u00e7o. \u00c9 pesquisador associado do \u00cdT\u00c1N \u2013 Mapeamento de Narrativas Negro-Diasp\u00f3ricas da Universidade Federal Rural do Rio de Janeiro (UFRRJ). Suas pesquisas se concentram na hist\u00f3ria da escravid\u00e3o e do tr\u00e1fico transatl\u00e2ntico de pessoas escravizadas, com \u00eanfase na biografia de sujeitos negros e na participa\u00e7\u00e3o estrangeira nesse com\u00e9rcio, articulando pesquisa em arquivos no Brasil, Europa e \u00c1frica com o compromisso de difundir conhecimento para p\u00fablicos diversos. Foi um dos organizadores do dossi\u00ea <em>170 anos do fim do tr\u00e1fico<\/em> (revista <em>Afro-\u00c1sia<\/em>, 2022), na qual tamb\u00e9m publicou artigo individual. Em 2024, publicou como coautor o livro infanto-juvenil <em>Yaya e os mist\u00e9rios da Caba\u00e7a.<\/em> No mesmo ano publicou os volumes 2 e 3 da cole\u00e7\u00e3o did\u00e1tica <em>Africanidades<\/em>. No ano seguinte, lan\u00e7ou o livro <em>Hist\u00f3ria das religi\u00f5es<\/em> (Cole\u00e7\u00e3o Ci\u00eancia Hoje -CHC \u2013 Especiais SME-SP, 2025). Em colabora\u00e7\u00e3o com Agnes Gehbald e Alain El Youssef, coorganizou o dossi\u00ea <em>Slavery and Print Culture in Latin America and the Caribbean<\/em>, previsto para publica\u00e7\u00e3o no primeiro semestre de 2026 na revista <em>Modern Intellectual History<\/em> (Cambridge). Atualmente, prepara seu novo livro acad\u00eamico, <em>Destinos de Osifekunde: a extraordin\u00e1ria odisseia do comerciante Ijebu escravo no Brasil e homem livre na Fran\u00e7a<\/em>. Aderivaldo tamb\u00e9m atuou como professor em diferentes universidades na Fran\u00e7a. \u00c9 integrante do coletivo Historiadoras Negras e Historiadores Negros (HN), e tem contribu\u00eddo para a promo\u00e7\u00e3o de iniciativas que aproximam mem\u00f3ria, educa\u00e7\u00e3o e justi\u00e7a social.<\/p>\n\n\n\n<p><\/p>\n","protected":false},"excerpt":{"rendered":"<p>Aderivaldo Ramos de Santana \u00e9 historiador, doutor em Hist\u00f3ria pela Universidade Sorbonne e p\u00f3s-doutor pela Universidade de Zurique, onde foi bolsista de excel\u00eancia do governo su\u00ed\u00e7o. \u00c9 pesquisador associado do \u00cdT\u00c1N \u2013 Mapeamento de Narrativas Negro-Diasp\u00f3ricas da Universidade Federal Rural do Rio de Janeiro (UFRRJ). Suas pesquisas se concentram na hist\u00f3ria da escravid\u00e3o e do&hellip; <a class=\"more-link\" href=\"https:\/\/dlf.uzh.ch\/sites\/memoriasdelaesclavitud\/2025\/07\/14\/aderivaldo-ramos-de-santana\/\">Read More <span class=\"screen-reader-text\">Aderivaldo Ramos de Santana<\/span><\/a><\/p>\n","protected":false},"author":967,"featured_media":0,"comment_status":"open","ping_status":"open","sticky":false,"template":"","format":"standard","meta":{"_uag_custom_page_level_css":"","footnotes":""},"categories":[1],"tags":[],"class_list":["post-164","post","type-post","status-publish","format-standard","hentry","category-uncategorized"],"uagb_featured_image_src":{"full":false,"thumbnail":false,"medium":false,"medium_large":false,"large":false,"1536x1536":false,"2048x2048":false,"cerauno-home":false,"cerauno-header":false,"cerauno-site-logo":false},"uagb_author_info":{"display_name":"sohoff","author_link":"https:\/\/dlf.uzh.ch\/sites\/memoriasdelaesclavitud\/author\/sohoff\/"},"uagb_comment_info":0,"uagb_excerpt":"Aderivaldo Ramos de Santana \u00e9 historiador, doutor em Hist\u00f3ria pela Universidade Sorbonne e p\u00f3s-doutor pela Universidade de Zurique, onde foi bolsista de excel\u00eancia do governo su\u00ed\u00e7o. \u00c9 pesquisador associado do \u00cdT\u00c1N \u2013 Mapeamento de Narrativas Negro-Diasp\u00f3ricas da Universidade Federal Rural do Rio de Janeiro (UFRRJ). Suas pesquisas se concentram na hist\u00f3ria da escravid\u00e3o e do&hellip;&hellip;","_links":{"self":[{"href":"https:\/\/dlf.uzh.ch\/sites\/memoriasdelaesclavitud\/wp-json\/wp\/v2\/posts\/164","targetHints":{"allow":["GET"]}}],"collection":[{"href":"https:\/\/dlf.uzh.ch\/sites\/memoriasdelaesclavitud\/wp-json\/wp\/v2\/posts"}],"about":[{"href":"https:\/\/dlf.uzh.ch\/sites\/memoriasdelaesclavitud\/wp-json\/wp\/v2\/types\/post"}],"author":[{"embeddable":true,"href":"https:\/\/dlf.uzh.ch\/sites\/memoriasdelaesclavitud\/wp-json\/wp\/v2\/users\/967"}],"replies":[{"embeddable":true,"href":"https:\/\/dlf.uzh.ch\/sites\/memoriasdelaesclavitud\/wp-json\/wp\/v2\/comments?post=164"}],"version-history":[{"count":3,"href":"https:\/\/dlf.uzh.ch\/sites\/memoriasdelaesclavitud\/wp-json\/wp\/v2\/posts\/164\/revisions"}],"predecessor-version":[{"id":597,"href":"https:\/\/dlf.uzh.ch\/sites\/memoriasdelaesclavitud\/wp-json\/wp\/v2\/posts\/164\/revisions\/597"}],"wp:attachment":[{"href":"https:\/\/dlf.uzh.ch\/sites\/memoriasdelaesclavitud\/wp-json\/wp\/v2\/media?parent=164"}],"wp:term":[{"taxonomy":"category","embeddable":true,"href":"https:\/\/dlf.uzh.ch\/sites\/memoriasdelaesclavitud\/wp-json\/wp\/v2\/categories?post=164"},{"taxonomy":"post_tag","embeddable":true,"href":"https:\/\/dlf.uzh.ch\/sites\/memoriasdelaesclavitud\/wp-json\/wp\/v2\/tags?post=164"}],"curies":[{"name":"wp","href":"https:\/\/api.w.org\/{rel}","templated":true}]}}