{"id":163,"date":"2025-07-14T16:40:24","date_gmt":"2025-07-14T14:40:24","guid":{"rendered":"https:\/\/dlf.uzh.ch\/sites\/memoriasdelaesclavitud\/?p=163"},"modified":"2025-08-26T12:49:34","modified_gmt":"2025-08-26T10:49:34","slug":"adriana-lopez-labourdette","status":"publish","type":"post","link":"https:\/\/dlf.uzh.ch\/sites\/memoriasdelaesclavitud\/2025\/07\/14\/adriana-lopez-labourdette\/","title":{"rendered":"Adriana L\u00f3pez-Labourdette"},"content":{"rendered":"\n<p><strong><mark style=\"background-color:#fffdf9;color:#e04a14\" class=\"has-inline-color\">Adriana L\u00f3pez-Labourdette<\/mark><\/strong> es catedr\u00e1tica de estudios literarios y culturales latinoamericanos en la Universidad de Z\u00farich y directora del Centro Latinoamericano de Z\u00farich (LZZ). Sus \u00e1reas de investigaci\u00f3n vinculan los estudios est\u00e9ticos y los estudios culturales desde una perspectiva post\/decolonial, abarcando temas como culturas residuales, cuerpos extra\/ordinarios, migraciones, memorias de la esclavitud, estudios animales y de vocalidad. Ha colaborado con diversas universidades de Am\u00e9rica Latina, del Caribe y de Europa. Junto a numerosos art\u00edculos acad\u00e9micos publicados tanto en Europa como en las Am\u00e9ricas, ha publicado (junto con Valeria Wagner), el volumen colectivo, <em>Sobras espectrales. Gestiones est\u00e9tico-pol\u00edticas de los residuos <\/em>(2022), <em>El retorno del monstruo. Figuraciones de lo monstruoso en la literatura hisp\u00e1nica contempor\u00e1nea<\/em>\u00a0(de su autor\u00eda, 2023), el dossier <em>Pulsi\u00f3n entomol\u00f3gica e imaginarios invertebrados en Am\u00e9rica Latina y el Caribe <\/em>(Junto a Tom\u00e1s Bartoletti), en Revista 452\u00b0 F (2024) y el dossier (con Eduardo J. de Oliveira) <em>Voces que cuentan. Materialidades da voz na narrativa e poes\u00eda latino-americanas<\/em>\u00a0(2024). Actualmente est\u00e1 preparando su pr\u00f3ximo libro, <em>Textederos. Literatura y vertederos en Am\u00e9rica Latina y el Caribe<\/em>.<\/p>\n","protected":false},"excerpt":{"rendered":"<p>Adriana L\u00f3pez-Labourdette es catedr\u00e1tica de estudios literarios y culturales latinoamericanos en la Universidad de Z\u00farich y directora del Centro Latinoamericano de Z\u00farich (LZZ). Sus \u00e1reas de investigaci\u00f3n vinculan los estudios est\u00e9ticos y los estudios culturales desde una perspectiva post\/decolonial, abarcando temas como culturas residuales, cuerpos extra\/ordinarios, migraciones, memorias de la esclavitud, estudios animales y de&hellip; <a class=\"more-link\" href=\"https:\/\/dlf.uzh.ch\/sites\/memoriasdelaesclavitud\/2025\/07\/14\/adriana-lopez-labourdette\/\">Read More <span class=\"screen-reader-text\">Adriana L\u00f3pez-Labourdette<\/span><\/a><\/p>\n","protected":false},"author":967,"featured_media":0,"comment_status":"open","ping_status":"open","sticky":false,"template":"","format":"standard","meta":{"_uag_custom_page_level_css":"","footnotes":""},"categories":[1],"tags":[],"class_list":["post-163","post","type-post","status-publish","format-standard","hentry","category-uncategorized"],"uagb_featured_image_src":{"full":false,"thumbnail":false,"medium":false,"medium_large":false,"large":false,"1536x1536":false,"2048x2048":false,"cerauno-home":false,"cerauno-header":false,"cerauno-site-logo":false},"uagb_author_info":{"display_name":"sohoff","author_link":"https:\/\/dlf.uzh.ch\/sites\/memoriasdelaesclavitud\/author\/sohoff\/"},"uagb_comment_info":0,"uagb_excerpt":"Adriana L\u00f3pez-Labourdette es catedr\u00e1tica de estudios literarios y culturales latinoamericanos en la Universidad de Z\u00farich y directora del Centro Latinoamericano de Z\u00farich (LZZ). Sus \u00e1reas de investigaci\u00f3n vinculan los estudios est\u00e9ticos y los estudios culturales desde una perspectiva post\/decolonial, abarcando temas como culturas residuales, cuerpos extra\/ordinarios, migraciones, memorias de la esclavitud, estudios animales y de&hellip;&hellip;","_links":{"self":[{"href":"https:\/\/dlf.uzh.ch\/sites\/memoriasdelaesclavitud\/wp-json\/wp\/v2\/posts\/163","targetHints":{"allow":["GET"]}}],"collection":[{"href":"https:\/\/dlf.uzh.ch\/sites\/memoriasdelaesclavitud\/wp-json\/wp\/v2\/posts"}],"about":[{"href":"https:\/\/dlf.uzh.ch\/sites\/memoriasdelaesclavitud\/wp-json\/wp\/v2\/types\/post"}],"author":[{"embeddable":true,"href":"https:\/\/dlf.uzh.ch\/sites\/memoriasdelaesclavitud\/wp-json\/wp\/v2\/users\/967"}],"replies":[{"embeddable":true,"href":"https:\/\/dlf.uzh.ch\/sites\/memoriasdelaesclavitud\/wp-json\/wp\/v2\/comments?post=163"}],"version-history":[{"count":4,"href":"https:\/\/dlf.uzh.ch\/sites\/memoriasdelaesclavitud\/wp-json\/wp\/v2\/posts\/163\/revisions"}],"predecessor-version":[{"id":462,"href":"https:\/\/dlf.uzh.ch\/sites\/memoriasdelaesclavitud\/wp-json\/wp\/v2\/posts\/163\/revisions\/462"}],"wp:attachment":[{"href":"https:\/\/dlf.uzh.ch\/sites\/memoriasdelaesclavitud\/wp-json\/wp\/v2\/media?parent=163"}],"wp:term":[{"taxonomy":"category","embeddable":true,"href":"https:\/\/dlf.uzh.ch\/sites\/memoriasdelaesclavitud\/wp-json\/wp\/v2\/categories?post=163"},{"taxonomy":"post_tag","embeddable":true,"href":"https:\/\/dlf.uzh.ch\/sites\/memoriasdelaesclavitud\/wp-json\/wp\/v2\/tags?post=163"}],"curies":[{"name":"wp","href":"https:\/\/api.w.org\/{rel}","templated":true}]}}