{"id":131,"date":"2025-07-14T16:27:08","date_gmt":"2025-07-14T14:27:08","guid":{"rendered":"https:\/\/dlf.uzh.ch\/sites\/memoriasdelaesclavitud\/?p=131"},"modified":"2025-08-26T12:54:41","modified_gmt":"2025-08-26T10:54:41","slug":"roberto-zaugg","status":"publish","type":"post","link":"https:\/\/dlf.uzh.ch\/sites\/memoriasdelaesclavitud\/2025\/07\/14\/roberto-zaugg\/","title":{"rendered":"Roberto Zaugg"},"content":{"rendered":"\n<p><strong><mark style=\"background-color:#fffdf9;color:#e04a14\" class=\"has-inline-color\">Roberto Zaugg<\/mark><\/strong> es profesor de Historia Moderna en la Universidad de Z\u00farich. Tras estudiar en Florencia y doctorarse en N\u00e1poles, ha trabajado en Basilea, Par\u00eds, Lausana y Berna. En a\u00f1os recientes, ha investigado la participaci\u00f3n alemana en el comercio transatl\u00e1ntico de esclavos, las conexiones globales de la Pen\u00ednsula It\u00e1lica y las culturas materiales de las monarqu\u00edas sagradas en el \u00c1frica Occidental precolonial. Junto con Craig Koslofsky ha publicado <em>A German Barber-Surgeon in the Atlantic Slave Trade: The Seventeenth-Century Journal of Johann Peter Oettinger<\/em> (University of Virginia Press, 2020).<\/p>\n\n\n\n<p><\/p>\n","protected":false},"excerpt":{"rendered":"<p>Roberto Zaugg es profesor de Historia Moderna en la Universidad de Z\u00farich. Tras estudiar en Florencia y doctorarse en N\u00e1poles, ha trabajado en Basilea, Par\u00eds, Lausana y Berna. En a\u00f1os recientes, ha investigado la participaci\u00f3n alemana en el comercio transatl\u00e1ntico de esclavos, las conexiones globales de la Pen\u00ednsula It\u00e1lica y las culturas materiales de las&hellip; <a class=\"more-link\" href=\"https:\/\/dlf.uzh.ch\/sites\/memoriasdelaesclavitud\/2025\/07\/14\/roberto-zaugg\/\">Read More <span class=\"screen-reader-text\">Roberto Zaugg<\/span><\/a><\/p>\n","protected":false},"author":967,"featured_media":0,"comment_status":"open","ping_status":"open","sticky":false,"template":"","format":"standard","meta":{"_uag_custom_page_level_css":"","footnotes":""},"categories":[1],"tags":[],"class_list":["post-131","post","type-post","status-publish","format-standard","hentry","category-uncategorized"],"uagb_featured_image_src":{"full":false,"thumbnail":false,"medium":false,"medium_large":false,"large":false,"1536x1536":false,"2048x2048":false,"cerauno-home":false,"cerauno-header":false,"cerauno-site-logo":false},"uagb_author_info":{"display_name":"sohoff","author_link":"https:\/\/dlf.uzh.ch\/sites\/memoriasdelaesclavitud\/author\/sohoff\/"},"uagb_comment_info":0,"uagb_excerpt":"Roberto Zaugg es profesor de Historia Moderna en la Universidad de Z\u00farich. Tras estudiar en Florencia y doctorarse en N\u00e1poles, ha trabajado en Basilea, Par\u00eds, Lausana y Berna. En a\u00f1os recientes, ha investigado la participaci\u00f3n alemana en el comercio transatl\u00e1ntico de esclavos, las conexiones globales de la Pen\u00ednsula It\u00e1lica y las culturas materiales de las&hellip;&hellip;","_links":{"self":[{"href":"https:\/\/dlf.uzh.ch\/sites\/memoriasdelaesclavitud\/wp-json\/wp\/v2\/posts\/131","targetHints":{"allow":["GET"]}}],"collection":[{"href":"https:\/\/dlf.uzh.ch\/sites\/memoriasdelaesclavitud\/wp-json\/wp\/v2\/posts"}],"about":[{"href":"https:\/\/dlf.uzh.ch\/sites\/memoriasdelaesclavitud\/wp-json\/wp\/v2\/types\/post"}],"author":[{"embeddable":true,"href":"https:\/\/dlf.uzh.ch\/sites\/memoriasdelaesclavitud\/wp-json\/wp\/v2\/users\/967"}],"replies":[{"embeddable":true,"href":"https:\/\/dlf.uzh.ch\/sites\/memoriasdelaesclavitud\/wp-json\/wp\/v2\/comments?post=131"}],"version-history":[{"count":4,"href":"https:\/\/dlf.uzh.ch\/sites\/memoriasdelaesclavitud\/wp-json\/wp\/v2\/posts\/131\/revisions"}],"predecessor-version":[{"id":472,"href":"https:\/\/dlf.uzh.ch\/sites\/memoriasdelaesclavitud\/wp-json\/wp\/v2\/posts\/131\/revisions\/472"}],"wp:attachment":[{"href":"https:\/\/dlf.uzh.ch\/sites\/memoriasdelaesclavitud\/wp-json\/wp\/v2\/media?parent=131"}],"wp:term":[{"taxonomy":"category","embeddable":true,"href":"https:\/\/dlf.uzh.ch\/sites\/memoriasdelaesclavitud\/wp-json\/wp\/v2\/categories?post=131"},{"taxonomy":"post_tag","embeddable":true,"href":"https:\/\/dlf.uzh.ch\/sites\/memoriasdelaesclavitud\/wp-json\/wp\/v2\/tags?post=131"}],"curies":[{"name":"wp","href":"https:\/\/api.w.org\/{rel}","templated":true}]}}