{"id":124,"date":"2025-07-14T16:27:08","date_gmt":"2025-07-14T14:27:08","guid":{"rendered":"https:\/\/dlf.uzh.ch\/sites\/memoriasdelaesclavitud\/?p=124"},"modified":"2025-08-26T15:22:33","modified_gmt":"2025-08-26T13:22:33","slug":"flavia-pontes-espindola","status":"publish","type":"post","link":"https:\/\/dlf.uzh.ch\/sites\/memoriasdelaesclavitud\/2025\/07\/14\/flavia-pontes-espindola\/","title":{"rendered":"Fl\u00e1via Pontes Esp\u00edndola"},"content":{"rendered":"\n<p><strong><mark style=\"background-color:#fffdf9;color:#d37818\" class=\"has-inline-color\">Fl\u00e1via Esp\u00edndola<\/mark><\/strong> \u00e9 estudante de doutorado no Departamento de Estudos Espanh\u00f3is, Portugueses e Latino-Americanos (SPLAS) da University College Cork. Ela faz parte do projeto ARTFICTIONS (Assessing the Contemporary Art Novel in Spanish and Portuguese: Cultural Labour, Personal Identification and the Materialisation of Alternative Art Worlds). Flavia estudou o programa de mestrado Erasmus Mundus <em>Crossways in Cultural Narratives<\/em> pela Universidade de Santiago de Compostela (ES), Universidade Nova de Lisboa (PT) e Universidade de Sheffield (UK). Seus interesses de pesquisa s\u00e3o baseados em Literatura, Estudos Culturais, Estudos Decoloniais e Artes. Atualmente, ela est\u00e1 desenvolvendo seu<br>projeto de doutorado, que se concentra em explorar o conceito filos\u00f3fico brasileiro <em>Lugar de Fala<\/em> de Djamila Ribeiro na literatura.<\/p>\n\n\n\n<p><\/p>\n","protected":false},"excerpt":{"rendered":"<p>Fl\u00e1via Esp\u00edndola \u00e9 estudante de doutorado no Departamento de Estudos Espanh\u00f3is, Portugueses e Latino-Americanos (SPLAS) da University College Cork. Ela faz parte do projeto ARTFICTIONS (Assessing the Contemporary Art Novel in Spanish and Portuguese: Cultural Labour, Personal Identification and the Materialisation of Alternative Art Worlds). Flavia estudou o programa de mestrado Erasmus Mundus Crossways in&hellip; <a class=\"more-link\" href=\"https:\/\/dlf.uzh.ch\/sites\/memoriasdelaesclavitud\/2025\/07\/14\/flavia-pontes-espindola\/\">Read More <span class=\"screen-reader-text\">Fl\u00e1via Pontes Esp\u00edndola<\/span><\/a><\/p>\n","protected":false},"author":967,"featured_media":0,"comment_status":"open","ping_status":"open","sticky":false,"template":"","format":"standard","meta":{"_uag_custom_page_level_css":"","footnotes":""},"categories":[1],"tags":[],"class_list":["post-124","post","type-post","status-publish","format-standard","hentry","category-uncategorized"],"uagb_featured_image_src":{"full":false,"thumbnail":false,"medium":false,"medium_large":false,"large":false,"1536x1536":false,"2048x2048":false,"cerauno-home":false,"cerauno-header":false,"cerauno-site-logo":false},"uagb_author_info":{"display_name":"sohoff","author_link":"https:\/\/dlf.uzh.ch\/sites\/memoriasdelaesclavitud\/author\/sohoff\/"},"uagb_comment_info":0,"uagb_excerpt":"Fl\u00e1via Esp\u00edndola \u00e9 estudante de doutorado no Departamento de Estudos Espanh\u00f3is, Portugueses e Latino-Americanos (SPLAS) da University College Cork. Ela faz parte do projeto ARTFICTIONS (Assessing the Contemporary Art Novel in Spanish and Portuguese: Cultural Labour, Personal Identification and the Materialisation of Alternative Art Worlds). Flavia estudou o programa de mestrado Erasmus Mundus Crossways in&hellip;&hellip;","_links":{"self":[{"href":"https:\/\/dlf.uzh.ch\/sites\/memoriasdelaesclavitud\/wp-json\/wp\/v2\/posts\/124","targetHints":{"allow":["GET"]}}],"collection":[{"href":"https:\/\/dlf.uzh.ch\/sites\/memoriasdelaesclavitud\/wp-json\/wp\/v2\/posts"}],"about":[{"href":"https:\/\/dlf.uzh.ch\/sites\/memoriasdelaesclavitud\/wp-json\/wp\/v2\/types\/post"}],"author":[{"embeddable":true,"href":"https:\/\/dlf.uzh.ch\/sites\/memoriasdelaesclavitud\/wp-json\/wp\/v2\/users\/967"}],"replies":[{"embeddable":true,"href":"https:\/\/dlf.uzh.ch\/sites\/memoriasdelaesclavitud\/wp-json\/wp\/v2\/comments?post=124"}],"version-history":[{"count":6,"href":"https:\/\/dlf.uzh.ch\/sites\/memoriasdelaesclavitud\/wp-json\/wp\/v2\/posts\/124\/revisions"}],"predecessor-version":[{"id":489,"href":"https:\/\/dlf.uzh.ch\/sites\/memoriasdelaesclavitud\/wp-json\/wp\/v2\/posts\/124\/revisions\/489"}],"wp:attachment":[{"href":"https:\/\/dlf.uzh.ch\/sites\/memoriasdelaesclavitud\/wp-json\/wp\/v2\/media?parent=124"}],"wp:term":[{"taxonomy":"category","embeddable":true,"href":"https:\/\/dlf.uzh.ch\/sites\/memoriasdelaesclavitud\/wp-json\/wp\/v2\/categories?post=124"},{"taxonomy":"post_tag","embeddable":true,"href":"https:\/\/dlf.uzh.ch\/sites\/memoriasdelaesclavitud\/wp-json\/wp\/v2\/tags?post=124"}],"curies":[{"name":"wp","href":"https:\/\/api.w.org\/{rel}","templated":true}]}}